{"id":29279,"date":"2026-05-09T10:35:00","date_gmt":"2026-05-09T15:35:00","guid":{"rendered":"https:\/\/foreverfutbol.com.ec\/radio\/?p=29279"},"modified":"2026-05-08T14:29:15","modified_gmt":"2026-05-08T19:29:15","slug":"cuando-es-el-dia-de-la-madre-en-ecuador-en-2026","status":"publish","type":"post","link":"https:\/\/foreverfutbol.com.ec\/radio\/sucesos\/cuando-es-el-dia-de-la-madre-en-ecuador-en-2026\/","title":{"rendered":"\u00bfCu\u00e1ndo es el D\u00eda de la Madre en Ecuador en 2026?"},"content":{"rendered":"\n<p class=\"wp-block-paragraph\">El <strong>D\u00eda de la Madre en Ecuador<\/strong> se celebrar\u00e1 el <strong>domingo 10 de mayo de 2026<\/strong>, manteniendo la tradici\u00f3n de festejar esta fecha el segundo domingo de mayo de cada a\u00f1o. Esta celebraci\u00f3n es una de las m\u00e1s importantes para las familias ecuatorianas, ya que representa un momento especial para agradecer el amor, esfuerzo y dedicaci\u00f3n de las madres.<\/p>\n\n\n\n<p class=\"wp-block-paragraph\">Aunque no se trata de un feriado nacional, el D\u00eda de la Madre genera gran movimiento en todo el pa\u00eds. Restaurantes, centros comerciales, hoteles y florister\u00edas suelen registrar un aumento importante de clientes durante esta fecha. Adem\u00e1s, muchas instituciones educativas organizan homenajes, bailes y programas especiales dedicados a las madres.<\/p>\n\n\n\n<p class=\"wp-block-paragraph\">El origen moderno del D\u00eda de la Madre naci\u00f3 en Estados Unidos a inicios del siglo XX gracias a Anna Jarvis, quien impuls\u00f3 una campa\u00f1a para honrar la memoria de su madre. En 1914, el presidente Woodrow Wilson oficializ\u00f3 el segundo domingo de mayo como una fecha especial para reconocer a las madres, tradici\u00f3n que luego se extendi\u00f3 a varios pa\u00edses, incluido Ecuador.<\/p>\n\n\n\n<p class=\"wp-block-paragraph\">En Ecuador, esta celebraci\u00f3n suele estar acompa\u00f1ada de reuniones familiares, almuerzos especiales y serenatas. Muchas personas aprovechan el d\u00eda para compartir tiempo en familia y entregar regalos como flores, perfumes, ropa, chocolates o desayunos sorpresa. Tambi\u00e9n es com\u00fan que los hijos preparen cartas y detalles personalizados.<\/p>\n\n\n\n<p class=\"wp-block-paragraph\">Durante los d\u00edas previos, varios negocios lanzan promociones especiales enfocadas en regalos y experiencias familiares. Los restaurantes son algunos de los lugares m\u00e1s visitados durante esta jornada, especialmente en ciudades como Guayaquil, Quito y Cuenca.<\/p>\n\n\n\n<p class=\"wp-block-paragraph\">Aunque Ecuador celebra esta fecha en mayo, otros pa\u00edses tienen d\u00edas diferentes para homenajear a las madres. En Espa\u00f1a se celebra el primer domingo de mayo, mientras que en Argentina se conmemora el tercer domingo de octubre.<\/p>\n\n\n\n<h2 class=\"wp-block-heading\"><\/h2>\n","protected":false},"excerpt":{"rendered":"<p>El D\u00eda de la Madre en Ecuador se celebrar\u00e1 el domingo 10 de mayo de 2026, manteniendo la tradici\u00f3n de festejar esta fecha el segundo domingo de mayo de cada a\u00f1o. Esta celebraci\u00f3n es una de las m\u00e1s importantes para las familias ecuatorianas, ya que representa un momento especial para agradecer el amor, esfuerzo y [&hellip;]<\/p>\n","protected":false},"author":1,"featured_media":29280,"comment_status":"open","ping_status":"open","sticky":false,"template":"","format":"standard","meta":{"footnotes":""},"categories":[55,51],"tags":[],"class_list":["post-29279","post","type-post","status-publish","format-standard","has-post-thumbnail","hentry","category-social","category-sucesos"],"yoast_head":"<!-- This site is optimized with the Yoast SEO plugin v28.3 - https:\/\/yoast.com\/product\/yoast-seo-wordpress\/ -->\n<title>\u00bfCu\u00e1ndo es el D\u00eda de la Madre en Ecuador en 2026? - 92.5 FOREVER Radio<\/title>\n<meta name=\"description\" content=\"Conozca cu\u00e1ndo se celebra el D\u00eda de la Madre en Ecuador en 2026, su origen, tradiciones familiares y c\u00f3mo millones de ecuatorianos\" \/>\n<meta name=\"robots\" content=\"index, follow, max-snippet:-1, max-image-preview:large, max-video-preview:-1\" \/>\n<link rel=\"canonical\" href=\"https:\/\/foreverfutbol.com.ec\/radio\/sucesos\/cuando-es-el-dia-de-la-madre-en-ecuador-en-2026\/\" \/>\n<meta property=\"og:locale\" content=\"es_ES\" \/>\n<meta property=\"og:type\" content=\"article\" \/>\n<meta property=\"og:title\" content=\"\u00bfCu\u00e1ndo es el D\u00eda de la Madre en Ecuador en 2026? - 92.5 FOREVER Radio\" \/>\n<meta property=\"og:description\" content=\"Conozca cu\u00e1ndo se celebra el D\u00eda de la Madre en Ecuador en 2026, su origen, tradiciones familiares y c\u00f3mo millones de ecuatorianos\" \/>\n<meta property=\"og:url\" content=\"https:\/\/foreverfutbol.com.ec\/radio\/sucesos\/cuando-es-el-dia-de-la-madre-en-ecuador-en-2026\/\" \/>\n<meta property=\"og:site_name\" content=\"92.5 FOREVER Radio\" \/>\n<meta property=\"article:publisher\" content=\"https:\/\/www.facebook.com\/profile.php?id=100063550693491\" \/>\n<meta property=\"article:published_time\" content=\"2026-05-09T15:35:00+00:00\" \/>\n<meta property=\"og:image\" content=\"https:\/\/foreverfutbol.com.ec\/radio\/wp-content\/uploads\/2026\/05\/image-44-1-1.webp\" \/>\n\t<meta property=\"og:image:width\" content=\"1005\" \/>\n\t<meta property=\"og:image:height\" content=\"670\" \/>\n\t<meta property=\"og:image:type\" content=\"image\/webp\" \/>\n<meta name=\"author\" content=\"Ricardo Rodriguez\" \/>\n<meta name=\"twitter:card\" content=\"summary_large_image\" \/>\n<meta name=\"twitter:creator\" content=\"@925forever\" \/>\n<meta name=\"twitter:site\" content=\"@925forever\" \/>\n<meta name=\"twitter:label1\" content=\"Escrito por\" \/>\n\t<meta name=\"twitter:data1\" content=\"Ricardo Rodriguez\" \/>\n\t<meta name=\"twitter:label2\" content=\"Tiempo de lectura\" \/>\n\t<meta name=\"twitter:data2\" content=\"2 minutos\" \/>\n<script type=\"application\/ld+json\" class=\"yoast-schema-graph\">{\"@context\":\"https:\\\/\\\/schema.org\",\"@graph\":[{\"@type\":\"Article\",\"@id\":\"https:\\\/\\\/foreverfutbol.com.ec\\\/radio\\\/sucesos\\\/cuando-es-el-dia-de-la-madre-en-ecuador-en-2026\\\/#article\",\"isPartOf\":{\"@id\":\"https:\\\/\\\/foreverfutbol.com.ec\\\/radio\\\/sucesos\\\/cuando-es-el-dia-de-la-madre-en-ecuador-en-2026\\\/\"},\"author\":{\"name\":\"Ricardo Rodriguez\",\"@id\":\"https:\\\/\\\/foreverfutbol.com.ec\\\/radio\\\/#\\\/schema\\\/person\\\/2f679dd16f889ac00df6e7b648062a01\"},\"headline\":\"\u00bfCu\u00e1ndo es el D\u00eda de la Madre en Ecuador en 2026?\",\"datePublished\":\"2026-05-09T15:35:00+00:00\",\"mainEntityOfPage\":{\"@id\":\"https:\\\/\\\/foreverfutbol.com.ec\\\/radio\\\/sucesos\\\/cuando-es-el-dia-de-la-madre-en-ecuador-en-2026\\\/\"},\"wordCount\":323,\"commentCount\":0,\"publisher\":{\"@id\":\"https:\\\/\\\/foreverfutbol.com.ec\\\/radio\\\/#organization\"},\"image\":{\"@id\":\"https:\\\/\\\/foreverfutbol.com.ec\\\/radio\\\/sucesos\\\/cuando-es-el-dia-de-la-madre-en-ecuador-en-2026\\\/#primaryimage\"},\"thumbnailUrl\":\"https:\\\/\\\/foreverfutbol.com.ec\\\/radio\\\/wp-content\\\/uploads\\\/2026\\\/05\\\/image-44-1-1.webp\",\"articleSection\":[\"Social\",\"Sucesos\"],\"inLanguage\":\"es\",\"potentialAction\":[{\"@type\":\"CommentAction\",\"name\":\"Comment\",\"target\":[\"https:\\\/\\\/foreverfutbol.com.ec\\\/radio\\\/sucesos\\\/cuando-es-el-dia-de-la-madre-en-ecuador-en-2026\\\/#respond\"]}]},{\"@type\":\"WebPage\",\"@id\":\"https:\\\/\\\/foreverfutbol.com.ec\\\/radio\\\/sucesos\\\/cuando-es-el-dia-de-la-madre-en-ecuador-en-2026\\\/\",\"url\":\"https:\\\/\\\/foreverfutbol.com.ec\\\/radio\\\/sucesos\\\/cuando-es-el-dia-de-la-madre-en-ecuador-en-2026\\\/\",\"name\":\"\u00bfCu\u00e1ndo es el D\u00eda de la Madre en Ecuador en 2026? - 92.5 FOREVER Radio\",\"isPartOf\":{\"@id\":\"https:\\\/\\\/foreverfutbol.com.ec\\\/radio\\\/#website\"},\"primaryImageOfPage\":{\"@id\":\"https:\\\/\\\/foreverfutbol.com.ec\\\/radio\\\/sucesos\\\/cuando-es-el-dia-de-la-madre-en-ecuador-en-2026\\\/#primaryimage\"},\"image\":{\"@id\":\"https:\\\/\\\/foreverfutbol.com.ec\\\/radio\\\/sucesos\\\/cuando-es-el-dia-de-la-madre-en-ecuador-en-2026\\\/#primaryimage\"},\"thumbnailUrl\":\"https:\\\/\\\/foreverfutbol.com.ec\\\/radio\\\/wp-content\\\/uploads\\\/2026\\\/05\\\/image-44-1-1.webp\",\"datePublished\":\"2026-05-09T15:35:00+00:00\",\"description\":\"Conozca cu\u00e1ndo se celebra el D\u00eda de la Madre en Ecuador en 2026, su origen, tradiciones familiares y c\u00f3mo millones de ecuatorianos\",\"breadcrumb\":{\"@id\":\"https:\\\/\\\/foreverfutbol.com.ec\\\/radio\\\/sucesos\\\/cuando-es-el-dia-de-la-madre-en-ecuador-en-2026\\\/#breadcrumb\"},\"inLanguage\":\"es\",\"potentialAction\":[{\"@type\":\"ReadAction\",\"target\":[\"https:\\\/\\\/foreverfutbol.com.ec\\\/radio\\\/sucesos\\\/cuando-es-el-dia-de-la-madre-en-ecuador-en-2026\\\/\"]}]},{\"@type\":\"ImageObject\",\"inLanguage\":\"es\",\"@id\":\"https:\\\/\\\/foreverfutbol.com.ec\\\/radio\\\/sucesos\\\/cuando-es-el-dia-de-la-madre-en-ecuador-en-2026\\\/#primaryimage\",\"url\":\"https:\\\/\\\/foreverfutbol.com.ec\\\/radio\\\/wp-content\\\/uploads\\\/2026\\\/05\\\/image-44-1-1.webp\",\"contentUrl\":\"https:\\\/\\\/foreverfutbol.com.ec\\\/radio\\\/wp-content\\\/uploads\\\/2026\\\/05\\\/image-44-1-1.webp\",\"width\":1005,\"height\":670,\"caption\":\"\u00bfCu\u00e1ndo es el D\u00eda de la Madre en Ecuador en 2026?\"},{\"@type\":\"BreadcrumbList\",\"@id\":\"https:\\\/\\\/foreverfutbol.com.ec\\\/radio\\\/sucesos\\\/cuando-es-el-dia-de-la-madre-en-ecuador-en-2026\\\/#breadcrumb\",\"itemListElement\":[{\"@type\":\"ListItem\",\"position\":1,\"name\":\"Portada\",\"item\":\"https:\\\/\\\/foreverfutbol.com.ec\\\/radio\\\/\"},{\"@type\":\"ListItem\",\"position\":2,\"name\":\"\u00bfCu\u00e1ndo es el D\u00eda de la Madre en Ecuador en 2026?\"}]},{\"@type\":\"WebSite\",\"@id\":\"https:\\\/\\\/foreverfutbol.com.ec\\\/radio\\\/#website\",\"url\":\"https:\\\/\\\/foreverfutbol.com.ec\\\/radio\\\/\",\"name\":\"92.5 FOREVER Radio\",\"description\":\"\",\"publisher\":{\"@id\":\"https:\\\/\\\/foreverfutbol.com.ec\\\/radio\\\/#organization\"},\"potentialAction\":[{\"@type\":\"SearchAction\",\"target\":{\"@type\":\"EntryPoint\",\"urlTemplate\":\"https:\\\/\\\/foreverfutbol.com.ec\\\/radio\\\/?s={search_term_string}\"},\"query-input\":{\"@type\":\"PropertyValueSpecification\",\"valueRequired\":true,\"valueName\":\"search_term_string\"}}],\"inLanguage\":\"es\"},{\"@type\":\"Organization\",\"@id\":\"https:\\\/\\\/foreverfutbol.com.ec\\\/radio\\\/#organization\",\"name\":\"92.5 FOREVER Radio\",\"url\":\"https:\\\/\\\/foreverfutbol.com.ec\\\/radio\\\/\",\"logo\":{\"@type\":\"ImageObject\",\"inLanguage\":\"es\",\"@id\":\"https:\\\/\\\/foreverfutbol.com.ec\\\/radio\\\/#\\\/schema\\\/logo\\\/image\\\/\",\"url\":\"https:\\\/\\\/foreverfutbol.com.ec\\\/radio\\\/wp-content\\\/uploads\\\/2024\\\/01\\\/cropped-logo-forever.png\",\"contentUrl\":\"https:\\\/\\\/foreverfutbol.com.ec\\\/radio\\\/wp-content\\\/uploads\\\/2024\\\/01\\\/cropped-logo-forever.png\",\"width\":180,\"height\":154,\"caption\":\"92.5 FOREVER Radio\"},\"image\":{\"@id\":\"https:\\\/\\\/foreverfutbol.com.ec\\\/radio\\\/#\\\/schema\\\/logo\\\/image\\\/\"},\"sameAs\":[\"https:\\\/\\\/www.facebook.com\\\/profile.php?id=100063550693491\",\"https:\\\/\\\/x.com\\\/925forever\",\"https:\\\/\\\/www.instagram.com\\\/radioforever925\\\/\"]},{\"@type\":\"Person\",\"@id\":\"https:\\\/\\\/foreverfutbol.com.ec\\\/radio\\\/#\\\/schema\\\/person\\\/2f679dd16f889ac00df6e7b648062a01\",\"name\":\"Ricardo Rodriguez\",\"image\":{\"@type\":\"ImageObject\",\"inLanguage\":\"es\",\"@id\":\"https:\\\/\\\/secure.gravatar.com\\\/avatar\\\/5d9dfb95700bd0c503ed088d29de94822b5cc66a74cb0362774e6fc534823d07?s=96&d=mm&r=g\",\"url\":\"https:\\\/\\\/secure.gravatar.com\\\/avatar\\\/5d9dfb95700bd0c503ed088d29de94822b5cc66a74cb0362774e6fc534823d07?s=96&d=mm&r=g\",\"contentUrl\":\"https:\\\/\\\/secure.gravatar.com\\\/avatar\\\/5d9dfb95700bd0c503ed088d29de94822b5cc66a74cb0362774e6fc534823d07?s=96&d=mm&r=g\",\"caption\":\"Ricardo Rodriguez\"},\"sameAs\":[\"https:\\\/\\\/foreverfutbol.com.ec\\\/radio\"],\"url\":\"https:\\\/\\\/foreverfutbol.com.ec\\\/radio\\\/author\\\/superdmin\\\/\"}]}<\/script>\n<!-- \/ Yoast SEO plugin. -->","yoast_head_json":{"title":"\u00bfCu\u00e1ndo es el D\u00eda de la Madre en Ecuador en 2026? - 92.5 FOREVER Radio","description":"Conozca cu\u00e1ndo se celebra el D\u00eda de la Madre en Ecuador en 2026, su origen, tradiciones familiares y c\u00f3mo millones de ecuatorianos","robots":{"index":"index","follow":"follow","max-snippet":"max-snippet:-1","max-image-preview":"max-image-preview:large","max-video-preview":"max-video-preview:-1"},"canonical":"https:\/\/foreverfutbol.com.ec\/radio\/sucesos\/cuando-es-el-dia-de-la-madre-en-ecuador-en-2026\/","og_locale":"es_ES","og_type":"article","og_title":"\u00bfCu\u00e1ndo es el D\u00eda de la Madre en Ecuador en 2026? - 92.5 FOREVER Radio","og_description":"Conozca cu\u00e1ndo se celebra el D\u00eda de la Madre en Ecuador en 2026, su origen, tradiciones familiares y c\u00f3mo millones de ecuatorianos","og_url":"https:\/\/foreverfutbol.com.ec\/radio\/sucesos\/cuando-es-el-dia-de-la-madre-en-ecuador-en-2026\/","og_site_name":"92.5 FOREVER Radio","article_publisher":"https:\/\/www.facebook.com\/profile.php?id=100063550693491","article_published_time":"2026-05-09T15:35:00+00:00","og_image":[{"width":1005,"height":670,"url":"https:\/\/foreverfutbol.com.ec\/radio\/wp-content\/uploads\/2026\/05\/image-44-1-1.webp","type":"image\/webp"}],"author":"Ricardo Rodriguez","twitter_card":"summary_large_image","twitter_creator":"@925forever","twitter_site":"@925forever","twitter_misc":{"Escrito por":"Ricardo Rodriguez","Tiempo de lectura":"2 minutos"},"schema":{"@context":"https:\/\/schema.org","@graph":[{"@type":"Article","@id":"https:\/\/foreverfutbol.com.ec\/radio\/sucesos\/cuando-es-el-dia-de-la-madre-en-ecuador-en-2026\/#article","isPartOf":{"@id":"https:\/\/foreverfutbol.com.ec\/radio\/sucesos\/cuando-es-el-dia-de-la-madre-en-ecuador-en-2026\/"},"author":{"name":"Ricardo Rodriguez","@id":"https:\/\/foreverfutbol.com.ec\/radio\/#\/schema\/person\/2f679dd16f889ac00df6e7b648062a01"},"headline":"\u00bfCu\u00e1ndo es el D\u00eda de la Madre en Ecuador en 2026?","datePublished":"2026-05-09T15:35:00+00:00","mainEntityOfPage":{"@id":"https:\/\/foreverfutbol.com.ec\/radio\/sucesos\/cuando-es-el-dia-de-la-madre-en-ecuador-en-2026\/"},"wordCount":323,"commentCount":0,"publisher":{"@id":"https:\/\/foreverfutbol.com.ec\/radio\/#organization"},"image":{"@id":"https:\/\/foreverfutbol.com.ec\/radio\/sucesos\/cuando-es-el-dia-de-la-madre-en-ecuador-en-2026\/#primaryimage"},"thumbnailUrl":"https:\/\/foreverfutbol.com.ec\/radio\/wp-content\/uploads\/2026\/05\/image-44-1-1.webp","articleSection":["Social","Sucesos"],"inLanguage":"es","potentialAction":[{"@type":"CommentAction","name":"Comment","target":["https:\/\/foreverfutbol.com.ec\/radio\/sucesos\/cuando-es-el-dia-de-la-madre-en-ecuador-en-2026\/#respond"]}]},{"@type":"WebPage","@id":"https:\/\/foreverfutbol.com.ec\/radio\/sucesos\/cuando-es-el-dia-de-la-madre-en-ecuador-en-2026\/","url":"https:\/\/foreverfutbol.com.ec\/radio\/sucesos\/cuando-es-el-dia-de-la-madre-en-ecuador-en-2026\/","name":"\u00bfCu\u00e1ndo es el D\u00eda de la Madre en Ecuador en 2026? - 92.5 FOREVER Radio","isPartOf":{"@id":"https:\/\/foreverfutbol.com.ec\/radio\/#website"},"primaryImageOfPage":{"@id":"https:\/\/foreverfutbol.com.ec\/radio\/sucesos\/cuando-es-el-dia-de-la-madre-en-ecuador-en-2026\/#primaryimage"},"image":{"@id":"https:\/\/foreverfutbol.com.ec\/radio\/sucesos\/cuando-es-el-dia-de-la-madre-en-ecuador-en-2026\/#primaryimage"},"thumbnailUrl":"https:\/\/foreverfutbol.com.ec\/radio\/wp-content\/uploads\/2026\/05\/image-44-1-1.webp","datePublished":"2026-05-09T15:35:00+00:00","description":"Conozca cu\u00e1ndo se celebra el D\u00eda de la Madre en Ecuador en 2026, su origen, tradiciones familiares y c\u00f3mo millones de ecuatorianos","breadcrumb":{"@id":"https:\/\/foreverfutbol.com.ec\/radio\/sucesos\/cuando-es-el-dia-de-la-madre-en-ecuador-en-2026\/#breadcrumb"},"inLanguage":"es","potentialAction":[{"@type":"ReadAction","target":["https:\/\/foreverfutbol.com.ec\/radio\/sucesos\/cuando-es-el-dia-de-la-madre-en-ecuador-en-2026\/"]}]},{"@type":"ImageObject","inLanguage":"es","@id":"https:\/\/foreverfutbol.com.ec\/radio\/sucesos\/cuando-es-el-dia-de-la-madre-en-ecuador-en-2026\/#primaryimage","url":"https:\/\/foreverfutbol.com.ec\/radio\/wp-content\/uploads\/2026\/05\/image-44-1-1.webp","contentUrl":"https:\/\/foreverfutbol.com.ec\/radio\/wp-content\/uploads\/2026\/05\/image-44-1-1.webp","width":1005,"height":670,"caption":"\u00bfCu\u00e1ndo es el D\u00eda de la Madre en Ecuador en 2026?"},{"@type":"BreadcrumbList","@id":"https:\/\/foreverfutbol.com.ec\/radio\/sucesos\/cuando-es-el-dia-de-la-madre-en-ecuador-en-2026\/#breadcrumb","itemListElement":[{"@type":"ListItem","position":1,"name":"Portada","item":"https:\/\/foreverfutbol.com.ec\/radio\/"},{"@type":"ListItem","position":2,"name":"\u00bfCu\u00e1ndo es el D\u00eda de la Madre en Ecuador en 2026?"}]},{"@type":"WebSite","@id":"https:\/\/foreverfutbol.com.ec\/radio\/#website","url":"https:\/\/foreverfutbol.com.ec\/radio\/","name":"92.5 FOREVER Radio","description":"","publisher":{"@id":"https:\/\/foreverfutbol.com.ec\/radio\/#organization"},"potentialAction":[{"@type":"SearchAction","target":{"@type":"EntryPoint","urlTemplate":"https:\/\/foreverfutbol.com.ec\/radio\/?s={search_term_string}"},"query-input":{"@type":"PropertyValueSpecification","valueRequired":true,"valueName":"search_term_string"}}],"inLanguage":"es"},{"@type":"Organization","@id":"https:\/\/foreverfutbol.com.ec\/radio\/#organization","name":"92.5 FOREVER Radio","url":"https:\/\/foreverfutbol.com.ec\/radio\/","logo":{"@type":"ImageObject","inLanguage":"es","@id":"https:\/\/foreverfutbol.com.ec\/radio\/#\/schema\/logo\/image\/","url":"https:\/\/foreverfutbol.com.ec\/radio\/wp-content\/uploads\/2024\/01\/cropped-logo-forever.png","contentUrl":"https:\/\/foreverfutbol.com.ec\/radio\/wp-content\/uploads\/2024\/01\/cropped-logo-forever.png","width":180,"height":154,"caption":"92.5 FOREVER Radio"},"image":{"@id":"https:\/\/foreverfutbol.com.ec\/radio\/#\/schema\/logo\/image\/"},"sameAs":["https:\/\/www.facebook.com\/profile.php?id=100063550693491","https:\/\/x.com\/925forever","https:\/\/www.instagram.com\/radioforever925\/"]},{"@type":"Person","@id":"https:\/\/foreverfutbol.com.ec\/radio\/#\/schema\/person\/2f679dd16f889ac00df6e7b648062a01","name":"Ricardo Rodriguez","image":{"@type":"ImageObject","inLanguage":"es","@id":"https:\/\/secure.gravatar.com\/avatar\/5d9dfb95700bd0c503ed088d29de94822b5cc66a74cb0362774e6fc534823d07?s=96&d=mm&r=g","url":"https:\/\/secure.gravatar.com\/avatar\/5d9dfb95700bd0c503ed088d29de94822b5cc66a74cb0362774e6fc534823d07?s=96&d=mm&r=g","contentUrl":"https:\/\/secure.gravatar.com\/avatar\/5d9dfb95700bd0c503ed088d29de94822b5cc66a74cb0362774e6fc534823d07?s=96&d=mm&r=g","caption":"Ricardo Rodriguez"},"sameAs":["https:\/\/foreverfutbol.com.ec\/radio"],"url":"https:\/\/foreverfutbol.com.ec\/radio\/author\/superdmin\/"}]}},"_links":{"self":[{"href":"https:\/\/foreverfutbol.com.ec\/radio\/wp-json\/wp\/v2\/posts\/29279","targetHints":{"allow":["GET"]}}],"collection":[{"href":"https:\/\/foreverfutbol.com.ec\/radio\/wp-json\/wp\/v2\/posts"}],"about":[{"href":"https:\/\/foreverfutbol.com.ec\/radio\/wp-json\/wp\/v2\/types\/post"}],"author":[{"embeddable":true,"href":"https:\/\/foreverfutbol.com.ec\/radio\/wp-json\/wp\/v2\/users\/1"}],"replies":[{"embeddable":true,"href":"https:\/\/foreverfutbol.com.ec\/radio\/wp-json\/wp\/v2\/comments?post=29279"}],"version-history":[{"count":1,"href":"https:\/\/foreverfutbol.com.ec\/radio\/wp-json\/wp\/v2\/posts\/29279\/revisions"}],"predecessor-version":[{"id":29281,"href":"https:\/\/foreverfutbol.com.ec\/radio\/wp-json\/wp\/v2\/posts\/29279\/revisions\/29281"}],"wp:featuredmedia":[{"embeddable":true,"href":"https:\/\/foreverfutbol.com.ec\/radio\/wp-json\/wp\/v2\/media\/29280"}],"wp:attachment":[{"href":"https:\/\/foreverfutbol.com.ec\/radio\/wp-json\/wp\/v2\/media?parent=29279"}],"wp:term":[{"taxonomy":"category","embeddable":true,"href":"https:\/\/foreverfutbol.com.ec\/radio\/wp-json\/wp\/v2\/categories?post=29279"},{"taxonomy":"post_tag","embeddable":true,"href":"https:\/\/foreverfutbol.com.ec\/radio\/wp-json\/wp\/v2\/tags?post=29279"}],"curies":[{"name":"wp","href":"https:\/\/api.w.org\/{rel}","templated":true}]}}