{"id":29131,"date":"2026-05-06T14:45:05","date_gmt":"2026-05-06T19:45:05","guid":{"rendered":"https:\/\/foreverfutbol.com.ec\/radio\/?p=29131"},"modified":"2026-05-06T14:45:06","modified_gmt":"2026-05-06T19:45:06","slug":"cae-en-manabi-uno-de-los-mas-buscados-del-ecuador-por-abuso-sexual","status":"publish","type":"post","link":"https:\/\/foreverfutbol.com.ec\/radio\/seguridad\/cae-en-manabi-uno-de-los-mas-buscados-del-ecuador-por-abuso-sexual\/","title":{"rendered":"Cae en Manab\u00ed uno de los m\u00e1s buscados del Ecuador por abuso sexual"},"content":{"rendered":"\n<p class=\"wp-block-paragraph\">La <strong>Polic\u00eda Nacional del Ecuador<\/strong> ejecut\u00f3 un operativo de alto impacto en la provincia de <strong>Manab\u00ed<\/strong>, que permiti\u00f3 la captura de <strong>Francisco L. M.<\/strong>, ciudadano de 53 a\u00f1os que figuraba entre los <strong>m\u00e1s buscados del pa\u00eds por el delito de abuso sexual<\/strong>. La intervenci\u00f3n se desarroll\u00f3 en el cant\u00f3n <strong>Montecristi<\/strong> mediante el <strong>Operativo F\u00e9nix 218<\/strong>, como parte de acciones estrat\u00e9gicas para la localizaci\u00f3n de pr\u00f3fugos de la justicia.<\/p>\n\n\n\n<p class=\"wp-block-paragraph\">El detenido permanec\u00eda en condici\u00f3n de evasi\u00f3n desde 2021, tras ser acusado de un grave delito cometido en el entorno familiar, lo que elev\u00f3 la complejidad del caso y su prioridad dentro del sistema de b\u00fasqueda nacional.<\/p>\n\n\n\n<h2 class=\"wp-block-heading\"><strong>Operativo F\u00e9nix 218 y estrategia policial en Manab\u00ed<\/strong><\/h2>\n\n\n\n<p class=\"wp-block-paragraph\">El procedimiento fue ejecutado bajo la <strong>Estrategia Operacional 3D<\/strong>, enfocada en <strong>debilitar, desorganizar y desarticular estructuras delictivas y objetivos prioritarios<\/strong>. Gracias a labores de inteligencia y seguimiento, los agentes lograron ubicar al sospechoso tras varios a\u00f1os de b\u00fasqueda.<\/p>\n\n\n\n<p class=\"wp-block-paragraph\">Las unidades especializadas realizaron tareas de vigilancia, an\u00e1lisis de movimientos y verificaci\u00f3n de informaci\u00f3n en territorio, lo que permiti\u00f3 confirmar la ubicaci\u00f3n exacta del individuo. Posteriormente, se ejecut\u00f3 la intervenci\u00f3n sin incidentes, garantizando el control total del operativo.<\/p>\n\n\n\n<h2 class=\"wp-block-heading\"><strong>Delito de abuso sexual y antecedentes del caso<\/strong><\/h2>\n\n\n\n<p class=\"wp-block-paragraph\">De acuerdo con las investigaciones, los hechos ocurrieron en la provincia de Manab\u00ed en 2021, cuando el ahora detenido habr\u00eda aprovechado un entorno de convivencia familiar y la vulnerabilidad de la v\u00edctima, su hijastra, para cometer el delito de abuso sexual.<\/p>\n\n\n\n<p class=\"wp-block-paragraph\">La gravedad del caso motiv\u00f3 su inclusi\u00f3n en el listado nacional de los <strong>m\u00e1s buscados del Ecuador<\/strong>, debido al alto impacto social y la necesidad de su localizaci\u00f3n inmediata. Las autoridades consideraban al sujeto como una persona de riesgo por la naturaleza del delito imputado.<\/p>\n\n\n\n<h2 class=\"wp-block-heading\"><strong>Captura y proceso legal en curso<\/strong><\/h2>\n\n\n\n<p class=\"wp-block-paragraph\">Tras su aprehensi\u00f3n en Montecristi, el ciudadano fue trasladado a \u00f3rdenes de la autoridad competente para continuar con el proceso judicial correspondiente. El caso se mantiene en investigaci\u00f3n bajo el marco legal vigente, garantizando el debido proceso y la actuaci\u00f3n de las instancias judiciales del pa\u00eds.<\/p>\n","protected":false},"excerpt":{"rendered":"<p>La Polic\u00eda Nacional del Ecuador ejecut\u00f3 un operativo de alto impacto en la provincia de Manab\u00ed, que permiti\u00f3 la captura de Francisco L. M., ciudadano de 53 a\u00f1os que figuraba entre los m\u00e1s buscados del pa\u00eds por el delito de abuso sexual. La intervenci\u00f3n se desarroll\u00f3 en el cant\u00f3n Montecristi mediante el Operativo F\u00e9nix 218, [&hellip;]<\/p>\n","protected":false},"author":1,"featured_media":29132,"comment_status":"open","ping_status":"open","sticky":false,"template":"","format":"standard","meta":{"footnotes":""},"categories":[143],"tags":[],"class_list":["post-29131","post","type-post","status-publish","format-standard","has-post-thumbnail","hentry","category-seguridad"],"yoast_head":"<!-- This site is optimized with the Yoast SEO plugin v28.3 - https:\/\/yoast.com\/product\/yoast-seo-wordpress\/ -->\n<title>Cae en Manab\u00ed uno de los m\u00e1s buscados del Ecuador por abuso sexual - 92.5 FOREVER Radio<\/title>\n<meta name=\"description\" content=\"La Polic\u00eda Nacional del Ecuador captur\u00f3 en Montecristi, Manab\u00ed, a Francisco L. M., uno de los m\u00e1s buscados por abuso sexual, tras el Operativo\" \/>\n<meta name=\"robots\" content=\"index, follow, max-snippet:-1, max-image-preview:large, max-video-preview:-1\" \/>\n<link rel=\"canonical\" href=\"https:\/\/foreverfutbol.com.ec\/radio\/seguridad\/cae-en-manabi-uno-de-los-mas-buscados-del-ecuador-por-abuso-sexual\/\" \/>\n<meta property=\"og:locale\" content=\"es_ES\" \/>\n<meta property=\"og:type\" content=\"article\" \/>\n<meta property=\"og:title\" content=\"Cae en Manab\u00ed uno de los m\u00e1s buscados del Ecuador por abuso sexual - 92.5 FOREVER Radio\" \/>\n<meta property=\"og:description\" content=\"La Polic\u00eda Nacional del Ecuador captur\u00f3 en Montecristi, Manab\u00ed, a Francisco L. M., uno de los m\u00e1s buscados por abuso sexual, tras el Operativo\" \/>\n<meta property=\"og:url\" content=\"https:\/\/foreverfutbol.com.ec\/radio\/seguridad\/cae-en-manabi-uno-de-los-mas-buscados-del-ecuador-por-abuso-sexual\/\" \/>\n<meta property=\"og:site_name\" content=\"92.5 FOREVER Radio\" \/>\n<meta property=\"article:publisher\" content=\"https:\/\/www.facebook.com\/profile.php?id=100063550693491\" \/>\n<meta property=\"article:published_time\" content=\"2026-05-06T19:45:05+00:00\" \/>\n<meta property=\"article:modified_time\" content=\"2026-05-06T19:45:06+00:00\" \/>\n<meta property=\"og:image\" content=\"https:\/\/foreverfutbol.com.ec\/radio\/wp-content\/uploads\/2026\/05\/image-45-3.webp\" \/>\n\t<meta property=\"og:image:width\" content=\"746\" \/>\n\t<meta property=\"og:image:height\" content=\"670\" \/>\n\t<meta property=\"og:image:type\" content=\"image\/webp\" \/>\n<meta name=\"author\" content=\"Ricardo Rodriguez\" \/>\n<meta name=\"twitter:card\" content=\"summary_large_image\" \/>\n<meta name=\"twitter:creator\" content=\"@925forever\" \/>\n<meta name=\"twitter:site\" content=\"@925forever\" \/>\n<meta name=\"twitter:label1\" content=\"Escrito por\" \/>\n\t<meta name=\"twitter:data1\" content=\"Ricardo Rodriguez\" \/>\n\t<meta name=\"twitter:label2\" content=\"Tiempo de lectura\" \/>\n\t<meta name=\"twitter:data2\" content=\"2 minutos\" \/>\n<script type=\"application\/ld+json\" class=\"yoast-schema-graph\">{\"@context\":\"https:\\\/\\\/schema.org\",\"@graph\":[{\"@type\":\"Article\",\"@id\":\"https:\\\/\\\/foreverfutbol.com.ec\\\/radio\\\/seguridad\\\/cae-en-manabi-uno-de-los-mas-buscados-del-ecuador-por-abuso-sexual\\\/#article\",\"isPartOf\":{\"@id\":\"https:\\\/\\\/foreverfutbol.com.ec\\\/radio\\\/seguridad\\\/cae-en-manabi-uno-de-los-mas-buscados-del-ecuador-por-abuso-sexual\\\/\"},\"author\":{\"name\":\"Ricardo Rodriguez\",\"@id\":\"https:\\\/\\\/foreverfutbol.com.ec\\\/radio\\\/#\\\/schema\\\/person\\\/2f679dd16f889ac00df6e7b648062a01\"},\"headline\":\"Cae en Manab\u00ed uno de los m\u00e1s buscados del Ecuador por abuso sexual\",\"datePublished\":\"2026-05-06T19:45:05+00:00\",\"dateModified\":\"2026-05-06T19:45:06+00:00\",\"mainEntityOfPage\":{\"@id\":\"https:\\\/\\\/foreverfutbol.com.ec\\\/radio\\\/seguridad\\\/cae-en-manabi-uno-de-los-mas-buscados-del-ecuador-por-abuso-sexual\\\/\"},\"wordCount\":375,\"commentCount\":0,\"publisher\":{\"@id\":\"https:\\\/\\\/foreverfutbol.com.ec\\\/radio\\\/#organization\"},\"image\":{\"@id\":\"https:\\\/\\\/foreverfutbol.com.ec\\\/radio\\\/seguridad\\\/cae-en-manabi-uno-de-los-mas-buscados-del-ecuador-por-abuso-sexual\\\/#primaryimage\"},\"thumbnailUrl\":\"https:\\\/\\\/foreverfutbol.com.ec\\\/radio\\\/wp-content\\\/uploads\\\/2026\\\/05\\\/image-45-3.webp\",\"articleSection\":[\"Seguridad\"],\"inLanguage\":\"es\",\"potentialAction\":[{\"@type\":\"CommentAction\",\"name\":\"Comment\",\"target\":[\"https:\\\/\\\/foreverfutbol.com.ec\\\/radio\\\/seguridad\\\/cae-en-manabi-uno-de-los-mas-buscados-del-ecuador-por-abuso-sexual\\\/#respond\"]}]},{\"@type\":\"WebPage\",\"@id\":\"https:\\\/\\\/foreverfutbol.com.ec\\\/radio\\\/seguridad\\\/cae-en-manabi-uno-de-los-mas-buscados-del-ecuador-por-abuso-sexual\\\/\",\"url\":\"https:\\\/\\\/foreverfutbol.com.ec\\\/radio\\\/seguridad\\\/cae-en-manabi-uno-de-los-mas-buscados-del-ecuador-por-abuso-sexual\\\/\",\"name\":\"Cae en Manab\u00ed uno de los m\u00e1s buscados del Ecuador por abuso sexual - 92.5 FOREVER Radio\",\"isPartOf\":{\"@id\":\"https:\\\/\\\/foreverfutbol.com.ec\\\/radio\\\/#website\"},\"primaryImageOfPage\":{\"@id\":\"https:\\\/\\\/foreverfutbol.com.ec\\\/radio\\\/seguridad\\\/cae-en-manabi-uno-de-los-mas-buscados-del-ecuador-por-abuso-sexual\\\/#primaryimage\"},\"image\":{\"@id\":\"https:\\\/\\\/foreverfutbol.com.ec\\\/radio\\\/seguridad\\\/cae-en-manabi-uno-de-los-mas-buscados-del-ecuador-por-abuso-sexual\\\/#primaryimage\"},\"thumbnailUrl\":\"https:\\\/\\\/foreverfutbol.com.ec\\\/radio\\\/wp-content\\\/uploads\\\/2026\\\/05\\\/image-45-3.webp\",\"datePublished\":\"2026-05-06T19:45:05+00:00\",\"dateModified\":\"2026-05-06T19:45:06+00:00\",\"description\":\"La Polic\u00eda Nacional del Ecuador captur\u00f3 en Montecristi, Manab\u00ed, a Francisco L. M., uno de los m\u00e1s buscados por abuso sexual, tras el Operativo\",\"breadcrumb\":{\"@id\":\"https:\\\/\\\/foreverfutbol.com.ec\\\/radio\\\/seguridad\\\/cae-en-manabi-uno-de-los-mas-buscados-del-ecuador-por-abuso-sexual\\\/#breadcrumb\"},\"inLanguage\":\"es\",\"potentialAction\":[{\"@type\":\"ReadAction\",\"target\":[\"https:\\\/\\\/foreverfutbol.com.ec\\\/radio\\\/seguridad\\\/cae-en-manabi-uno-de-los-mas-buscados-del-ecuador-por-abuso-sexual\\\/\"]}]},{\"@type\":\"ImageObject\",\"inLanguage\":\"es\",\"@id\":\"https:\\\/\\\/foreverfutbol.com.ec\\\/radio\\\/seguridad\\\/cae-en-manabi-uno-de-los-mas-buscados-del-ecuador-por-abuso-sexual\\\/#primaryimage\",\"url\":\"https:\\\/\\\/foreverfutbol.com.ec\\\/radio\\\/wp-content\\\/uploads\\\/2026\\\/05\\\/image-45-3.webp\",\"contentUrl\":\"https:\\\/\\\/foreverfutbol.com.ec\\\/radio\\\/wp-content\\\/uploads\\\/2026\\\/05\\\/image-45-3.webp\",\"width\":746,\"height\":670,\"caption\":\"Cae en Manab\u00ed uno de los m\u00e1s buscados del Ecuador por abuso sexual\"},{\"@type\":\"BreadcrumbList\",\"@id\":\"https:\\\/\\\/foreverfutbol.com.ec\\\/radio\\\/seguridad\\\/cae-en-manabi-uno-de-los-mas-buscados-del-ecuador-por-abuso-sexual\\\/#breadcrumb\",\"itemListElement\":[{\"@type\":\"ListItem\",\"position\":1,\"name\":\"Portada\",\"item\":\"https:\\\/\\\/foreverfutbol.com.ec\\\/radio\\\/\"},{\"@type\":\"ListItem\",\"position\":2,\"name\":\"Cae en Manab\u00ed uno de los m\u00e1s buscados del Ecuador por abuso sexual\"}]},{\"@type\":\"WebSite\",\"@id\":\"https:\\\/\\\/foreverfutbol.com.ec\\\/radio\\\/#website\",\"url\":\"https:\\\/\\\/foreverfutbol.com.ec\\\/radio\\\/\",\"name\":\"92.5 FOREVER Radio\",\"description\":\"\",\"publisher\":{\"@id\":\"https:\\\/\\\/foreverfutbol.com.ec\\\/radio\\\/#organization\"},\"potentialAction\":[{\"@type\":\"SearchAction\",\"target\":{\"@type\":\"EntryPoint\",\"urlTemplate\":\"https:\\\/\\\/foreverfutbol.com.ec\\\/radio\\\/?s={search_term_string}\"},\"query-input\":{\"@type\":\"PropertyValueSpecification\",\"valueRequired\":true,\"valueName\":\"search_term_string\"}}],\"inLanguage\":\"es\"},{\"@type\":\"Organization\",\"@id\":\"https:\\\/\\\/foreverfutbol.com.ec\\\/radio\\\/#organization\",\"name\":\"92.5 FOREVER Radio\",\"url\":\"https:\\\/\\\/foreverfutbol.com.ec\\\/radio\\\/\",\"logo\":{\"@type\":\"ImageObject\",\"inLanguage\":\"es\",\"@id\":\"https:\\\/\\\/foreverfutbol.com.ec\\\/radio\\\/#\\\/schema\\\/logo\\\/image\\\/\",\"url\":\"https:\\\/\\\/foreverfutbol.com.ec\\\/radio\\\/wp-content\\\/uploads\\\/2024\\\/01\\\/cropped-logo-forever.png\",\"contentUrl\":\"https:\\\/\\\/foreverfutbol.com.ec\\\/radio\\\/wp-content\\\/uploads\\\/2024\\\/01\\\/cropped-logo-forever.png\",\"width\":180,\"height\":154,\"caption\":\"92.5 FOREVER Radio\"},\"image\":{\"@id\":\"https:\\\/\\\/foreverfutbol.com.ec\\\/radio\\\/#\\\/schema\\\/logo\\\/image\\\/\"},\"sameAs\":[\"https:\\\/\\\/www.facebook.com\\\/profile.php?id=100063550693491\",\"https:\\\/\\\/x.com\\\/925forever\",\"https:\\\/\\\/www.instagram.com\\\/radioforever925\\\/\"]},{\"@type\":\"Person\",\"@id\":\"https:\\\/\\\/foreverfutbol.com.ec\\\/radio\\\/#\\\/schema\\\/person\\\/2f679dd16f889ac00df6e7b648062a01\",\"name\":\"Ricardo Rodriguez\",\"image\":{\"@type\":\"ImageObject\",\"inLanguage\":\"es\",\"@id\":\"https:\\\/\\\/secure.gravatar.com\\\/avatar\\\/5d9dfb95700bd0c503ed088d29de94822b5cc66a74cb0362774e6fc534823d07?s=96&d=mm&r=g\",\"url\":\"https:\\\/\\\/secure.gravatar.com\\\/avatar\\\/5d9dfb95700bd0c503ed088d29de94822b5cc66a74cb0362774e6fc534823d07?s=96&d=mm&r=g\",\"contentUrl\":\"https:\\\/\\\/secure.gravatar.com\\\/avatar\\\/5d9dfb95700bd0c503ed088d29de94822b5cc66a74cb0362774e6fc534823d07?s=96&d=mm&r=g\",\"caption\":\"Ricardo Rodriguez\"},\"sameAs\":[\"https:\\\/\\\/foreverfutbol.com.ec\\\/radio\"],\"url\":\"https:\\\/\\\/foreverfutbol.com.ec\\\/radio\\\/author\\\/superdmin\\\/\"}]}<\/script>\n<!-- \/ Yoast SEO plugin. -->","yoast_head_json":{"title":"Cae en Manab\u00ed uno de los m\u00e1s buscados del Ecuador por abuso sexual - 92.5 FOREVER Radio","description":"La Polic\u00eda Nacional del Ecuador captur\u00f3 en Montecristi, Manab\u00ed, a Francisco L. M., uno de los m\u00e1s buscados por abuso sexual, tras el Operativo","robots":{"index":"index","follow":"follow","max-snippet":"max-snippet:-1","max-image-preview":"max-image-preview:large","max-video-preview":"max-video-preview:-1"},"canonical":"https:\/\/foreverfutbol.com.ec\/radio\/seguridad\/cae-en-manabi-uno-de-los-mas-buscados-del-ecuador-por-abuso-sexual\/","og_locale":"es_ES","og_type":"article","og_title":"Cae en Manab\u00ed uno de los m\u00e1s buscados del Ecuador por abuso sexual - 92.5 FOREVER Radio","og_description":"La Polic\u00eda Nacional del Ecuador captur\u00f3 en Montecristi, Manab\u00ed, a Francisco L. M., uno de los m\u00e1s buscados por abuso sexual, tras el Operativo","og_url":"https:\/\/foreverfutbol.com.ec\/radio\/seguridad\/cae-en-manabi-uno-de-los-mas-buscados-del-ecuador-por-abuso-sexual\/","og_site_name":"92.5 FOREVER Radio","article_publisher":"https:\/\/www.facebook.com\/profile.php?id=100063550693491","article_published_time":"2026-05-06T19:45:05+00:00","article_modified_time":"2026-05-06T19:45:06+00:00","og_image":[{"width":746,"height":670,"url":"https:\/\/foreverfutbol.com.ec\/radio\/wp-content\/uploads\/2026\/05\/image-45-3.webp","type":"image\/webp"}],"author":"Ricardo Rodriguez","twitter_card":"summary_large_image","twitter_creator":"@925forever","twitter_site":"@925forever","twitter_misc":{"Escrito por":"Ricardo Rodriguez","Tiempo de lectura":"2 minutos"},"schema":{"@context":"https:\/\/schema.org","@graph":[{"@type":"Article","@id":"https:\/\/foreverfutbol.com.ec\/radio\/seguridad\/cae-en-manabi-uno-de-los-mas-buscados-del-ecuador-por-abuso-sexual\/#article","isPartOf":{"@id":"https:\/\/foreverfutbol.com.ec\/radio\/seguridad\/cae-en-manabi-uno-de-los-mas-buscados-del-ecuador-por-abuso-sexual\/"},"author":{"name":"Ricardo Rodriguez","@id":"https:\/\/foreverfutbol.com.ec\/radio\/#\/schema\/person\/2f679dd16f889ac00df6e7b648062a01"},"headline":"Cae en Manab\u00ed uno de los m\u00e1s buscados del Ecuador por abuso sexual","datePublished":"2026-05-06T19:45:05+00:00","dateModified":"2026-05-06T19:45:06+00:00","mainEntityOfPage":{"@id":"https:\/\/foreverfutbol.com.ec\/radio\/seguridad\/cae-en-manabi-uno-de-los-mas-buscados-del-ecuador-por-abuso-sexual\/"},"wordCount":375,"commentCount":0,"publisher":{"@id":"https:\/\/foreverfutbol.com.ec\/radio\/#organization"},"image":{"@id":"https:\/\/foreverfutbol.com.ec\/radio\/seguridad\/cae-en-manabi-uno-de-los-mas-buscados-del-ecuador-por-abuso-sexual\/#primaryimage"},"thumbnailUrl":"https:\/\/foreverfutbol.com.ec\/radio\/wp-content\/uploads\/2026\/05\/image-45-3.webp","articleSection":["Seguridad"],"inLanguage":"es","potentialAction":[{"@type":"CommentAction","name":"Comment","target":["https:\/\/foreverfutbol.com.ec\/radio\/seguridad\/cae-en-manabi-uno-de-los-mas-buscados-del-ecuador-por-abuso-sexual\/#respond"]}]},{"@type":"WebPage","@id":"https:\/\/foreverfutbol.com.ec\/radio\/seguridad\/cae-en-manabi-uno-de-los-mas-buscados-del-ecuador-por-abuso-sexual\/","url":"https:\/\/foreverfutbol.com.ec\/radio\/seguridad\/cae-en-manabi-uno-de-los-mas-buscados-del-ecuador-por-abuso-sexual\/","name":"Cae en Manab\u00ed uno de los m\u00e1s buscados del Ecuador por abuso sexual - 92.5 FOREVER Radio","isPartOf":{"@id":"https:\/\/foreverfutbol.com.ec\/radio\/#website"},"primaryImageOfPage":{"@id":"https:\/\/foreverfutbol.com.ec\/radio\/seguridad\/cae-en-manabi-uno-de-los-mas-buscados-del-ecuador-por-abuso-sexual\/#primaryimage"},"image":{"@id":"https:\/\/foreverfutbol.com.ec\/radio\/seguridad\/cae-en-manabi-uno-de-los-mas-buscados-del-ecuador-por-abuso-sexual\/#primaryimage"},"thumbnailUrl":"https:\/\/foreverfutbol.com.ec\/radio\/wp-content\/uploads\/2026\/05\/image-45-3.webp","datePublished":"2026-05-06T19:45:05+00:00","dateModified":"2026-05-06T19:45:06+00:00","description":"La Polic\u00eda Nacional del Ecuador captur\u00f3 en Montecristi, Manab\u00ed, a Francisco L. M., uno de los m\u00e1s buscados por abuso sexual, tras el Operativo","breadcrumb":{"@id":"https:\/\/foreverfutbol.com.ec\/radio\/seguridad\/cae-en-manabi-uno-de-los-mas-buscados-del-ecuador-por-abuso-sexual\/#breadcrumb"},"inLanguage":"es","potentialAction":[{"@type":"ReadAction","target":["https:\/\/foreverfutbol.com.ec\/radio\/seguridad\/cae-en-manabi-uno-de-los-mas-buscados-del-ecuador-por-abuso-sexual\/"]}]},{"@type":"ImageObject","inLanguage":"es","@id":"https:\/\/foreverfutbol.com.ec\/radio\/seguridad\/cae-en-manabi-uno-de-los-mas-buscados-del-ecuador-por-abuso-sexual\/#primaryimage","url":"https:\/\/foreverfutbol.com.ec\/radio\/wp-content\/uploads\/2026\/05\/image-45-3.webp","contentUrl":"https:\/\/foreverfutbol.com.ec\/radio\/wp-content\/uploads\/2026\/05\/image-45-3.webp","width":746,"height":670,"caption":"Cae en Manab\u00ed uno de los m\u00e1s buscados del Ecuador por abuso sexual"},{"@type":"BreadcrumbList","@id":"https:\/\/foreverfutbol.com.ec\/radio\/seguridad\/cae-en-manabi-uno-de-los-mas-buscados-del-ecuador-por-abuso-sexual\/#breadcrumb","itemListElement":[{"@type":"ListItem","position":1,"name":"Portada","item":"https:\/\/foreverfutbol.com.ec\/radio\/"},{"@type":"ListItem","position":2,"name":"Cae en Manab\u00ed uno de los m\u00e1s buscados del Ecuador por abuso sexual"}]},{"@type":"WebSite","@id":"https:\/\/foreverfutbol.com.ec\/radio\/#website","url":"https:\/\/foreverfutbol.com.ec\/radio\/","name":"92.5 FOREVER Radio","description":"","publisher":{"@id":"https:\/\/foreverfutbol.com.ec\/radio\/#organization"},"potentialAction":[{"@type":"SearchAction","target":{"@type":"EntryPoint","urlTemplate":"https:\/\/foreverfutbol.com.ec\/radio\/?s={search_term_string}"},"query-input":{"@type":"PropertyValueSpecification","valueRequired":true,"valueName":"search_term_string"}}],"inLanguage":"es"},{"@type":"Organization","@id":"https:\/\/foreverfutbol.com.ec\/radio\/#organization","name":"92.5 FOREVER Radio","url":"https:\/\/foreverfutbol.com.ec\/radio\/","logo":{"@type":"ImageObject","inLanguage":"es","@id":"https:\/\/foreverfutbol.com.ec\/radio\/#\/schema\/logo\/image\/","url":"https:\/\/foreverfutbol.com.ec\/radio\/wp-content\/uploads\/2024\/01\/cropped-logo-forever.png","contentUrl":"https:\/\/foreverfutbol.com.ec\/radio\/wp-content\/uploads\/2024\/01\/cropped-logo-forever.png","width":180,"height":154,"caption":"92.5 FOREVER Radio"},"image":{"@id":"https:\/\/foreverfutbol.com.ec\/radio\/#\/schema\/logo\/image\/"},"sameAs":["https:\/\/www.facebook.com\/profile.php?id=100063550693491","https:\/\/x.com\/925forever","https:\/\/www.instagram.com\/radioforever925\/"]},{"@type":"Person","@id":"https:\/\/foreverfutbol.com.ec\/radio\/#\/schema\/person\/2f679dd16f889ac00df6e7b648062a01","name":"Ricardo Rodriguez","image":{"@type":"ImageObject","inLanguage":"es","@id":"https:\/\/secure.gravatar.com\/avatar\/5d9dfb95700bd0c503ed088d29de94822b5cc66a74cb0362774e6fc534823d07?s=96&d=mm&r=g","url":"https:\/\/secure.gravatar.com\/avatar\/5d9dfb95700bd0c503ed088d29de94822b5cc66a74cb0362774e6fc534823d07?s=96&d=mm&r=g","contentUrl":"https:\/\/secure.gravatar.com\/avatar\/5d9dfb95700bd0c503ed088d29de94822b5cc66a74cb0362774e6fc534823d07?s=96&d=mm&r=g","caption":"Ricardo Rodriguez"},"sameAs":["https:\/\/foreverfutbol.com.ec\/radio"],"url":"https:\/\/foreverfutbol.com.ec\/radio\/author\/superdmin\/"}]}},"_links":{"self":[{"href":"https:\/\/foreverfutbol.com.ec\/radio\/wp-json\/wp\/v2\/posts\/29131","targetHints":{"allow":["GET"]}}],"collection":[{"href":"https:\/\/foreverfutbol.com.ec\/radio\/wp-json\/wp\/v2\/posts"}],"about":[{"href":"https:\/\/foreverfutbol.com.ec\/radio\/wp-json\/wp\/v2\/types\/post"}],"author":[{"embeddable":true,"href":"https:\/\/foreverfutbol.com.ec\/radio\/wp-json\/wp\/v2\/users\/1"}],"replies":[{"embeddable":true,"href":"https:\/\/foreverfutbol.com.ec\/radio\/wp-json\/wp\/v2\/comments?post=29131"}],"version-history":[{"count":1,"href":"https:\/\/foreverfutbol.com.ec\/radio\/wp-json\/wp\/v2\/posts\/29131\/revisions"}],"predecessor-version":[{"id":29133,"href":"https:\/\/foreverfutbol.com.ec\/radio\/wp-json\/wp\/v2\/posts\/29131\/revisions\/29133"}],"wp:featuredmedia":[{"embeddable":true,"href":"https:\/\/foreverfutbol.com.ec\/radio\/wp-json\/wp\/v2\/media\/29132"}],"wp:attachment":[{"href":"https:\/\/foreverfutbol.com.ec\/radio\/wp-json\/wp\/v2\/media?parent=29131"}],"wp:term":[{"taxonomy":"category","embeddable":true,"href":"https:\/\/foreverfutbol.com.ec\/radio\/wp-json\/wp\/v2\/categories?post=29131"},{"taxonomy":"post_tag","embeddable":true,"href":"https:\/\/foreverfutbol.com.ec\/radio\/wp-json\/wp\/v2\/tags?post=29131"}],"curies":[{"name":"wp","href":"https:\/\/api.w.org\/{rel}","templated":true}]}}