{"id":28897,"date":"2026-04-27T16:43:34","date_gmt":"2026-04-27T21:43:34","guid":{"rendered":"https:\/\/foreverfutbol.com.ec\/radio\/?p=28897"},"modified":"2026-04-27T16:43:35","modified_gmt":"2026-04-27T21:43:35","slug":"niels-olsen-impulsa-alianza-parlamentaria-regional-para-fortalecer-cooperacion-legislativa","status":"publish","type":"post","link":"https:\/\/foreverfutbol.com.ec\/radio\/politica\/niels-olsen-impulsa-alianza-parlamentaria-regional-para-fortalecer-cooperacion-legislativa\/","title":{"rendered":"Niels Olsen impulsa alianza parlamentaria regional para fortalecer cooperaci\u00f3n legislativa"},"content":{"rendered":"\n<p class=\"wp-block-paragraph\">El presidente de la Asamblea Nacional del Ecuador, <strong>Niels Olsen<\/strong>, impulsa una iniciativa para crear una <strong>alianza parlamentaria regional en Latinoam\u00e9rica<\/strong>, con el objetivo de fortalecer la cooperaci\u00f3n entre los poderes legislativos y promover una agenda com\u00fan frente a los principales desaf\u00edos que enfrentan los pa\u00edses de la regi\u00f3n.<\/p>\n\n\n\n<p class=\"wp-block-paragraph\">La propuesta busca establecer un <strong>canal permanente de di\u00e1logo entre parlamentos<\/strong>, permitiendo intercambiar experiencias y buenas pr\u00e1cticas en \u00e1reas estrat\u00e9gicas como <strong>seguridad, atracci\u00f3n de inversiones, modernizaci\u00f3n del Estado, eficiencia legislativa y transformaci\u00f3n digital<\/strong>. Esta iniciativa pretende consolidar una red de cooperaci\u00f3n que permita a los legislativos trabajar de manera coordinada frente a problem\u00e1ticas que trascienden las fronteras nacionales.<\/p>\n\n\n\n<p class=\"wp-block-paragraph\">La idea surge tras una agenda internacional desarrollada por Olsen en varios pa\u00edses sudamericanos, donde mantuvo reuniones con autoridades parlamentarias y representantes institucionales para analizar experiencias exitosas que puedan replicarse en otros sistemas legislativos. Estas visitas forman parte de la primera etapa de un proyecto que apunta a la creaci\u00f3n de una <strong>Red Parlamentaria de Latinoam\u00e9rica<\/strong>.<\/p>\n\n\n\n<h2 class=\"wp-block-heading\"><strong>Acuerdos de cooperaci\u00f3n con Chile, Uruguay y Argentina<\/strong><\/h2>\n\n\n\n<p class=\"wp-block-paragraph\">Durante su visita a Chile, Olsen se reuni\u00f3 con <strong>Paulina N\u00fa\u00f1ez<\/strong>, presidenta del Senado chileno, y con <strong>Jorge Alessandri<\/strong>, presidente de la C\u00e1mara de Diputadas y Diputados. En este encuentro se firm\u00f3 un <strong>Memorando de Entendimiento<\/strong> enfocado en fortalecer la cooperaci\u00f3n en <strong>modernizaci\u00f3n digital, transparencia institucional y transferencia de herramientas tecnol\u00f3gicas<\/strong>.<\/p>\n\n\n\n<p class=\"wp-block-paragraph\">Uno de los proyectos derivados de este acuerdo es la implementaci\u00f3n en Ecuador de la plataforma de inteligencia artificial <strong>ANIA<\/strong>, un sistema dise\u00f1ado para mejorar la gesti\u00f3n parlamentaria mediante el uso de tecnolog\u00eda avanzada para el an\u00e1lisis y procesamiento de informaci\u00f3n legislativa.<\/p>\n\n\n\n<p class=\"wp-block-paragraph\">Posteriormente, Olsen visit\u00f3 Uruguay, donde mantuvo un encuentro con <strong>Rodrigo Go\u00f1i<\/strong>, presidente de la C\u00e1mara de Representantes. En esta reuni\u00f3n se abordaron temas relacionados con <strong>regulaci\u00f3n de inteligencia artificial, gobernanza tecnol\u00f3gica y planificaci\u00f3n legislativa con visi\u00f3n hacia los a\u00f1os 2030 y 2050<\/strong>, aspectos clave para anticipar los cambios que traer\u00e1n las nuevas tecnolog\u00edas.<\/p>\n\n\n\n<p class=\"wp-block-paragraph\">La agenda regional tambi\u00e9n incluy\u00f3 una visita a Argentina, donde el presidente de la Asamblea se reuni\u00f3 con <strong>Mart\u00edn Menem<\/strong>, titular de la C\u00e1mara de Diputados. Durante este encuentro se intercambiaron experiencias sobre <strong>digitalizaci\u00f3n parlamentaria y marcos regulatorios para fomentar la inversi\u00f3n y el desarrollo econ\u00f3mico<\/strong>.<\/p>\n\n\n\n<p class=\"wp-block-paragraph\">Adem\u00e1s, Olsen sostuvo un di\u00e1logo con <strong>Patricia Bullrich<\/strong>, en el que se analizaron estrategias de cooperaci\u00f3n en <strong>seguridad y lucha contra el crimen transnacional<\/strong>, uno de los principales desaf\u00edos que enfrentan los pa\u00edses de la regi\u00f3n.<\/p>\n\n\n\n<h2 class=\"wp-block-heading\"><strong>Primer encuentro de la alianza parlamentaria en Ecuador<\/strong><\/h2>\n\n\n\n<p class=\"wp-block-paragraph\">Como parte de esta iniciativa, se prev\u00e9 que <strong>Ecuador sea sede del primer encuentro formal de esta alianza parlamentaria latinoamericana<\/strong> durante este a\u00f1o. La reuni\u00f3n buscar\u00e1 convocar a los pa\u00edses participantes y ampliar la invitaci\u00f3n a otros parlamentos de la regi\u00f3n interesados en formar parte de este espacio de cooperaci\u00f3n legislativa.<\/p>\n\n\n\n<p class=\"wp-block-paragraph\">En este encuentro se definir\u00e1n <strong>l\u00edneas de trabajo conjuntas, prioridades regionales y mecanismos de intercambio institucional<\/strong>, con el objetivo de consolidar una red de di\u00e1logo permanente entre los poderes legislativos de Latinoam\u00e9rica.<\/p>\n","protected":false},"excerpt":{"rendered":"<p>El presidente de la Asamblea Nacional del Ecuador, Niels Olsen, impulsa una iniciativa para crear una alianza parlamentaria regional en Latinoam\u00e9rica, con el objetivo de fortalecer la cooperaci\u00f3n entre los poderes legislativos y promover una agenda com\u00fan frente a los principales desaf\u00edos que enfrentan los pa\u00edses de la regi\u00f3n. La propuesta busca establecer un canal [&hellip;]<\/p>\n","protected":false},"author":1,"featured_media":28898,"comment_status":"open","ping_status":"open","sticky":false,"template":"","format":"standard","meta":{"footnotes":""},"categories":[52],"tags":[],"class_list":["post-28897","post","type-post","status-publish","format-standard","has-post-thumbnail","hentry","category-politica"],"yoast_head":"<!-- This site is optimized with the Yoast SEO plugin v28.3 - https:\/\/yoast.com\/product\/yoast-seo-wordpress\/ -->\n<title>Niels Olsen impulsa alianza parlamentaria regional para fortalecer cooperaci\u00f3n legislativa - 92.5 FOREVER Radio<\/title>\n<meta name=\"description\" content=\"Niels Olsen impulsa una alianza parlamentaria latinoamericana para fortalecer la cooperaci\u00f3n legislativa, modernizaci\u00f3n digital,\" \/>\n<meta name=\"robots\" content=\"index, follow, max-snippet:-1, max-image-preview:large, max-video-preview:-1\" \/>\n<link rel=\"canonical\" href=\"https:\/\/foreverfutbol.com.ec\/radio\/politica\/niels-olsen-impulsa-alianza-parlamentaria-regional-para-fortalecer-cooperacion-legislativa\/\" \/>\n<meta property=\"og:locale\" content=\"es_ES\" \/>\n<meta property=\"og:type\" content=\"article\" \/>\n<meta property=\"og:title\" content=\"Niels Olsen impulsa alianza parlamentaria regional para fortalecer cooperaci\u00f3n legislativa - 92.5 FOREVER Radio\" \/>\n<meta property=\"og:description\" content=\"Niels Olsen impulsa una alianza parlamentaria latinoamericana para fortalecer la cooperaci\u00f3n legislativa, modernizaci\u00f3n digital,\" \/>\n<meta property=\"og:url\" content=\"https:\/\/foreverfutbol.com.ec\/radio\/politica\/niels-olsen-impulsa-alianza-parlamentaria-regional-para-fortalecer-cooperacion-legislativa\/\" \/>\n<meta property=\"og:site_name\" content=\"92.5 FOREVER Radio\" \/>\n<meta property=\"article:publisher\" content=\"https:\/\/www.facebook.com\/profile.php?id=100063550693491\" \/>\n<meta property=\"article:published_time\" content=\"2026-04-27T21:43:34+00:00\" \/>\n<meta property=\"article:modified_time\" content=\"2026-04-27T21:43:35+00:00\" \/>\n<meta property=\"og:image\" content=\"https:\/\/foreverfutbol.com.ec\/radio\/wp-content\/uploads\/2026\/04\/image-22-2.webp\" \/>\n\t<meta property=\"og:image:width\" content=\"1004\" \/>\n\t<meta property=\"og:image:height\" content=\"670\" \/>\n\t<meta property=\"og:image:type\" content=\"image\/webp\" \/>\n<meta name=\"author\" content=\"Ricardo Rodriguez\" \/>\n<meta name=\"twitter:card\" content=\"summary_large_image\" \/>\n<meta name=\"twitter:creator\" content=\"@925forever\" \/>\n<meta name=\"twitter:site\" content=\"@925forever\" \/>\n<meta name=\"twitter:label1\" content=\"Escrito por\" \/>\n\t<meta name=\"twitter:data1\" content=\"Ricardo Rodriguez\" \/>\n\t<meta name=\"twitter:label2\" content=\"Tiempo de lectura\" \/>\n\t<meta name=\"twitter:data2\" content=\"3 minutos\" \/>\n<script type=\"application\/ld+json\" class=\"yoast-schema-graph\">{\"@context\":\"https:\\\/\\\/schema.org\",\"@graph\":[{\"@type\":\"Article\",\"@id\":\"https:\\\/\\\/foreverfutbol.com.ec\\\/radio\\\/politica\\\/niels-olsen-impulsa-alianza-parlamentaria-regional-para-fortalecer-cooperacion-legislativa\\\/#article\",\"isPartOf\":{\"@id\":\"https:\\\/\\\/foreverfutbol.com.ec\\\/radio\\\/politica\\\/niels-olsen-impulsa-alianza-parlamentaria-regional-para-fortalecer-cooperacion-legislativa\\\/\"},\"author\":{\"name\":\"Ricardo Rodriguez\",\"@id\":\"https:\\\/\\\/foreverfutbol.com.ec\\\/radio\\\/#\\\/schema\\\/person\\\/2f679dd16f889ac00df6e7b648062a01\"},\"headline\":\"Niels Olsen impulsa alianza parlamentaria regional para fortalecer cooperaci\u00f3n legislativa\",\"datePublished\":\"2026-04-27T21:43:34+00:00\",\"dateModified\":\"2026-04-27T21:43:35+00:00\",\"mainEntityOfPage\":{\"@id\":\"https:\\\/\\\/foreverfutbol.com.ec\\\/radio\\\/politica\\\/niels-olsen-impulsa-alianza-parlamentaria-regional-para-fortalecer-cooperacion-legislativa\\\/\"},\"wordCount\":560,\"commentCount\":0,\"publisher\":{\"@id\":\"https:\\\/\\\/foreverfutbol.com.ec\\\/radio\\\/#organization\"},\"image\":{\"@id\":\"https:\\\/\\\/foreverfutbol.com.ec\\\/radio\\\/politica\\\/niels-olsen-impulsa-alianza-parlamentaria-regional-para-fortalecer-cooperacion-legislativa\\\/#primaryimage\"},\"thumbnailUrl\":\"https:\\\/\\\/foreverfutbol.com.ec\\\/radio\\\/wp-content\\\/uploads\\\/2026\\\/04\\\/image-22-2.webp\",\"articleSection\":[\"Pol\u00edtica\"],\"inLanguage\":\"es\",\"potentialAction\":[{\"@type\":\"CommentAction\",\"name\":\"Comment\",\"target\":[\"https:\\\/\\\/foreverfutbol.com.ec\\\/radio\\\/politica\\\/niels-olsen-impulsa-alianza-parlamentaria-regional-para-fortalecer-cooperacion-legislativa\\\/#respond\"]}]},{\"@type\":\"WebPage\",\"@id\":\"https:\\\/\\\/foreverfutbol.com.ec\\\/radio\\\/politica\\\/niels-olsen-impulsa-alianza-parlamentaria-regional-para-fortalecer-cooperacion-legislativa\\\/\",\"url\":\"https:\\\/\\\/foreverfutbol.com.ec\\\/radio\\\/politica\\\/niels-olsen-impulsa-alianza-parlamentaria-regional-para-fortalecer-cooperacion-legislativa\\\/\",\"name\":\"Niels Olsen impulsa alianza parlamentaria regional para fortalecer cooperaci\u00f3n legislativa - 92.5 FOREVER Radio\",\"isPartOf\":{\"@id\":\"https:\\\/\\\/foreverfutbol.com.ec\\\/radio\\\/#website\"},\"primaryImageOfPage\":{\"@id\":\"https:\\\/\\\/foreverfutbol.com.ec\\\/radio\\\/politica\\\/niels-olsen-impulsa-alianza-parlamentaria-regional-para-fortalecer-cooperacion-legislativa\\\/#primaryimage\"},\"image\":{\"@id\":\"https:\\\/\\\/foreverfutbol.com.ec\\\/radio\\\/politica\\\/niels-olsen-impulsa-alianza-parlamentaria-regional-para-fortalecer-cooperacion-legislativa\\\/#primaryimage\"},\"thumbnailUrl\":\"https:\\\/\\\/foreverfutbol.com.ec\\\/radio\\\/wp-content\\\/uploads\\\/2026\\\/04\\\/image-22-2.webp\",\"datePublished\":\"2026-04-27T21:43:34+00:00\",\"dateModified\":\"2026-04-27T21:43:35+00:00\",\"description\":\"Niels Olsen impulsa una alianza parlamentaria latinoamericana para fortalecer la cooperaci\u00f3n legislativa, modernizaci\u00f3n digital,\",\"breadcrumb\":{\"@id\":\"https:\\\/\\\/foreverfutbol.com.ec\\\/radio\\\/politica\\\/niels-olsen-impulsa-alianza-parlamentaria-regional-para-fortalecer-cooperacion-legislativa\\\/#breadcrumb\"},\"inLanguage\":\"es\",\"potentialAction\":[{\"@type\":\"ReadAction\",\"target\":[\"https:\\\/\\\/foreverfutbol.com.ec\\\/radio\\\/politica\\\/niels-olsen-impulsa-alianza-parlamentaria-regional-para-fortalecer-cooperacion-legislativa\\\/\"]}]},{\"@type\":\"ImageObject\",\"inLanguage\":\"es\",\"@id\":\"https:\\\/\\\/foreverfutbol.com.ec\\\/radio\\\/politica\\\/niels-olsen-impulsa-alianza-parlamentaria-regional-para-fortalecer-cooperacion-legislativa\\\/#primaryimage\",\"url\":\"https:\\\/\\\/foreverfutbol.com.ec\\\/radio\\\/wp-content\\\/uploads\\\/2026\\\/04\\\/image-22-2.webp\",\"contentUrl\":\"https:\\\/\\\/foreverfutbol.com.ec\\\/radio\\\/wp-content\\\/uploads\\\/2026\\\/04\\\/image-22-2.webp\",\"width\":1004,\"height\":670,\"caption\":\"Niels Olsen impulsa alianza parlamentaria regional para fortalecer cooperaci\u00f3n legislativa\"},{\"@type\":\"BreadcrumbList\",\"@id\":\"https:\\\/\\\/foreverfutbol.com.ec\\\/radio\\\/politica\\\/niels-olsen-impulsa-alianza-parlamentaria-regional-para-fortalecer-cooperacion-legislativa\\\/#breadcrumb\",\"itemListElement\":[{\"@type\":\"ListItem\",\"position\":1,\"name\":\"Portada\",\"item\":\"https:\\\/\\\/foreverfutbol.com.ec\\\/radio\\\/\"},{\"@type\":\"ListItem\",\"position\":2,\"name\":\"Niels Olsen impulsa alianza parlamentaria regional para fortalecer cooperaci\u00f3n legislativa\"}]},{\"@type\":\"WebSite\",\"@id\":\"https:\\\/\\\/foreverfutbol.com.ec\\\/radio\\\/#website\",\"url\":\"https:\\\/\\\/foreverfutbol.com.ec\\\/radio\\\/\",\"name\":\"92.5 FOREVER Radio\",\"description\":\"\",\"publisher\":{\"@id\":\"https:\\\/\\\/foreverfutbol.com.ec\\\/radio\\\/#organization\"},\"potentialAction\":[{\"@type\":\"SearchAction\",\"target\":{\"@type\":\"EntryPoint\",\"urlTemplate\":\"https:\\\/\\\/foreverfutbol.com.ec\\\/radio\\\/?s={search_term_string}\"},\"query-input\":{\"@type\":\"PropertyValueSpecification\",\"valueRequired\":true,\"valueName\":\"search_term_string\"}}],\"inLanguage\":\"es\"},{\"@type\":\"Organization\",\"@id\":\"https:\\\/\\\/foreverfutbol.com.ec\\\/radio\\\/#organization\",\"name\":\"92.5 FOREVER Radio\",\"url\":\"https:\\\/\\\/foreverfutbol.com.ec\\\/radio\\\/\",\"logo\":{\"@type\":\"ImageObject\",\"inLanguage\":\"es\",\"@id\":\"https:\\\/\\\/foreverfutbol.com.ec\\\/radio\\\/#\\\/schema\\\/logo\\\/image\\\/\",\"url\":\"https:\\\/\\\/foreverfutbol.com.ec\\\/radio\\\/wp-content\\\/uploads\\\/2024\\\/01\\\/cropped-logo-forever.png\",\"contentUrl\":\"https:\\\/\\\/foreverfutbol.com.ec\\\/radio\\\/wp-content\\\/uploads\\\/2024\\\/01\\\/cropped-logo-forever.png\",\"width\":180,\"height\":154,\"caption\":\"92.5 FOREVER Radio\"},\"image\":{\"@id\":\"https:\\\/\\\/foreverfutbol.com.ec\\\/radio\\\/#\\\/schema\\\/logo\\\/image\\\/\"},\"sameAs\":[\"https:\\\/\\\/www.facebook.com\\\/profile.php?id=100063550693491\",\"https:\\\/\\\/x.com\\\/925forever\",\"https:\\\/\\\/www.instagram.com\\\/radioforever925\\\/\"]},{\"@type\":\"Person\",\"@id\":\"https:\\\/\\\/foreverfutbol.com.ec\\\/radio\\\/#\\\/schema\\\/person\\\/2f679dd16f889ac00df6e7b648062a01\",\"name\":\"Ricardo Rodriguez\",\"image\":{\"@type\":\"ImageObject\",\"inLanguage\":\"es\",\"@id\":\"https:\\\/\\\/secure.gravatar.com\\\/avatar\\\/5d9dfb95700bd0c503ed088d29de94822b5cc66a74cb0362774e6fc534823d07?s=96&d=mm&r=g\",\"url\":\"https:\\\/\\\/secure.gravatar.com\\\/avatar\\\/5d9dfb95700bd0c503ed088d29de94822b5cc66a74cb0362774e6fc534823d07?s=96&d=mm&r=g\",\"contentUrl\":\"https:\\\/\\\/secure.gravatar.com\\\/avatar\\\/5d9dfb95700bd0c503ed088d29de94822b5cc66a74cb0362774e6fc534823d07?s=96&d=mm&r=g\",\"caption\":\"Ricardo Rodriguez\"},\"sameAs\":[\"https:\\\/\\\/foreverfutbol.com.ec\\\/radio\"],\"url\":\"https:\\\/\\\/foreverfutbol.com.ec\\\/radio\\\/author\\\/superdmin\\\/\"}]}<\/script>\n<!-- \/ Yoast SEO plugin. -->","yoast_head_json":{"title":"Niels Olsen impulsa alianza parlamentaria regional para fortalecer cooperaci\u00f3n legislativa - 92.5 FOREVER Radio","description":"Niels Olsen impulsa una alianza parlamentaria latinoamericana para fortalecer la cooperaci\u00f3n legislativa, modernizaci\u00f3n digital,","robots":{"index":"index","follow":"follow","max-snippet":"max-snippet:-1","max-image-preview":"max-image-preview:large","max-video-preview":"max-video-preview:-1"},"canonical":"https:\/\/foreverfutbol.com.ec\/radio\/politica\/niels-olsen-impulsa-alianza-parlamentaria-regional-para-fortalecer-cooperacion-legislativa\/","og_locale":"es_ES","og_type":"article","og_title":"Niels Olsen impulsa alianza parlamentaria regional para fortalecer cooperaci\u00f3n legislativa - 92.5 FOREVER Radio","og_description":"Niels Olsen impulsa una alianza parlamentaria latinoamericana para fortalecer la cooperaci\u00f3n legislativa, modernizaci\u00f3n digital,","og_url":"https:\/\/foreverfutbol.com.ec\/radio\/politica\/niels-olsen-impulsa-alianza-parlamentaria-regional-para-fortalecer-cooperacion-legislativa\/","og_site_name":"92.5 FOREVER Radio","article_publisher":"https:\/\/www.facebook.com\/profile.php?id=100063550693491","article_published_time":"2026-04-27T21:43:34+00:00","article_modified_time":"2026-04-27T21:43:35+00:00","og_image":[{"width":1004,"height":670,"url":"https:\/\/foreverfutbol.com.ec\/radio\/wp-content\/uploads\/2026\/04\/image-22-2.webp","type":"image\/webp"}],"author":"Ricardo Rodriguez","twitter_card":"summary_large_image","twitter_creator":"@925forever","twitter_site":"@925forever","twitter_misc":{"Escrito por":"Ricardo Rodriguez","Tiempo de lectura":"3 minutos"},"schema":{"@context":"https:\/\/schema.org","@graph":[{"@type":"Article","@id":"https:\/\/foreverfutbol.com.ec\/radio\/politica\/niels-olsen-impulsa-alianza-parlamentaria-regional-para-fortalecer-cooperacion-legislativa\/#article","isPartOf":{"@id":"https:\/\/foreverfutbol.com.ec\/radio\/politica\/niels-olsen-impulsa-alianza-parlamentaria-regional-para-fortalecer-cooperacion-legislativa\/"},"author":{"name":"Ricardo Rodriguez","@id":"https:\/\/foreverfutbol.com.ec\/radio\/#\/schema\/person\/2f679dd16f889ac00df6e7b648062a01"},"headline":"Niels Olsen impulsa alianza parlamentaria regional para fortalecer cooperaci\u00f3n legislativa","datePublished":"2026-04-27T21:43:34+00:00","dateModified":"2026-04-27T21:43:35+00:00","mainEntityOfPage":{"@id":"https:\/\/foreverfutbol.com.ec\/radio\/politica\/niels-olsen-impulsa-alianza-parlamentaria-regional-para-fortalecer-cooperacion-legislativa\/"},"wordCount":560,"commentCount":0,"publisher":{"@id":"https:\/\/foreverfutbol.com.ec\/radio\/#organization"},"image":{"@id":"https:\/\/foreverfutbol.com.ec\/radio\/politica\/niels-olsen-impulsa-alianza-parlamentaria-regional-para-fortalecer-cooperacion-legislativa\/#primaryimage"},"thumbnailUrl":"https:\/\/foreverfutbol.com.ec\/radio\/wp-content\/uploads\/2026\/04\/image-22-2.webp","articleSection":["Pol\u00edtica"],"inLanguage":"es","potentialAction":[{"@type":"CommentAction","name":"Comment","target":["https:\/\/foreverfutbol.com.ec\/radio\/politica\/niels-olsen-impulsa-alianza-parlamentaria-regional-para-fortalecer-cooperacion-legislativa\/#respond"]}]},{"@type":"WebPage","@id":"https:\/\/foreverfutbol.com.ec\/radio\/politica\/niels-olsen-impulsa-alianza-parlamentaria-regional-para-fortalecer-cooperacion-legislativa\/","url":"https:\/\/foreverfutbol.com.ec\/radio\/politica\/niels-olsen-impulsa-alianza-parlamentaria-regional-para-fortalecer-cooperacion-legislativa\/","name":"Niels Olsen impulsa alianza parlamentaria regional para fortalecer cooperaci\u00f3n legislativa - 92.5 FOREVER Radio","isPartOf":{"@id":"https:\/\/foreverfutbol.com.ec\/radio\/#website"},"primaryImageOfPage":{"@id":"https:\/\/foreverfutbol.com.ec\/radio\/politica\/niels-olsen-impulsa-alianza-parlamentaria-regional-para-fortalecer-cooperacion-legislativa\/#primaryimage"},"image":{"@id":"https:\/\/foreverfutbol.com.ec\/radio\/politica\/niels-olsen-impulsa-alianza-parlamentaria-regional-para-fortalecer-cooperacion-legislativa\/#primaryimage"},"thumbnailUrl":"https:\/\/foreverfutbol.com.ec\/radio\/wp-content\/uploads\/2026\/04\/image-22-2.webp","datePublished":"2026-04-27T21:43:34+00:00","dateModified":"2026-04-27T21:43:35+00:00","description":"Niels Olsen impulsa una alianza parlamentaria latinoamericana para fortalecer la cooperaci\u00f3n legislativa, modernizaci\u00f3n digital,","breadcrumb":{"@id":"https:\/\/foreverfutbol.com.ec\/radio\/politica\/niels-olsen-impulsa-alianza-parlamentaria-regional-para-fortalecer-cooperacion-legislativa\/#breadcrumb"},"inLanguage":"es","potentialAction":[{"@type":"ReadAction","target":["https:\/\/foreverfutbol.com.ec\/radio\/politica\/niels-olsen-impulsa-alianza-parlamentaria-regional-para-fortalecer-cooperacion-legislativa\/"]}]},{"@type":"ImageObject","inLanguage":"es","@id":"https:\/\/foreverfutbol.com.ec\/radio\/politica\/niels-olsen-impulsa-alianza-parlamentaria-regional-para-fortalecer-cooperacion-legislativa\/#primaryimage","url":"https:\/\/foreverfutbol.com.ec\/radio\/wp-content\/uploads\/2026\/04\/image-22-2.webp","contentUrl":"https:\/\/foreverfutbol.com.ec\/radio\/wp-content\/uploads\/2026\/04\/image-22-2.webp","width":1004,"height":670,"caption":"Niels Olsen impulsa alianza parlamentaria regional para fortalecer cooperaci\u00f3n legislativa"},{"@type":"BreadcrumbList","@id":"https:\/\/foreverfutbol.com.ec\/radio\/politica\/niels-olsen-impulsa-alianza-parlamentaria-regional-para-fortalecer-cooperacion-legislativa\/#breadcrumb","itemListElement":[{"@type":"ListItem","position":1,"name":"Portada","item":"https:\/\/foreverfutbol.com.ec\/radio\/"},{"@type":"ListItem","position":2,"name":"Niels Olsen impulsa alianza parlamentaria regional para fortalecer cooperaci\u00f3n legislativa"}]},{"@type":"WebSite","@id":"https:\/\/foreverfutbol.com.ec\/radio\/#website","url":"https:\/\/foreverfutbol.com.ec\/radio\/","name":"92.5 FOREVER Radio","description":"","publisher":{"@id":"https:\/\/foreverfutbol.com.ec\/radio\/#organization"},"potentialAction":[{"@type":"SearchAction","target":{"@type":"EntryPoint","urlTemplate":"https:\/\/foreverfutbol.com.ec\/radio\/?s={search_term_string}"},"query-input":{"@type":"PropertyValueSpecification","valueRequired":true,"valueName":"search_term_string"}}],"inLanguage":"es"},{"@type":"Organization","@id":"https:\/\/foreverfutbol.com.ec\/radio\/#organization","name":"92.5 FOREVER Radio","url":"https:\/\/foreverfutbol.com.ec\/radio\/","logo":{"@type":"ImageObject","inLanguage":"es","@id":"https:\/\/foreverfutbol.com.ec\/radio\/#\/schema\/logo\/image\/","url":"https:\/\/foreverfutbol.com.ec\/radio\/wp-content\/uploads\/2024\/01\/cropped-logo-forever.png","contentUrl":"https:\/\/foreverfutbol.com.ec\/radio\/wp-content\/uploads\/2024\/01\/cropped-logo-forever.png","width":180,"height":154,"caption":"92.5 FOREVER Radio"},"image":{"@id":"https:\/\/foreverfutbol.com.ec\/radio\/#\/schema\/logo\/image\/"},"sameAs":["https:\/\/www.facebook.com\/profile.php?id=100063550693491","https:\/\/x.com\/925forever","https:\/\/www.instagram.com\/radioforever925\/"]},{"@type":"Person","@id":"https:\/\/foreverfutbol.com.ec\/radio\/#\/schema\/person\/2f679dd16f889ac00df6e7b648062a01","name":"Ricardo Rodriguez","image":{"@type":"ImageObject","inLanguage":"es","@id":"https:\/\/secure.gravatar.com\/avatar\/5d9dfb95700bd0c503ed088d29de94822b5cc66a74cb0362774e6fc534823d07?s=96&d=mm&r=g","url":"https:\/\/secure.gravatar.com\/avatar\/5d9dfb95700bd0c503ed088d29de94822b5cc66a74cb0362774e6fc534823d07?s=96&d=mm&r=g","contentUrl":"https:\/\/secure.gravatar.com\/avatar\/5d9dfb95700bd0c503ed088d29de94822b5cc66a74cb0362774e6fc534823d07?s=96&d=mm&r=g","caption":"Ricardo Rodriguez"},"sameAs":["https:\/\/foreverfutbol.com.ec\/radio"],"url":"https:\/\/foreverfutbol.com.ec\/radio\/author\/superdmin\/"}]}},"_links":{"self":[{"href":"https:\/\/foreverfutbol.com.ec\/radio\/wp-json\/wp\/v2\/posts\/28897","targetHints":{"allow":["GET"]}}],"collection":[{"href":"https:\/\/foreverfutbol.com.ec\/radio\/wp-json\/wp\/v2\/posts"}],"about":[{"href":"https:\/\/foreverfutbol.com.ec\/radio\/wp-json\/wp\/v2\/types\/post"}],"author":[{"embeddable":true,"href":"https:\/\/foreverfutbol.com.ec\/radio\/wp-json\/wp\/v2\/users\/1"}],"replies":[{"embeddable":true,"href":"https:\/\/foreverfutbol.com.ec\/radio\/wp-json\/wp\/v2\/comments?post=28897"}],"version-history":[{"count":1,"href":"https:\/\/foreverfutbol.com.ec\/radio\/wp-json\/wp\/v2\/posts\/28897\/revisions"}],"predecessor-version":[{"id":28899,"href":"https:\/\/foreverfutbol.com.ec\/radio\/wp-json\/wp\/v2\/posts\/28897\/revisions\/28899"}],"wp:featuredmedia":[{"embeddable":true,"href":"https:\/\/foreverfutbol.com.ec\/radio\/wp-json\/wp\/v2\/media\/28898"}],"wp:attachment":[{"href":"https:\/\/foreverfutbol.com.ec\/radio\/wp-json\/wp\/v2\/media?parent=28897"}],"wp:term":[{"taxonomy":"category","embeddable":true,"href":"https:\/\/foreverfutbol.com.ec\/radio\/wp-json\/wp\/v2\/categories?post=28897"},{"taxonomy":"post_tag","embeddable":true,"href":"https:\/\/foreverfutbol.com.ec\/radio\/wp-json\/wp\/v2\/tags?post=28897"}],"curies":[{"name":"wp","href":"https:\/\/api.w.org\/{rel}","templated":true}]}}