{"id":28894,"date":"2026-04-27T16:33:24","date_gmt":"2026-04-27T21:33:24","guid":{"rendered":"https:\/\/foreverfutbol.com.ec\/radio\/?p=28894"},"modified":"2026-04-27T16:33:25","modified_gmt":"2026-04-27T21:33:25","slug":"iva-sera-del-8-durante-el-feriado-extendido-por-el-dia-del-trabajo-en-ecuador","status":"publish","type":"post","link":"https:\/\/foreverfutbol.com.ec\/radio\/politica\/iva-sera-del-8-durante-el-feriado-extendido-por-el-dia-del-trabajo-en-ecuador\/","title":{"rendered":"IVA ser\u00e1 del 8 % durante el feriado extendido por el D\u00eda del Trabajo en Ecuador"},"content":{"rendered":"\n<h2 class=\"wp-block-heading\"><strong>Gobierno reduce temporalmente el IVA para impulsar el turismo<\/strong><\/h2>\n\n\n\n<p class=\"wp-block-paragraph\">El Gobierno de Ecuador anunci\u00f3 una <strong>reducci\u00f3n temporal del Impuesto al Valor Agregado (IVA) del 15 % al 8 %<\/strong> durante el feriado extendido por el D\u00eda del Trabajo, una medida que busca <strong>estimular el turismo interno y dinamizar la econom\u00eda nacional<\/strong> durante los d\u00edas de descanso.<\/p>\n\n\n\n<p class=\"wp-block-paragraph\">La decisi\u00f3n fue oficializada mediante el <strong>Decreto Ejecutivo 368<\/strong>, que establece que la tarifa reducida del IVA se aplicar\u00e1 <strong>desde el jueves 30 de abril hasta el domingo 3 de mayo de 2026<\/strong>. Durante estos cuatro d\u00edas, los establecimientos tur\u00edsticos deber\u00e1n <strong>emitir comprobantes de venta aplicando la tarifa del 8 %<\/strong>, lo que representa un beneficio directo para los consumidores que planean viajar o disfrutar de actividades recreativas.<\/p>\n\n\n\n<p class=\"wp-block-paragraph\">Esta pol\u00edtica forma parte de las acciones impulsadas por el presidente Daniel Noboa para <strong>fortalecer el sector tur\u00edstico<\/strong>, uno de los motores econ\u00f3micos m\u00e1s importantes del pa\u00eds. Con la reducci\u00f3n del impuesto, se espera <strong>incrementar la demanda de servicios tur\u00edsticos, incentivar el consumo y promover la movilidad interna<\/strong> durante el feriado.<\/p>\n\n\n\n<h2 class=\"wp-block-heading\"><strong>Servicios tur\u00edsticos que aplicar\u00e1n el IVA del 8 %<\/strong><\/h2>\n\n\n\n<p class=\"wp-block-paragraph\">La reducci\u00f3n del IVA aplicar\u00e1 exclusivamente a las actividades contempladas en el <strong>art\u00edculo 5 de la Ley de Turismo<\/strong>, las cuales incluyen una amplia variedad de servicios relacionados con el sector tur\u00edstico.<\/p>\n\n\n\n<p class=\"wp-block-paragraph\">Entre los principales servicios que deber\u00e1n facturar con la tarifa reducida del 8 % se encuentran:<\/p>\n\n\n\n<ul class=\"wp-block-list\">\n<li><strong>Servicios de alojamiento<\/strong>, como hoteles, hostales, resorts y hospedajes tur\u00edsticos.<\/li>\n\n\n\n<li><strong>Servicios de alimentos y bebidas<\/strong>, incluyendo restaurantes, cafeter\u00edas y establecimientos gastron\u00f3micos orientados al turismo.<\/li>\n\n\n\n<li><strong>Servicios de transportaci\u00f3n tur\u00edstica<\/strong>, ya sea <strong>a\u00e9rea, mar\u00edtima, fluvial o terrestre<\/strong>, as\u00ed como el <strong>alquiler de veh\u00edculos<\/strong>.<\/li>\n\n\n\n<li><strong>Operaci\u00f3n tur\u00edstica<\/strong>, cuando las agencias de viajes proporcionen transporte propio para los turistas.<\/li>\n\n\n\n<li><strong>Servicios de intermediaci\u00f3n tur\u00edstica<\/strong>, como agencias de viajes, operadores tur\u00edsticos y organizadores de eventos, congresos y convenciones.<\/li>\n\n\n\n<li><strong>Centros de entretenimiento<\/strong>, como <strong>casinos, salas de juego, hip\u00f3dromos y parques de atracciones permanentes<\/strong>.<\/li>\n<\/ul>\n\n\n\n<p class=\"wp-block-paragraph\">La normativa establece que <strong>todos los negocios que ofrezcan estos servicios deber\u00e1n aplicar obligatoriamente la tarifa del 8 % en los comprobantes de venta<\/strong> durante los d\u00edas del feriado, garantizando que los consumidores reciban el beneficio fiscal establecido por el Gobierno.<\/p>\n\n\n\n<h2 class=\"wp-block-heading\"><strong>Feriado nacional de cuatro d\u00edas en Ecuador<\/strong><\/h2>\n\n\n\n<p class=\"wp-block-paragraph\">El beneficio tributario coincide con el <strong>feriado nacional extendido por el D\u00eda del Trabajo<\/strong>, que este a\u00f1o tendr\u00e1 una duraci\u00f3n de <strong>cuatro d\u00edas consecutivos<\/strong>.<\/p>\n\n\n\n<p class=\"wp-block-paragraph\">Mediante el <strong>Decreto Ejecutivo 354<\/strong>, emitido previamente por el Gobierno, se dispuso <strong>la suspensi\u00f3n de la jornada laboral del jueves 30 de abril<\/strong>, lo que permitir\u00e1 que el descanso se extienda hasta el domingo 3 de mayo.<\/p>\n\n\n\n<p class=\"wp-block-paragraph\">De esta manera, el calendario de descanso en el pa\u00eds queda establecido de la siguiente forma:<\/p>\n\n\n\n<ul class=\"wp-block-list\">\n<li><strong>Jueves 30 de abril<\/strong><\/li>\n\n\n\n<li><strong>Viernes 1 de mayo (D\u00eda del Trabajo)<\/strong><\/li>\n\n\n\n<li><strong>S\u00e1bado 2 de mayo<\/strong><\/li>\n\n\n\n<li><strong>Domingo 3 de mayo<\/strong><\/li>\n<\/ul>\n\n\n\n<p class=\"wp-block-paragraph\">La medida aplica tanto para <strong>el sector p\u00fablico como para el sector privado<\/strong>, permitiendo que millones de ciudadanos puedan <strong>aprovechar el feriado para viajar, realizar actividades tur\u00edsticas o compartir en familia<\/strong> mientras se benefician de la reducci\u00f3n temporal del IVA en los servicios tur\u00edsticos del pa\u00eds.<\/p>\n","protected":false},"excerpt":{"rendered":"<p>Gobierno reduce temporalmente el IVA para impulsar el turismo El Gobierno de Ecuador anunci\u00f3 una reducci\u00f3n temporal del Impuesto al Valor Agregado (IVA) del 15 % al 8 % durante el feriado extendido por el D\u00eda del Trabajo, una medida que busca estimular el turismo interno y dinamizar la econom\u00eda nacional durante los d\u00edas de [&hellip;]<\/p>\n","protected":false},"author":1,"featured_media":28895,"comment_status":"open","ping_status":"open","sticky":false,"template":"","format":"standard","meta":{"footnotes":""},"categories":[53,52],"tags":[],"class_list":["post-28894","post","type-post","status-publish","format-standard","has-post-thumbnail","hentry","category-economia","category-politica"],"yoast_head":"<!-- This site is optimized with the Yoast SEO plugin v28.3 - https:\/\/yoast.com\/product\/yoast-seo-wordpress\/ -->\n<title>IVA ser\u00e1 del 8 % durante el feriado extendido por el D\u00eda del Trabajo en Ecuador - 92.5 FOREVER Radio<\/title>\n<meta name=\"description\" content=\"El IVA en Ecuador bajar\u00e1 al 8 % durante el feriado del D\u00eda del Trabajo del 30 de abril al 3 de mayo de 2026 para servicios tur\u00edsticos\" \/>\n<meta name=\"robots\" content=\"index, follow, max-snippet:-1, max-image-preview:large, max-video-preview:-1\" \/>\n<link rel=\"canonical\" href=\"https:\/\/foreverfutbol.com.ec\/radio\/politica\/iva-sera-del-8-durante-el-feriado-extendido-por-el-dia-del-trabajo-en-ecuador\/\" \/>\n<meta property=\"og:locale\" content=\"es_ES\" \/>\n<meta property=\"og:type\" content=\"article\" \/>\n<meta property=\"og:title\" content=\"IVA ser\u00e1 del 8 % durante el feriado extendido por el D\u00eda del Trabajo en Ecuador - 92.5 FOREVER Radio\" \/>\n<meta property=\"og:description\" content=\"El IVA en Ecuador bajar\u00e1 al 8 % durante el feriado del D\u00eda del Trabajo del 30 de abril al 3 de mayo de 2026 para servicios tur\u00edsticos\" \/>\n<meta property=\"og:url\" content=\"https:\/\/foreverfutbol.com.ec\/radio\/politica\/iva-sera-del-8-durante-el-feriado-extendido-por-el-dia-del-trabajo-en-ecuador\/\" \/>\n<meta property=\"og:site_name\" content=\"92.5 FOREVER Radio\" \/>\n<meta property=\"article:publisher\" content=\"https:\/\/www.facebook.com\/profile.php?id=100063550693491\" \/>\n<meta property=\"article:published_time\" content=\"2026-04-27T21:33:24+00:00\" \/>\n<meta property=\"article:modified_time\" content=\"2026-04-27T21:33:25+00:00\" \/>\n<meta property=\"og:image\" content=\"https:\/\/foreverfutbol.com.ec\/radio\/wp-content\/uploads\/2026\/04\/image-21-2.webp\" \/>\n\t<meta property=\"og:image:width\" content=\"1190\" \/>\n\t<meta property=\"og:image:height\" content=\"670\" \/>\n\t<meta property=\"og:image:type\" content=\"image\/webp\" \/>\n<meta name=\"author\" content=\"Ricardo Rodriguez\" \/>\n<meta name=\"twitter:card\" content=\"summary_large_image\" \/>\n<meta name=\"twitter:creator\" content=\"@925forever\" \/>\n<meta name=\"twitter:site\" content=\"@925forever\" \/>\n<meta name=\"twitter:label1\" content=\"Escrito por\" \/>\n\t<meta name=\"twitter:data1\" content=\"Ricardo Rodriguez\" \/>\n\t<meta name=\"twitter:label2\" content=\"Tiempo de lectura\" \/>\n\t<meta name=\"twitter:data2\" content=\"3 minutos\" \/>\n<script type=\"application\/ld+json\" class=\"yoast-schema-graph\">{\"@context\":\"https:\\\/\\\/schema.org\",\"@graph\":[{\"@type\":\"Article\",\"@id\":\"https:\\\/\\\/foreverfutbol.com.ec\\\/radio\\\/politica\\\/iva-sera-del-8-durante-el-feriado-extendido-por-el-dia-del-trabajo-en-ecuador\\\/#article\",\"isPartOf\":{\"@id\":\"https:\\\/\\\/foreverfutbol.com.ec\\\/radio\\\/politica\\\/iva-sera-del-8-durante-el-feriado-extendido-por-el-dia-del-trabajo-en-ecuador\\\/\"},\"author\":{\"name\":\"Ricardo Rodriguez\",\"@id\":\"https:\\\/\\\/foreverfutbol.com.ec\\\/radio\\\/#\\\/schema\\\/person\\\/2f679dd16f889ac00df6e7b648062a01\"},\"headline\":\"IVA ser\u00e1 del 8 % durante el feriado extendido por el D\u00eda del Trabajo en Ecuador\",\"datePublished\":\"2026-04-27T21:33:24+00:00\",\"dateModified\":\"2026-04-27T21:33:25+00:00\",\"mainEntityOfPage\":{\"@id\":\"https:\\\/\\\/foreverfutbol.com.ec\\\/radio\\\/politica\\\/iva-sera-del-8-durante-el-feriado-extendido-por-el-dia-del-trabajo-en-ecuador\\\/\"},\"wordCount\":549,\"commentCount\":0,\"publisher\":{\"@id\":\"https:\\\/\\\/foreverfutbol.com.ec\\\/radio\\\/#organization\"},\"image\":{\"@id\":\"https:\\\/\\\/foreverfutbol.com.ec\\\/radio\\\/politica\\\/iva-sera-del-8-durante-el-feriado-extendido-por-el-dia-del-trabajo-en-ecuador\\\/#primaryimage\"},\"thumbnailUrl\":\"https:\\\/\\\/foreverfutbol.com.ec\\\/radio\\\/wp-content\\\/uploads\\\/2026\\\/04\\\/image-21-2.webp\",\"articleSection\":[\"Econom\u00eda\",\"Pol\u00edtica\"],\"inLanguage\":\"es\",\"potentialAction\":[{\"@type\":\"CommentAction\",\"name\":\"Comment\",\"target\":[\"https:\\\/\\\/foreverfutbol.com.ec\\\/radio\\\/politica\\\/iva-sera-del-8-durante-el-feriado-extendido-por-el-dia-del-trabajo-en-ecuador\\\/#respond\"]}]},{\"@type\":\"WebPage\",\"@id\":\"https:\\\/\\\/foreverfutbol.com.ec\\\/radio\\\/politica\\\/iva-sera-del-8-durante-el-feriado-extendido-por-el-dia-del-trabajo-en-ecuador\\\/\",\"url\":\"https:\\\/\\\/foreverfutbol.com.ec\\\/radio\\\/politica\\\/iva-sera-del-8-durante-el-feriado-extendido-por-el-dia-del-trabajo-en-ecuador\\\/\",\"name\":\"IVA ser\u00e1 del 8 % durante el feriado extendido por el D\u00eda del Trabajo en Ecuador - 92.5 FOREVER Radio\",\"isPartOf\":{\"@id\":\"https:\\\/\\\/foreverfutbol.com.ec\\\/radio\\\/#website\"},\"primaryImageOfPage\":{\"@id\":\"https:\\\/\\\/foreverfutbol.com.ec\\\/radio\\\/politica\\\/iva-sera-del-8-durante-el-feriado-extendido-por-el-dia-del-trabajo-en-ecuador\\\/#primaryimage\"},\"image\":{\"@id\":\"https:\\\/\\\/foreverfutbol.com.ec\\\/radio\\\/politica\\\/iva-sera-del-8-durante-el-feriado-extendido-por-el-dia-del-trabajo-en-ecuador\\\/#primaryimage\"},\"thumbnailUrl\":\"https:\\\/\\\/foreverfutbol.com.ec\\\/radio\\\/wp-content\\\/uploads\\\/2026\\\/04\\\/image-21-2.webp\",\"datePublished\":\"2026-04-27T21:33:24+00:00\",\"dateModified\":\"2026-04-27T21:33:25+00:00\",\"description\":\"El IVA en Ecuador bajar\u00e1 al 8 % durante el feriado del D\u00eda del Trabajo del 30 de abril al 3 de mayo de 2026 para servicios tur\u00edsticos\",\"breadcrumb\":{\"@id\":\"https:\\\/\\\/foreverfutbol.com.ec\\\/radio\\\/politica\\\/iva-sera-del-8-durante-el-feriado-extendido-por-el-dia-del-trabajo-en-ecuador\\\/#breadcrumb\"},\"inLanguage\":\"es\",\"potentialAction\":[{\"@type\":\"ReadAction\",\"target\":[\"https:\\\/\\\/foreverfutbol.com.ec\\\/radio\\\/politica\\\/iva-sera-del-8-durante-el-feriado-extendido-por-el-dia-del-trabajo-en-ecuador\\\/\"]}]},{\"@type\":\"ImageObject\",\"inLanguage\":\"es\",\"@id\":\"https:\\\/\\\/foreverfutbol.com.ec\\\/radio\\\/politica\\\/iva-sera-del-8-durante-el-feriado-extendido-por-el-dia-del-trabajo-en-ecuador\\\/#primaryimage\",\"url\":\"https:\\\/\\\/foreverfutbol.com.ec\\\/radio\\\/wp-content\\\/uploads\\\/2026\\\/04\\\/image-21-2.webp\",\"contentUrl\":\"https:\\\/\\\/foreverfutbol.com.ec\\\/radio\\\/wp-content\\\/uploads\\\/2026\\\/04\\\/image-21-2.webp\",\"width\":1190,\"height\":670,\"caption\":\"IVA ser\u00e1 del 8 % durante el feriado extendido por el D\u00eda del Trabajo en Ecuador\"},{\"@type\":\"BreadcrumbList\",\"@id\":\"https:\\\/\\\/foreverfutbol.com.ec\\\/radio\\\/politica\\\/iva-sera-del-8-durante-el-feriado-extendido-por-el-dia-del-trabajo-en-ecuador\\\/#breadcrumb\",\"itemListElement\":[{\"@type\":\"ListItem\",\"position\":1,\"name\":\"Portada\",\"item\":\"https:\\\/\\\/foreverfutbol.com.ec\\\/radio\\\/\"},{\"@type\":\"ListItem\",\"position\":2,\"name\":\"IVA ser\u00e1 del 8 % durante el feriado extendido por el D\u00eda del Trabajo en Ecuador\"}]},{\"@type\":\"WebSite\",\"@id\":\"https:\\\/\\\/foreverfutbol.com.ec\\\/radio\\\/#website\",\"url\":\"https:\\\/\\\/foreverfutbol.com.ec\\\/radio\\\/\",\"name\":\"92.5 FOREVER Radio\",\"description\":\"\",\"publisher\":{\"@id\":\"https:\\\/\\\/foreverfutbol.com.ec\\\/radio\\\/#organization\"},\"potentialAction\":[{\"@type\":\"SearchAction\",\"target\":{\"@type\":\"EntryPoint\",\"urlTemplate\":\"https:\\\/\\\/foreverfutbol.com.ec\\\/radio\\\/?s={search_term_string}\"},\"query-input\":{\"@type\":\"PropertyValueSpecification\",\"valueRequired\":true,\"valueName\":\"search_term_string\"}}],\"inLanguage\":\"es\"},{\"@type\":\"Organization\",\"@id\":\"https:\\\/\\\/foreverfutbol.com.ec\\\/radio\\\/#organization\",\"name\":\"92.5 FOREVER Radio\",\"url\":\"https:\\\/\\\/foreverfutbol.com.ec\\\/radio\\\/\",\"logo\":{\"@type\":\"ImageObject\",\"inLanguage\":\"es\",\"@id\":\"https:\\\/\\\/foreverfutbol.com.ec\\\/radio\\\/#\\\/schema\\\/logo\\\/image\\\/\",\"url\":\"https:\\\/\\\/foreverfutbol.com.ec\\\/radio\\\/wp-content\\\/uploads\\\/2024\\\/01\\\/cropped-logo-forever.png\",\"contentUrl\":\"https:\\\/\\\/foreverfutbol.com.ec\\\/radio\\\/wp-content\\\/uploads\\\/2024\\\/01\\\/cropped-logo-forever.png\",\"width\":180,\"height\":154,\"caption\":\"92.5 FOREVER Radio\"},\"image\":{\"@id\":\"https:\\\/\\\/foreverfutbol.com.ec\\\/radio\\\/#\\\/schema\\\/logo\\\/image\\\/\"},\"sameAs\":[\"https:\\\/\\\/www.facebook.com\\\/profile.php?id=100063550693491\",\"https:\\\/\\\/x.com\\\/925forever\",\"https:\\\/\\\/www.instagram.com\\\/radioforever925\\\/\"]},{\"@type\":\"Person\",\"@id\":\"https:\\\/\\\/foreverfutbol.com.ec\\\/radio\\\/#\\\/schema\\\/person\\\/2f679dd16f889ac00df6e7b648062a01\",\"name\":\"Ricardo Rodriguez\",\"image\":{\"@type\":\"ImageObject\",\"inLanguage\":\"es\",\"@id\":\"https:\\\/\\\/secure.gravatar.com\\\/avatar\\\/5d9dfb95700bd0c503ed088d29de94822b5cc66a74cb0362774e6fc534823d07?s=96&d=mm&r=g\",\"url\":\"https:\\\/\\\/secure.gravatar.com\\\/avatar\\\/5d9dfb95700bd0c503ed088d29de94822b5cc66a74cb0362774e6fc534823d07?s=96&d=mm&r=g\",\"contentUrl\":\"https:\\\/\\\/secure.gravatar.com\\\/avatar\\\/5d9dfb95700bd0c503ed088d29de94822b5cc66a74cb0362774e6fc534823d07?s=96&d=mm&r=g\",\"caption\":\"Ricardo Rodriguez\"},\"sameAs\":[\"https:\\\/\\\/foreverfutbol.com.ec\\\/radio\"],\"url\":\"https:\\\/\\\/foreverfutbol.com.ec\\\/radio\\\/author\\\/superdmin\\\/\"}]}<\/script>\n<!-- \/ Yoast SEO plugin. -->","yoast_head_json":{"title":"IVA ser\u00e1 del 8 % durante el feriado extendido por el D\u00eda del Trabajo en Ecuador - 92.5 FOREVER Radio","description":"El IVA en Ecuador bajar\u00e1 al 8 % durante el feriado del D\u00eda del Trabajo del 30 de abril al 3 de mayo de 2026 para servicios tur\u00edsticos","robots":{"index":"index","follow":"follow","max-snippet":"max-snippet:-1","max-image-preview":"max-image-preview:large","max-video-preview":"max-video-preview:-1"},"canonical":"https:\/\/foreverfutbol.com.ec\/radio\/politica\/iva-sera-del-8-durante-el-feriado-extendido-por-el-dia-del-trabajo-en-ecuador\/","og_locale":"es_ES","og_type":"article","og_title":"IVA ser\u00e1 del 8 % durante el feriado extendido por el D\u00eda del Trabajo en Ecuador - 92.5 FOREVER Radio","og_description":"El IVA en Ecuador bajar\u00e1 al 8 % durante el feriado del D\u00eda del Trabajo del 30 de abril al 3 de mayo de 2026 para servicios tur\u00edsticos","og_url":"https:\/\/foreverfutbol.com.ec\/radio\/politica\/iva-sera-del-8-durante-el-feriado-extendido-por-el-dia-del-trabajo-en-ecuador\/","og_site_name":"92.5 FOREVER Radio","article_publisher":"https:\/\/www.facebook.com\/profile.php?id=100063550693491","article_published_time":"2026-04-27T21:33:24+00:00","article_modified_time":"2026-04-27T21:33:25+00:00","og_image":[{"width":1190,"height":670,"url":"https:\/\/foreverfutbol.com.ec\/radio\/wp-content\/uploads\/2026\/04\/image-21-2.webp","type":"image\/webp"}],"author":"Ricardo Rodriguez","twitter_card":"summary_large_image","twitter_creator":"@925forever","twitter_site":"@925forever","twitter_misc":{"Escrito por":"Ricardo Rodriguez","Tiempo de lectura":"3 minutos"},"schema":{"@context":"https:\/\/schema.org","@graph":[{"@type":"Article","@id":"https:\/\/foreverfutbol.com.ec\/radio\/politica\/iva-sera-del-8-durante-el-feriado-extendido-por-el-dia-del-trabajo-en-ecuador\/#article","isPartOf":{"@id":"https:\/\/foreverfutbol.com.ec\/radio\/politica\/iva-sera-del-8-durante-el-feriado-extendido-por-el-dia-del-trabajo-en-ecuador\/"},"author":{"name":"Ricardo Rodriguez","@id":"https:\/\/foreverfutbol.com.ec\/radio\/#\/schema\/person\/2f679dd16f889ac00df6e7b648062a01"},"headline":"IVA ser\u00e1 del 8 % durante el feriado extendido por el D\u00eda del Trabajo en Ecuador","datePublished":"2026-04-27T21:33:24+00:00","dateModified":"2026-04-27T21:33:25+00:00","mainEntityOfPage":{"@id":"https:\/\/foreverfutbol.com.ec\/radio\/politica\/iva-sera-del-8-durante-el-feriado-extendido-por-el-dia-del-trabajo-en-ecuador\/"},"wordCount":549,"commentCount":0,"publisher":{"@id":"https:\/\/foreverfutbol.com.ec\/radio\/#organization"},"image":{"@id":"https:\/\/foreverfutbol.com.ec\/radio\/politica\/iva-sera-del-8-durante-el-feriado-extendido-por-el-dia-del-trabajo-en-ecuador\/#primaryimage"},"thumbnailUrl":"https:\/\/foreverfutbol.com.ec\/radio\/wp-content\/uploads\/2026\/04\/image-21-2.webp","articleSection":["Econom\u00eda","Pol\u00edtica"],"inLanguage":"es","potentialAction":[{"@type":"CommentAction","name":"Comment","target":["https:\/\/foreverfutbol.com.ec\/radio\/politica\/iva-sera-del-8-durante-el-feriado-extendido-por-el-dia-del-trabajo-en-ecuador\/#respond"]}]},{"@type":"WebPage","@id":"https:\/\/foreverfutbol.com.ec\/radio\/politica\/iva-sera-del-8-durante-el-feriado-extendido-por-el-dia-del-trabajo-en-ecuador\/","url":"https:\/\/foreverfutbol.com.ec\/radio\/politica\/iva-sera-del-8-durante-el-feriado-extendido-por-el-dia-del-trabajo-en-ecuador\/","name":"IVA ser\u00e1 del 8 % durante el feriado extendido por el D\u00eda del Trabajo en Ecuador - 92.5 FOREVER Radio","isPartOf":{"@id":"https:\/\/foreverfutbol.com.ec\/radio\/#website"},"primaryImageOfPage":{"@id":"https:\/\/foreverfutbol.com.ec\/radio\/politica\/iva-sera-del-8-durante-el-feriado-extendido-por-el-dia-del-trabajo-en-ecuador\/#primaryimage"},"image":{"@id":"https:\/\/foreverfutbol.com.ec\/radio\/politica\/iva-sera-del-8-durante-el-feriado-extendido-por-el-dia-del-trabajo-en-ecuador\/#primaryimage"},"thumbnailUrl":"https:\/\/foreverfutbol.com.ec\/radio\/wp-content\/uploads\/2026\/04\/image-21-2.webp","datePublished":"2026-04-27T21:33:24+00:00","dateModified":"2026-04-27T21:33:25+00:00","description":"El IVA en Ecuador bajar\u00e1 al 8 % durante el feriado del D\u00eda del Trabajo del 30 de abril al 3 de mayo de 2026 para servicios tur\u00edsticos","breadcrumb":{"@id":"https:\/\/foreverfutbol.com.ec\/radio\/politica\/iva-sera-del-8-durante-el-feriado-extendido-por-el-dia-del-trabajo-en-ecuador\/#breadcrumb"},"inLanguage":"es","potentialAction":[{"@type":"ReadAction","target":["https:\/\/foreverfutbol.com.ec\/radio\/politica\/iva-sera-del-8-durante-el-feriado-extendido-por-el-dia-del-trabajo-en-ecuador\/"]}]},{"@type":"ImageObject","inLanguage":"es","@id":"https:\/\/foreverfutbol.com.ec\/radio\/politica\/iva-sera-del-8-durante-el-feriado-extendido-por-el-dia-del-trabajo-en-ecuador\/#primaryimage","url":"https:\/\/foreverfutbol.com.ec\/radio\/wp-content\/uploads\/2026\/04\/image-21-2.webp","contentUrl":"https:\/\/foreverfutbol.com.ec\/radio\/wp-content\/uploads\/2026\/04\/image-21-2.webp","width":1190,"height":670,"caption":"IVA ser\u00e1 del 8 % durante el feriado extendido por el D\u00eda del Trabajo en Ecuador"},{"@type":"BreadcrumbList","@id":"https:\/\/foreverfutbol.com.ec\/radio\/politica\/iva-sera-del-8-durante-el-feriado-extendido-por-el-dia-del-trabajo-en-ecuador\/#breadcrumb","itemListElement":[{"@type":"ListItem","position":1,"name":"Portada","item":"https:\/\/foreverfutbol.com.ec\/radio\/"},{"@type":"ListItem","position":2,"name":"IVA ser\u00e1 del 8 % durante el feriado extendido por el D\u00eda del Trabajo en Ecuador"}]},{"@type":"WebSite","@id":"https:\/\/foreverfutbol.com.ec\/radio\/#website","url":"https:\/\/foreverfutbol.com.ec\/radio\/","name":"92.5 FOREVER Radio","description":"","publisher":{"@id":"https:\/\/foreverfutbol.com.ec\/radio\/#organization"},"potentialAction":[{"@type":"SearchAction","target":{"@type":"EntryPoint","urlTemplate":"https:\/\/foreverfutbol.com.ec\/radio\/?s={search_term_string}"},"query-input":{"@type":"PropertyValueSpecification","valueRequired":true,"valueName":"search_term_string"}}],"inLanguage":"es"},{"@type":"Organization","@id":"https:\/\/foreverfutbol.com.ec\/radio\/#organization","name":"92.5 FOREVER Radio","url":"https:\/\/foreverfutbol.com.ec\/radio\/","logo":{"@type":"ImageObject","inLanguage":"es","@id":"https:\/\/foreverfutbol.com.ec\/radio\/#\/schema\/logo\/image\/","url":"https:\/\/foreverfutbol.com.ec\/radio\/wp-content\/uploads\/2024\/01\/cropped-logo-forever.png","contentUrl":"https:\/\/foreverfutbol.com.ec\/radio\/wp-content\/uploads\/2024\/01\/cropped-logo-forever.png","width":180,"height":154,"caption":"92.5 FOREVER Radio"},"image":{"@id":"https:\/\/foreverfutbol.com.ec\/radio\/#\/schema\/logo\/image\/"},"sameAs":["https:\/\/www.facebook.com\/profile.php?id=100063550693491","https:\/\/x.com\/925forever","https:\/\/www.instagram.com\/radioforever925\/"]},{"@type":"Person","@id":"https:\/\/foreverfutbol.com.ec\/radio\/#\/schema\/person\/2f679dd16f889ac00df6e7b648062a01","name":"Ricardo Rodriguez","image":{"@type":"ImageObject","inLanguage":"es","@id":"https:\/\/secure.gravatar.com\/avatar\/5d9dfb95700bd0c503ed088d29de94822b5cc66a74cb0362774e6fc534823d07?s=96&d=mm&r=g","url":"https:\/\/secure.gravatar.com\/avatar\/5d9dfb95700bd0c503ed088d29de94822b5cc66a74cb0362774e6fc534823d07?s=96&d=mm&r=g","contentUrl":"https:\/\/secure.gravatar.com\/avatar\/5d9dfb95700bd0c503ed088d29de94822b5cc66a74cb0362774e6fc534823d07?s=96&d=mm&r=g","caption":"Ricardo Rodriguez"},"sameAs":["https:\/\/foreverfutbol.com.ec\/radio"],"url":"https:\/\/foreverfutbol.com.ec\/radio\/author\/superdmin\/"}]}},"_links":{"self":[{"href":"https:\/\/foreverfutbol.com.ec\/radio\/wp-json\/wp\/v2\/posts\/28894","targetHints":{"allow":["GET"]}}],"collection":[{"href":"https:\/\/foreverfutbol.com.ec\/radio\/wp-json\/wp\/v2\/posts"}],"about":[{"href":"https:\/\/foreverfutbol.com.ec\/radio\/wp-json\/wp\/v2\/types\/post"}],"author":[{"embeddable":true,"href":"https:\/\/foreverfutbol.com.ec\/radio\/wp-json\/wp\/v2\/users\/1"}],"replies":[{"embeddable":true,"href":"https:\/\/foreverfutbol.com.ec\/radio\/wp-json\/wp\/v2\/comments?post=28894"}],"version-history":[{"count":1,"href":"https:\/\/foreverfutbol.com.ec\/radio\/wp-json\/wp\/v2\/posts\/28894\/revisions"}],"predecessor-version":[{"id":28896,"href":"https:\/\/foreverfutbol.com.ec\/radio\/wp-json\/wp\/v2\/posts\/28894\/revisions\/28896"}],"wp:featuredmedia":[{"embeddable":true,"href":"https:\/\/foreverfutbol.com.ec\/radio\/wp-json\/wp\/v2\/media\/28895"}],"wp:attachment":[{"href":"https:\/\/foreverfutbol.com.ec\/radio\/wp-json\/wp\/v2\/media?parent=28894"}],"wp:term":[{"taxonomy":"category","embeddable":true,"href":"https:\/\/foreverfutbol.com.ec\/radio\/wp-json\/wp\/v2\/categories?post=28894"},{"taxonomy":"post_tag","embeddable":true,"href":"https:\/\/foreverfutbol.com.ec\/radio\/wp-json\/wp\/v2\/tags?post=28894"}],"curies":[{"name":"wp","href":"https:\/\/api.w.org\/{rel}","templated":true}]}}