{"id":28700,"date":"2026-04-21T17:42:02","date_gmt":"2026-04-21T22:42:02","guid":{"rendered":"https:\/\/foreverfutbol.com.ec\/radio\/?p=28700"},"modified":"2026-05-11T17:18:40","modified_gmt":"2026-05-11T22:18:40","slug":"ministro-john-reimberg-anuncia-ampliacion-de-patrullaje-en-zonas-del-noroeste-de-guayaquil","status":"publish","type":"post","link":"https:\/\/foreverfutbol.com.ec\/radio\/seguridad\/ministro-john-reimberg-anuncia-ampliacion-de-patrullaje-en-zonas-del-noroeste-de-guayaquil\/","title":{"rendered":"Ministro John Reimberg anuncia ampliaci\u00f3n de patrullaje en zonas del noroeste de Guayaquil"},"content":{"rendered":"\n<p class=\"wp-block-paragraph\">El ministro del Interior, <strong>John Reimberg<\/strong>, anunci\u00f3 la ampliaci\u00f3n de los operativos de seguridad en varios sectores del noroeste de <strong>Guayaquil<\/strong>, mediante la incorporaci\u00f3n de <strong>38 camionetas que reforzar\u00e1n el patrullaje en zonas consideradas prioritarias<\/strong>. La medida busca fortalecer la presencia policial y mejorar la capacidad de respuesta ante incidentes delictivos en sectores con alta demanda de seguridad.<\/p>\n\n\n\n<p class=\"wp-block-paragraph\">Durante el anuncio, el titular de la cartera de Estado explic\u00f3 que los veh\u00edculos estar\u00e1n destinados a <strong>rondas permanentes en sectores espec\u00edficos de la ciudad<\/strong>, donde se desplegar\u00e1n operativos conjuntos con agentes de la <strong>Polic\u00eda Nacional del Ecuador<\/strong> y personal militar. Este trabajo coordinado permitir\u00e1 incrementar los controles, la vigilancia y la prevenci\u00f3n del delito en \u00e1reas estrat\u00e9gicas.<\/p>\n\n\n\n<p class=\"wp-block-paragraph\">Entre los sectores donde se intensificar\u00e1n los patrullajes se encuentran <strong>Balerio Estacio, Monte Sina\u00ed, Pascuales y Esteros<\/strong>, zonas del norte y noroeste de la ciudad que han sido identificadas como prioritarias dentro del plan de seguridad urbana. Seg\u00fan indic\u00f3 el ministro, ya se han definido los puntos donde deber\u00e1n operar las unidades para optimizar la cobertura y garantizar presencia constante de las fuerzas del orden.<\/p>\n\n\n\n<p class=\"wp-block-paragraph\">El refuerzo del patrullaje forma parte de una estrategia m\u00e1s amplia que busca <strong>recuperar espacios p\u00fablicos y mejorar la percepci\u00f3n de seguridad en los barrios<\/strong>. Las camionetas facilitar\u00e1n el desplazamiento de los equipos operativos y permitir\u00e1n una mayor presencia en calles, avenidas y zonas residenciales donde se requiere vigilancia continua.<\/p>\n\n\n\n<p class=\"wp-block-paragraph\">A finales de marzo, el ministro tambi\u00e9n inform\u00f3 sobre el <strong>ingreso de grupos especializados y t\u00e1cticos de la Polic\u00eda<\/strong> a sectores del norte y noroeste de Guayaquil. Estas unidades est\u00e1n capacitadas para intervenir en situaciones de alto riesgo y ejecutar operativos focalizados contra estructuras delictivas.<\/p>\n\n\n\n<p class=\"wp-block-paragraph\">Por su parte, <strong>\u00c1lex Anchundia<\/strong>, gerente de la empresa p\u00fablica municipal <strong>Segura EP<\/strong>, explic\u00f3 que los patrullajes se desarrollar\u00e1n de forma coordinada entre agentes municipales y la Polic\u00eda Nacional. Este trabajo conjunto permitir\u00e1 ampliar la cobertura de vigilancia en zonas alejadas de la ciudad.<\/p>\n\n\n\n<p class=\"wp-block-paragraph\">Anchundia indic\u00f3 adem\u00e1s que en estos sectores ya funcionan <strong>sistemas de videovigilancia que permiten monitorear la actividad en tiempo real<\/strong>, lo que facilita la detecci\u00f3n de incidentes y la activaci\u00f3n inmediata de operativos de control. El objetivo es fortalecer la seguridad mediante una combinaci\u00f3n de tecnolog\u00eda, patrullaje preventivo y presencia permanente de las autoridades en territorio.<\/p>\n\n\n\n<blockquote class=\"twitter-tweet\"><p lang=\"es\" dir=\"ltr\">Al Ecuador, especialmente a los guayaquile\u00f1os. <a href=\"https:\/\/t.co\/IDQoSs0ZnX\">pic.twitter.com\/IDQoSs0ZnX<\/a><\/p>&mdash; John Reimberg (@JohnReimberg) <a href=\"https:\/\/twitter.com\/JohnReimberg\/status\/2046654813031543128?ref_src=twsrc%5Etfw\">April 21, 2026<\/a><\/blockquote> <script async src=\"https:\/\/platform.twitter.com\/widgets.js\" charset=\"utf-8\"><\/script>\n","protected":false},"excerpt":{"rendered":"<p>El ministro del Interior, John Reimberg, anunci\u00f3 la ampliaci\u00f3n de los operativos de seguridad en varios sectores del noroeste de Guayaquil, mediante la incorporaci\u00f3n de 38 camionetas que reforzar\u00e1n el patrullaje en zonas consideradas prioritarias. La medida busca fortalecer la presencia policial y mejorar la capacidad de respuesta ante incidentes delictivos en sectores con alta [&hellip;]<\/p>\n","protected":false},"author":1,"featured_media":28701,"comment_status":"open","ping_status":"open","sticky":false,"template":"","format":"standard","meta":{"footnotes":""},"categories":[189,143],"tags":[],"class_list":["post-28700","post","type-post","status-publish","format-standard","has-post-thumbnail","hentry","category-john-reimberg","category-seguridad"],"yoast_head":"<!-- This site is optimized with the Yoast SEO plugin v28.3 - https:\/\/yoast.com\/product\/yoast-seo-wordpress\/ -->\n<title>Ministro John Reimberg anuncia ampliaci\u00f3n de patrullaje en zonas del noroeste de Guayaquil - 92.5 FOREVER Radio<\/title>\n<meta name=\"description\" content=\"El ministro del Interior, John Reimberg, anunci\u00f3 la incorporaci\u00f3n de 38 camionetas para reforzar el patrullaje en sectores del noroeste de Guayaquil,\" \/>\n<meta name=\"robots\" content=\"index, follow, max-snippet:-1, max-image-preview:large, max-video-preview:-1\" \/>\n<link rel=\"canonical\" href=\"https:\/\/foreverfutbol.com.ec\/radio\/seguridad\/ministro-john-reimberg-anuncia-ampliacion-de-patrullaje-en-zonas-del-noroeste-de-guayaquil\/\" \/>\n<meta property=\"og:locale\" content=\"es_ES\" \/>\n<meta property=\"og:type\" content=\"article\" \/>\n<meta property=\"og:title\" content=\"Ministro John Reimberg anuncia ampliaci\u00f3n de patrullaje en zonas del noroeste de Guayaquil - 92.5 FOREVER Radio\" \/>\n<meta property=\"og:description\" content=\"El ministro del Interior, John Reimberg, anunci\u00f3 la incorporaci\u00f3n de 38 camionetas para reforzar el patrullaje en sectores del noroeste de Guayaquil,\" \/>\n<meta property=\"og:url\" content=\"https:\/\/foreverfutbol.com.ec\/radio\/seguridad\/ministro-john-reimberg-anuncia-ampliacion-de-patrullaje-en-zonas-del-noroeste-de-guayaquil\/\" \/>\n<meta property=\"og:site_name\" content=\"92.5 FOREVER Radio\" \/>\n<meta property=\"article:publisher\" content=\"https:\/\/www.facebook.com\/profile.php?id=100063550693491\" \/>\n<meta property=\"article:published_time\" content=\"2026-04-21T22:42:02+00:00\" \/>\n<meta property=\"article:modified_time\" content=\"2026-05-11T22:18:40+00:00\" \/>\n<meta property=\"og:image\" content=\"https:\/\/foreverfutbol.com.ec\/radio\/wp-content\/uploads\/2026\/04\/image-152-_1_.webp\" \/>\n\t<meta property=\"og:image:width\" content=\"1055\" \/>\n\t<meta property=\"og:image:height\" content=\"670\" \/>\n\t<meta property=\"og:image:type\" content=\"image\/webp\" \/>\n<meta name=\"author\" content=\"Ricardo Rodriguez\" \/>\n<meta name=\"twitter:card\" content=\"summary_large_image\" \/>\n<meta name=\"twitter:creator\" content=\"@925forever\" \/>\n<meta name=\"twitter:site\" content=\"@925forever\" \/>\n<meta name=\"twitter:label1\" content=\"Escrito por\" \/>\n\t<meta name=\"twitter:data1\" content=\"Ricardo Rodriguez\" \/>\n\t<meta name=\"twitter:label2\" content=\"Tiempo de lectura\" \/>\n\t<meta name=\"twitter:data2\" content=\"2 minutos\" \/>\n<script type=\"application\/ld+json\" class=\"yoast-schema-graph\">{\"@context\":\"https:\\\/\\\/schema.org\",\"@graph\":[{\"@type\":\"Article\",\"@id\":\"https:\\\/\\\/foreverfutbol.com.ec\\\/radio\\\/seguridad\\\/ministro-john-reimberg-anuncia-ampliacion-de-patrullaje-en-zonas-del-noroeste-de-guayaquil\\\/#article\",\"isPartOf\":{\"@id\":\"https:\\\/\\\/foreverfutbol.com.ec\\\/radio\\\/seguridad\\\/ministro-john-reimberg-anuncia-ampliacion-de-patrullaje-en-zonas-del-noroeste-de-guayaquil\\\/\"},\"author\":{\"name\":\"Ricardo Rodriguez\",\"@id\":\"https:\\\/\\\/foreverfutbol.com.ec\\\/radio\\\/#\\\/schema\\\/person\\\/2f679dd16f889ac00df6e7b648062a01\"},\"headline\":\"Ministro John Reimberg anuncia ampliaci\u00f3n de patrullaje en zonas del noroeste de Guayaquil\",\"datePublished\":\"2026-04-21T22:42:02+00:00\",\"dateModified\":\"2026-05-11T22:18:40+00:00\",\"mainEntityOfPage\":{\"@id\":\"https:\\\/\\\/foreverfutbol.com.ec\\\/radio\\\/seguridad\\\/ministro-john-reimberg-anuncia-ampliacion-de-patrullaje-en-zonas-del-noroeste-de-guayaquil\\\/\"},\"wordCount\":436,\"commentCount\":0,\"publisher\":{\"@id\":\"https:\\\/\\\/foreverfutbol.com.ec\\\/radio\\\/#organization\"},\"image\":{\"@id\":\"https:\\\/\\\/foreverfutbol.com.ec\\\/radio\\\/seguridad\\\/ministro-john-reimberg-anuncia-ampliacion-de-patrullaje-en-zonas-del-noroeste-de-guayaquil\\\/#primaryimage\"},\"thumbnailUrl\":\"https:\\\/\\\/foreverfutbol.com.ec\\\/radio\\\/wp-content\\\/uploads\\\/2026\\\/04\\\/image-152-_1_.webp\",\"articleSection\":[\"John Reimberg\",\"Seguridad\"],\"inLanguage\":\"es\",\"potentialAction\":[{\"@type\":\"CommentAction\",\"name\":\"Comment\",\"target\":[\"https:\\\/\\\/foreverfutbol.com.ec\\\/radio\\\/seguridad\\\/ministro-john-reimberg-anuncia-ampliacion-de-patrullaje-en-zonas-del-noroeste-de-guayaquil\\\/#respond\"]}]},{\"@type\":\"WebPage\",\"@id\":\"https:\\\/\\\/foreverfutbol.com.ec\\\/radio\\\/seguridad\\\/ministro-john-reimberg-anuncia-ampliacion-de-patrullaje-en-zonas-del-noroeste-de-guayaquil\\\/\",\"url\":\"https:\\\/\\\/foreverfutbol.com.ec\\\/radio\\\/seguridad\\\/ministro-john-reimberg-anuncia-ampliacion-de-patrullaje-en-zonas-del-noroeste-de-guayaquil\\\/\",\"name\":\"Ministro John Reimberg anuncia ampliaci\u00f3n de patrullaje en zonas del noroeste de Guayaquil - 92.5 FOREVER Radio\",\"isPartOf\":{\"@id\":\"https:\\\/\\\/foreverfutbol.com.ec\\\/radio\\\/#website\"},\"primaryImageOfPage\":{\"@id\":\"https:\\\/\\\/foreverfutbol.com.ec\\\/radio\\\/seguridad\\\/ministro-john-reimberg-anuncia-ampliacion-de-patrullaje-en-zonas-del-noroeste-de-guayaquil\\\/#primaryimage\"},\"image\":{\"@id\":\"https:\\\/\\\/foreverfutbol.com.ec\\\/radio\\\/seguridad\\\/ministro-john-reimberg-anuncia-ampliacion-de-patrullaje-en-zonas-del-noroeste-de-guayaquil\\\/#primaryimage\"},\"thumbnailUrl\":\"https:\\\/\\\/foreverfutbol.com.ec\\\/radio\\\/wp-content\\\/uploads\\\/2026\\\/04\\\/image-152-_1_.webp\",\"datePublished\":\"2026-04-21T22:42:02+00:00\",\"dateModified\":\"2026-05-11T22:18:40+00:00\",\"description\":\"El ministro del Interior, John Reimberg, anunci\u00f3 la incorporaci\u00f3n de 38 camionetas para reforzar el patrullaje en sectores del noroeste de Guayaquil,\",\"breadcrumb\":{\"@id\":\"https:\\\/\\\/foreverfutbol.com.ec\\\/radio\\\/seguridad\\\/ministro-john-reimberg-anuncia-ampliacion-de-patrullaje-en-zonas-del-noroeste-de-guayaquil\\\/#breadcrumb\"},\"inLanguage\":\"es\",\"potentialAction\":[{\"@type\":\"ReadAction\",\"target\":[\"https:\\\/\\\/foreverfutbol.com.ec\\\/radio\\\/seguridad\\\/ministro-john-reimberg-anuncia-ampliacion-de-patrullaje-en-zonas-del-noroeste-de-guayaquil\\\/\"]}]},{\"@type\":\"ImageObject\",\"inLanguage\":\"es\",\"@id\":\"https:\\\/\\\/foreverfutbol.com.ec\\\/radio\\\/seguridad\\\/ministro-john-reimberg-anuncia-ampliacion-de-patrullaje-en-zonas-del-noroeste-de-guayaquil\\\/#primaryimage\",\"url\":\"https:\\\/\\\/foreverfutbol.com.ec\\\/radio\\\/wp-content\\\/uploads\\\/2026\\\/04\\\/image-152-_1_.webp\",\"contentUrl\":\"https:\\\/\\\/foreverfutbol.com.ec\\\/radio\\\/wp-content\\\/uploads\\\/2026\\\/04\\\/image-152-_1_.webp\",\"width\":1055,\"height\":670,\"caption\":\"El ministro del Interior, John Reimberg, anunci\u00f3 la incorporaci\u00f3n de 38 camionetas para reforzar el patrullaje en sectores del noroeste de Guayaquil, como Monte Sina\u00ed, Pascuales y Balerio Estacio, con el objetivo de fortalecer la seguridad ciudadana.\"},{\"@type\":\"BreadcrumbList\",\"@id\":\"https:\\\/\\\/foreverfutbol.com.ec\\\/radio\\\/seguridad\\\/ministro-john-reimberg-anuncia-ampliacion-de-patrullaje-en-zonas-del-noroeste-de-guayaquil\\\/#breadcrumb\",\"itemListElement\":[{\"@type\":\"ListItem\",\"position\":1,\"name\":\"Portada\",\"item\":\"https:\\\/\\\/foreverfutbol.com.ec\\\/radio\\\/\"},{\"@type\":\"ListItem\",\"position\":2,\"name\":\"Ministro John Reimberg anuncia ampliaci\u00f3n de patrullaje en zonas del noroeste de Guayaquil\"}]},{\"@type\":\"WebSite\",\"@id\":\"https:\\\/\\\/foreverfutbol.com.ec\\\/radio\\\/#website\",\"url\":\"https:\\\/\\\/foreverfutbol.com.ec\\\/radio\\\/\",\"name\":\"92.5 FOREVER Radio\",\"description\":\"\",\"publisher\":{\"@id\":\"https:\\\/\\\/foreverfutbol.com.ec\\\/radio\\\/#organization\"},\"potentialAction\":[{\"@type\":\"SearchAction\",\"target\":{\"@type\":\"EntryPoint\",\"urlTemplate\":\"https:\\\/\\\/foreverfutbol.com.ec\\\/radio\\\/?s={search_term_string}\"},\"query-input\":{\"@type\":\"PropertyValueSpecification\",\"valueRequired\":true,\"valueName\":\"search_term_string\"}}],\"inLanguage\":\"es\"},{\"@type\":\"Organization\",\"@id\":\"https:\\\/\\\/foreverfutbol.com.ec\\\/radio\\\/#organization\",\"name\":\"92.5 FOREVER Radio\",\"url\":\"https:\\\/\\\/foreverfutbol.com.ec\\\/radio\\\/\",\"logo\":{\"@type\":\"ImageObject\",\"inLanguage\":\"es\",\"@id\":\"https:\\\/\\\/foreverfutbol.com.ec\\\/radio\\\/#\\\/schema\\\/logo\\\/image\\\/\",\"url\":\"https:\\\/\\\/foreverfutbol.com.ec\\\/radio\\\/wp-content\\\/uploads\\\/2024\\\/01\\\/cropped-logo-forever.png\",\"contentUrl\":\"https:\\\/\\\/foreverfutbol.com.ec\\\/radio\\\/wp-content\\\/uploads\\\/2024\\\/01\\\/cropped-logo-forever.png\",\"width\":180,\"height\":154,\"caption\":\"92.5 FOREVER Radio\"},\"image\":{\"@id\":\"https:\\\/\\\/foreverfutbol.com.ec\\\/radio\\\/#\\\/schema\\\/logo\\\/image\\\/\"},\"sameAs\":[\"https:\\\/\\\/www.facebook.com\\\/profile.php?id=100063550693491\",\"https:\\\/\\\/x.com\\\/925forever\",\"https:\\\/\\\/www.instagram.com\\\/radioforever925\\\/\"]},{\"@type\":\"Person\",\"@id\":\"https:\\\/\\\/foreverfutbol.com.ec\\\/radio\\\/#\\\/schema\\\/person\\\/2f679dd16f889ac00df6e7b648062a01\",\"name\":\"Ricardo Rodriguez\",\"image\":{\"@type\":\"ImageObject\",\"inLanguage\":\"es\",\"@id\":\"https:\\\/\\\/secure.gravatar.com\\\/avatar\\\/5d9dfb95700bd0c503ed088d29de94822b5cc66a74cb0362774e6fc534823d07?s=96&d=mm&r=g\",\"url\":\"https:\\\/\\\/secure.gravatar.com\\\/avatar\\\/5d9dfb95700bd0c503ed088d29de94822b5cc66a74cb0362774e6fc534823d07?s=96&d=mm&r=g\",\"contentUrl\":\"https:\\\/\\\/secure.gravatar.com\\\/avatar\\\/5d9dfb95700bd0c503ed088d29de94822b5cc66a74cb0362774e6fc534823d07?s=96&d=mm&r=g\",\"caption\":\"Ricardo Rodriguez\"},\"sameAs\":[\"https:\\\/\\\/foreverfutbol.com.ec\\\/radio\"],\"url\":\"https:\\\/\\\/foreverfutbol.com.ec\\\/radio\\\/author\\\/superdmin\\\/\"}]}<\/script>\n<!-- \/ Yoast SEO plugin. -->","yoast_head_json":{"title":"Ministro John Reimberg anuncia ampliaci\u00f3n de patrullaje en zonas del noroeste de Guayaquil - 92.5 FOREVER Radio","description":"El ministro del Interior, John Reimberg, anunci\u00f3 la incorporaci\u00f3n de 38 camionetas para reforzar el patrullaje en sectores del noroeste de Guayaquil,","robots":{"index":"index","follow":"follow","max-snippet":"max-snippet:-1","max-image-preview":"max-image-preview:large","max-video-preview":"max-video-preview:-1"},"canonical":"https:\/\/foreverfutbol.com.ec\/radio\/seguridad\/ministro-john-reimberg-anuncia-ampliacion-de-patrullaje-en-zonas-del-noroeste-de-guayaquil\/","og_locale":"es_ES","og_type":"article","og_title":"Ministro John Reimberg anuncia ampliaci\u00f3n de patrullaje en zonas del noroeste de Guayaquil - 92.5 FOREVER Radio","og_description":"El ministro del Interior, John Reimberg, anunci\u00f3 la incorporaci\u00f3n de 38 camionetas para reforzar el patrullaje en sectores del noroeste de Guayaquil,","og_url":"https:\/\/foreverfutbol.com.ec\/radio\/seguridad\/ministro-john-reimberg-anuncia-ampliacion-de-patrullaje-en-zonas-del-noroeste-de-guayaquil\/","og_site_name":"92.5 FOREVER Radio","article_publisher":"https:\/\/www.facebook.com\/profile.php?id=100063550693491","article_published_time":"2026-04-21T22:42:02+00:00","article_modified_time":"2026-05-11T22:18:40+00:00","og_image":[{"width":1055,"height":670,"url":"https:\/\/foreverfutbol.com.ec\/radio\/wp-content\/uploads\/2026\/04\/image-152-_1_.webp","type":"image\/webp"}],"author":"Ricardo Rodriguez","twitter_card":"summary_large_image","twitter_creator":"@925forever","twitter_site":"@925forever","twitter_misc":{"Escrito por":"Ricardo Rodriguez","Tiempo de lectura":"2 minutos"},"schema":{"@context":"https:\/\/schema.org","@graph":[{"@type":"Article","@id":"https:\/\/foreverfutbol.com.ec\/radio\/seguridad\/ministro-john-reimberg-anuncia-ampliacion-de-patrullaje-en-zonas-del-noroeste-de-guayaquil\/#article","isPartOf":{"@id":"https:\/\/foreverfutbol.com.ec\/radio\/seguridad\/ministro-john-reimberg-anuncia-ampliacion-de-patrullaje-en-zonas-del-noroeste-de-guayaquil\/"},"author":{"name":"Ricardo Rodriguez","@id":"https:\/\/foreverfutbol.com.ec\/radio\/#\/schema\/person\/2f679dd16f889ac00df6e7b648062a01"},"headline":"Ministro John Reimberg anuncia ampliaci\u00f3n de patrullaje en zonas del noroeste de Guayaquil","datePublished":"2026-04-21T22:42:02+00:00","dateModified":"2026-05-11T22:18:40+00:00","mainEntityOfPage":{"@id":"https:\/\/foreverfutbol.com.ec\/radio\/seguridad\/ministro-john-reimberg-anuncia-ampliacion-de-patrullaje-en-zonas-del-noroeste-de-guayaquil\/"},"wordCount":436,"commentCount":0,"publisher":{"@id":"https:\/\/foreverfutbol.com.ec\/radio\/#organization"},"image":{"@id":"https:\/\/foreverfutbol.com.ec\/radio\/seguridad\/ministro-john-reimberg-anuncia-ampliacion-de-patrullaje-en-zonas-del-noroeste-de-guayaquil\/#primaryimage"},"thumbnailUrl":"https:\/\/foreverfutbol.com.ec\/radio\/wp-content\/uploads\/2026\/04\/image-152-_1_.webp","articleSection":["John Reimberg","Seguridad"],"inLanguage":"es","potentialAction":[{"@type":"CommentAction","name":"Comment","target":["https:\/\/foreverfutbol.com.ec\/radio\/seguridad\/ministro-john-reimberg-anuncia-ampliacion-de-patrullaje-en-zonas-del-noroeste-de-guayaquil\/#respond"]}]},{"@type":"WebPage","@id":"https:\/\/foreverfutbol.com.ec\/radio\/seguridad\/ministro-john-reimberg-anuncia-ampliacion-de-patrullaje-en-zonas-del-noroeste-de-guayaquil\/","url":"https:\/\/foreverfutbol.com.ec\/radio\/seguridad\/ministro-john-reimberg-anuncia-ampliacion-de-patrullaje-en-zonas-del-noroeste-de-guayaquil\/","name":"Ministro John Reimberg anuncia ampliaci\u00f3n de patrullaje en zonas del noroeste de Guayaquil - 92.5 FOREVER Radio","isPartOf":{"@id":"https:\/\/foreverfutbol.com.ec\/radio\/#website"},"primaryImageOfPage":{"@id":"https:\/\/foreverfutbol.com.ec\/radio\/seguridad\/ministro-john-reimberg-anuncia-ampliacion-de-patrullaje-en-zonas-del-noroeste-de-guayaquil\/#primaryimage"},"image":{"@id":"https:\/\/foreverfutbol.com.ec\/radio\/seguridad\/ministro-john-reimberg-anuncia-ampliacion-de-patrullaje-en-zonas-del-noroeste-de-guayaquil\/#primaryimage"},"thumbnailUrl":"https:\/\/foreverfutbol.com.ec\/radio\/wp-content\/uploads\/2026\/04\/image-152-_1_.webp","datePublished":"2026-04-21T22:42:02+00:00","dateModified":"2026-05-11T22:18:40+00:00","description":"El ministro del Interior, John Reimberg, anunci\u00f3 la incorporaci\u00f3n de 38 camionetas para reforzar el patrullaje en sectores del noroeste de Guayaquil,","breadcrumb":{"@id":"https:\/\/foreverfutbol.com.ec\/radio\/seguridad\/ministro-john-reimberg-anuncia-ampliacion-de-patrullaje-en-zonas-del-noroeste-de-guayaquil\/#breadcrumb"},"inLanguage":"es","potentialAction":[{"@type":"ReadAction","target":["https:\/\/foreverfutbol.com.ec\/radio\/seguridad\/ministro-john-reimberg-anuncia-ampliacion-de-patrullaje-en-zonas-del-noroeste-de-guayaquil\/"]}]},{"@type":"ImageObject","inLanguage":"es","@id":"https:\/\/foreverfutbol.com.ec\/radio\/seguridad\/ministro-john-reimberg-anuncia-ampliacion-de-patrullaje-en-zonas-del-noroeste-de-guayaquil\/#primaryimage","url":"https:\/\/foreverfutbol.com.ec\/radio\/wp-content\/uploads\/2026\/04\/image-152-_1_.webp","contentUrl":"https:\/\/foreverfutbol.com.ec\/radio\/wp-content\/uploads\/2026\/04\/image-152-_1_.webp","width":1055,"height":670,"caption":"El ministro del Interior, John Reimberg, anunci\u00f3 la incorporaci\u00f3n de 38 camionetas para reforzar el patrullaje en sectores del noroeste de Guayaquil, como Monte Sina\u00ed, Pascuales y Balerio Estacio, con el objetivo de fortalecer la seguridad ciudadana."},{"@type":"BreadcrumbList","@id":"https:\/\/foreverfutbol.com.ec\/radio\/seguridad\/ministro-john-reimberg-anuncia-ampliacion-de-patrullaje-en-zonas-del-noroeste-de-guayaquil\/#breadcrumb","itemListElement":[{"@type":"ListItem","position":1,"name":"Portada","item":"https:\/\/foreverfutbol.com.ec\/radio\/"},{"@type":"ListItem","position":2,"name":"Ministro John Reimberg anuncia ampliaci\u00f3n de patrullaje en zonas del noroeste de Guayaquil"}]},{"@type":"WebSite","@id":"https:\/\/foreverfutbol.com.ec\/radio\/#website","url":"https:\/\/foreverfutbol.com.ec\/radio\/","name":"92.5 FOREVER Radio","description":"","publisher":{"@id":"https:\/\/foreverfutbol.com.ec\/radio\/#organization"},"potentialAction":[{"@type":"SearchAction","target":{"@type":"EntryPoint","urlTemplate":"https:\/\/foreverfutbol.com.ec\/radio\/?s={search_term_string}"},"query-input":{"@type":"PropertyValueSpecification","valueRequired":true,"valueName":"search_term_string"}}],"inLanguage":"es"},{"@type":"Organization","@id":"https:\/\/foreverfutbol.com.ec\/radio\/#organization","name":"92.5 FOREVER Radio","url":"https:\/\/foreverfutbol.com.ec\/radio\/","logo":{"@type":"ImageObject","inLanguage":"es","@id":"https:\/\/foreverfutbol.com.ec\/radio\/#\/schema\/logo\/image\/","url":"https:\/\/foreverfutbol.com.ec\/radio\/wp-content\/uploads\/2024\/01\/cropped-logo-forever.png","contentUrl":"https:\/\/foreverfutbol.com.ec\/radio\/wp-content\/uploads\/2024\/01\/cropped-logo-forever.png","width":180,"height":154,"caption":"92.5 FOREVER Radio"},"image":{"@id":"https:\/\/foreverfutbol.com.ec\/radio\/#\/schema\/logo\/image\/"},"sameAs":["https:\/\/www.facebook.com\/profile.php?id=100063550693491","https:\/\/x.com\/925forever","https:\/\/www.instagram.com\/radioforever925\/"]},{"@type":"Person","@id":"https:\/\/foreverfutbol.com.ec\/radio\/#\/schema\/person\/2f679dd16f889ac00df6e7b648062a01","name":"Ricardo Rodriguez","image":{"@type":"ImageObject","inLanguage":"es","@id":"https:\/\/secure.gravatar.com\/avatar\/5d9dfb95700bd0c503ed088d29de94822b5cc66a74cb0362774e6fc534823d07?s=96&d=mm&r=g","url":"https:\/\/secure.gravatar.com\/avatar\/5d9dfb95700bd0c503ed088d29de94822b5cc66a74cb0362774e6fc534823d07?s=96&d=mm&r=g","contentUrl":"https:\/\/secure.gravatar.com\/avatar\/5d9dfb95700bd0c503ed088d29de94822b5cc66a74cb0362774e6fc534823d07?s=96&d=mm&r=g","caption":"Ricardo Rodriguez"},"sameAs":["https:\/\/foreverfutbol.com.ec\/radio"],"url":"https:\/\/foreverfutbol.com.ec\/radio\/author\/superdmin\/"}]}},"_links":{"self":[{"href":"https:\/\/foreverfutbol.com.ec\/radio\/wp-json\/wp\/v2\/posts\/28700","targetHints":{"allow":["GET"]}}],"collection":[{"href":"https:\/\/foreverfutbol.com.ec\/radio\/wp-json\/wp\/v2\/posts"}],"about":[{"href":"https:\/\/foreverfutbol.com.ec\/radio\/wp-json\/wp\/v2\/types\/post"}],"author":[{"embeddable":true,"href":"https:\/\/foreverfutbol.com.ec\/radio\/wp-json\/wp\/v2\/users\/1"}],"replies":[{"embeddable":true,"href":"https:\/\/foreverfutbol.com.ec\/radio\/wp-json\/wp\/v2\/comments?post=28700"}],"version-history":[{"count":1,"href":"https:\/\/foreverfutbol.com.ec\/radio\/wp-json\/wp\/v2\/posts\/28700\/revisions"}],"predecessor-version":[{"id":28702,"href":"https:\/\/foreverfutbol.com.ec\/radio\/wp-json\/wp\/v2\/posts\/28700\/revisions\/28702"}],"wp:featuredmedia":[{"embeddable":true,"href":"https:\/\/foreverfutbol.com.ec\/radio\/wp-json\/wp\/v2\/media\/28701"}],"wp:attachment":[{"href":"https:\/\/foreverfutbol.com.ec\/radio\/wp-json\/wp\/v2\/media?parent=28700"}],"wp:term":[{"taxonomy":"category","embeddable":true,"href":"https:\/\/foreverfutbol.com.ec\/radio\/wp-json\/wp\/v2\/categories?post=28700"},{"taxonomy":"post_tag","embeddable":true,"href":"https:\/\/foreverfutbol.com.ec\/radio\/wp-json\/wp\/v2\/tags?post=28700"}],"curies":[{"name":"wp","href":"https:\/\/api.w.org\/{rel}","templated":true}]}}