{"id":27686,"date":"2026-03-17T15:58:07","date_gmt":"2026-03-17T20:58:07","guid":{"rendered":"https:\/\/foreverfutbol.com.ec\/radio\/?p=27686"},"modified":"2026-03-17T16:08:43","modified_gmt":"2026-03-17T21:08:43","slug":"egas-es-reelegido-presidente-de-la-fef-para-2027-2031-conoce-los-retos-objetivos-y-el-impacto-de-su-continuidad-en-el-futbol-ecuatoriano","status":"publish","type":"post","link":"https:\/\/foreverfutbol.com.ec\/radio\/deportes\/egas-es-reelegido-presidente-de-la-fef-para-2027-2031-conoce-los-retos-objetivos-y-el-impacto-de-su-continuidad-en-el-futbol-ecuatoriano\/","title":{"rendered":"Francisco Egas es reelegido como presidente de la FEF para el periodo 2027-2031"},"content":{"rendered":"\n<h2 class=\"wp-block-heading\"><strong>Continuidad en la Federaci\u00f3n Ecuatoriana de F\u00fatbol<\/strong><\/h2>\n\n\n\n<p class=\"wp-block-paragraph\">La reelecci\u00f3n de Francisco Egas como presidente de la Federaci\u00f3n Ecuatoriana de F\u00fatbol para el periodo 2027-2031 consolida un proceso de <strong>continuidad institucional<\/strong> dentro del f\u00fatbol ecuatoriano. La decisi\u00f3n fue tomada durante el Congreso Ordinario celebrado en Guayaquil, donde el dirigente obtuvo el respaldo necesario para mantenerse al frente del organismo rector.<\/p>\n\n\n\n<p class=\"wp-block-paragraph\">Egas particip\u00f3 como <strong>\u00fanico candidato<\/strong>, lo que facilit\u00f3 su ratificaci\u00f3n en el cargo y evidenci\u00f3 un entorno de estabilidad dirigencial. Este nuevo periodo representa una oportunidad para fortalecer los avances logrados en su gesti\u00f3n anterior y proyectar nuevas metas en el \u00e1mbito deportivo.<\/p>\n\n\n\n<h2 class=\"wp-block-heading\"><strong>Gesti\u00f3n y proyecci\u00f3n del f\u00fatbol ecuatoriano<\/strong><\/h2>\n\n\n\n<p class=\"wp-block-paragraph\">Durante los \u00faltimos a\u00f1os, la administraci\u00f3n de Francisco Egas ha estado enfocada en el <strong>desarrollo estructural del f\u00fatbol nacional<\/strong>, impulsando mejoras en la organizaci\u00f3n de torneos y en la planificaci\u00f3n de las selecciones nacionales. La continuidad en el liderazgo permitir\u00e1 mantener una l\u00ednea estrat\u00e9gica orientada a resultados sostenibles.<\/p>\n\n\n\n<p class=\"wp-block-paragraph\">Entre los principales objetivos para el periodo 2027-2031 destacan el fortalecimiento de las <strong>divisiones formativas<\/strong>, la consolidaci\u00f3n del f\u00fatbol femenino y la mejora en la competitividad de los clubes ecuatorianos en torneos internacionales. Estos aspectos son clave para posicionar al pa\u00eds dentro del panorama futbol\u00edstico regional.<\/p>\n\n\n\n<h2 class=\"wp-block-heading\"><strong>Retos en el nuevo ciclo dirigencial<\/strong><\/h2>\n\n\n\n<p class=\"wp-block-paragraph\">El nuevo mandato de Egas estar\u00e1 marcado por desaf\u00edos importantes. La <strong>modernizaci\u00f3n de la gesti\u00f3n deportiva<\/strong>, el impulso a la infraestructura y la transparencia administrativa ser\u00e1n factores determinantes para el crecimiento del f\u00fatbol ecuatoriano.<\/p>\n\n\n\n<p class=\"wp-block-paragraph\">Adem\u00e1s, la FEF deber\u00e1 continuar trabajando en la <strong>planificaci\u00f3n de competiciones nacionales e internacionales<\/strong>, asegurando una estructura s\u00f3lida que permita el desarrollo continuo del deporte. La formaci\u00f3n de talento joven y la proyecci\u00f3n internacional de los jugadores ecuatorianos ser\u00e1n pilares fundamentales en este proceso<\/p>\n\n\n\n<blockquote class=\"twitter-tweet\"><p lang=\"es\" dir=\"ltr\">\ud83d\udea8\ud83c\uddea\ud83c\udde8 \u00a1ES OFICIAL!<br><br>Aplausos del auditorio de la FEF, luego del conteo de votos.<br><br>Francisco Egas es reelegido como presidente de la Federaci\u00f3n Ecuatoriana de F\u00fatbol.<br><br>&#8211; 71 votos a favor<br>&#8211; 2 votos en blanco<br>&#8211; 4 nulos<br><br>Presentado por <a href=\"https:\/\/twitter.com\/ClaroEcua?ref_src=twsrc%5Etfw\">@ClaroEcua<\/a> <a href=\"https:\/\/t.co\/jp7tMbvQbH\">pic.twitter.com\/jp7tMbvQbH<\/a><\/p>&mdash; StudioF\u00fatbol \u26bd (@StudioFutbol) <a href=\"https:\/\/twitter.com\/StudioFutbol\/status\/2033970900840612220?ref_src=twsrc%5Etfw\">March 17, 2026<\/a><\/blockquote> <script async src=\"https:\/\/platform.twitter.com\/widgets.js\" charset=\"utf-8\"><\/script>\n","protected":false},"excerpt":{"rendered":"<p>Continuidad en la Federaci\u00f3n Ecuatoriana de F\u00fatbol La reelecci\u00f3n de Francisco Egas como presidente de la Federaci\u00f3n Ecuatoriana de F\u00fatbol para el periodo 2027-2031 consolida un proceso de continuidad institucional dentro del f\u00fatbol ecuatoriano. La decisi\u00f3n fue tomada durante el Congreso Ordinario celebrado en Guayaquil, donde el dirigente obtuvo el respaldo necesario para mantenerse al [&hellip;]<\/p>\n","protected":false},"author":1,"featured_media":27687,"comment_status":"open","ping_status":"open","sticky":false,"template":"","format":"standard","meta":{"footnotes":""},"categories":[62],"tags":[],"class_list":["post-27686","post","type-post","status-publish","format-standard","has-post-thumbnail","hentry","category-deportes"],"yoast_head":"<!-- This site is optimized with the Yoast SEO plugin v28.3 - https:\/\/yoast.com\/product\/yoast-seo-wordpress\/ -->\n<title>Francisco Egas es reelegido como presidente de la FEF para el periodo 2027-2031 - 92.5 FOREVER Radio<\/title>\n<meta name=\"description\" content=\"Egas es reelegido presidente de la FEF para 2027-2031. Conoce los retos, objetivos y el impacto de su continuidad en el f\u00fatbol ecuatoriano.\" \/>\n<meta name=\"robots\" content=\"index, follow, max-snippet:-1, max-image-preview:large, max-video-preview:-1\" \/>\n<link rel=\"canonical\" href=\"https:\/\/foreverfutbol.com.ec\/radio\/deportes\/egas-es-reelegido-presidente-de-la-fef-para-2027-2031-conoce-los-retos-objetivos-y-el-impacto-de-su-continuidad-en-el-futbol-ecuatoriano\/\" \/>\n<meta property=\"og:locale\" content=\"es_ES\" \/>\n<meta property=\"og:type\" content=\"article\" \/>\n<meta property=\"og:title\" content=\"Francisco Egas es reelegido como presidente de la FEF para el periodo 2027-2031 - 92.5 FOREVER Radio\" \/>\n<meta property=\"og:description\" content=\"Egas es reelegido presidente de la FEF para 2027-2031. Conoce los retos, objetivos y el impacto de su continuidad en el f\u00fatbol ecuatoriano.\" \/>\n<meta property=\"og:url\" content=\"https:\/\/foreverfutbol.com.ec\/radio\/deportes\/egas-es-reelegido-presidente-de-la-fef-para-2027-2031-conoce-los-retos-objetivos-y-el-impacto-de-su-continuidad-en-el-futbol-ecuatoriano\/\" \/>\n<meta property=\"og:site_name\" content=\"92.5 FOREVER Radio\" \/>\n<meta property=\"article:publisher\" content=\"https:\/\/www.facebook.com\/profile.php?id=100063550693491\" \/>\n<meta property=\"article:published_time\" content=\"2026-03-17T20:58:07+00:00\" \/>\n<meta property=\"article:modified_time\" content=\"2026-03-17T21:08:43+00:00\" \/>\n<meta property=\"og:image\" content=\"https:\/\/foreverfutbol.com.ec\/radio\/wp-content\/uploads\/2026\/03\/image-69.webp\" \/>\n\t<meta property=\"og:image:width\" content=\"2048\" \/>\n\t<meta property=\"og:image:height\" content=\"1294\" \/>\n\t<meta property=\"og:image:type\" content=\"image\/webp\" \/>\n<meta name=\"author\" content=\"Ricardo Rodriguez\" \/>\n<meta name=\"twitter:card\" content=\"summary_large_image\" \/>\n<meta name=\"twitter:creator\" content=\"@925forever\" \/>\n<meta name=\"twitter:site\" content=\"@925forever\" \/>\n<meta name=\"twitter:label1\" content=\"Escrito por\" \/>\n\t<meta name=\"twitter:data1\" content=\"Ricardo Rodriguez\" \/>\n\t<meta name=\"twitter:label2\" content=\"Tiempo de lectura\" \/>\n\t<meta name=\"twitter:data2\" content=\"2 minutos\" \/>\n<script type=\"application\/ld+json\" class=\"yoast-schema-graph\">{\"@context\":\"https:\\\/\\\/schema.org\",\"@graph\":[{\"@type\":\"Article\",\"@id\":\"https:\\\/\\\/foreverfutbol.com.ec\\\/radio\\\/deportes\\\/egas-es-reelegido-presidente-de-la-fef-para-2027-2031-conoce-los-retos-objetivos-y-el-impacto-de-su-continuidad-en-el-futbol-ecuatoriano\\\/#article\",\"isPartOf\":{\"@id\":\"https:\\\/\\\/foreverfutbol.com.ec\\\/radio\\\/deportes\\\/egas-es-reelegido-presidente-de-la-fef-para-2027-2031-conoce-los-retos-objetivos-y-el-impacto-de-su-continuidad-en-el-futbol-ecuatoriano\\\/\"},\"author\":{\"name\":\"Ricardo Rodriguez\",\"@id\":\"https:\\\/\\\/foreverfutbol.com.ec\\\/radio\\\/#\\\/schema\\\/person\\\/2f679dd16f889ac00df6e7b648062a01\"},\"headline\":\"Francisco Egas es reelegido como presidente de la FEF para el periodo 2027-2031\",\"datePublished\":\"2026-03-17T20:58:07+00:00\",\"dateModified\":\"2026-03-17T21:08:43+00:00\",\"mainEntityOfPage\":{\"@id\":\"https:\\\/\\\/foreverfutbol.com.ec\\\/radio\\\/deportes\\\/egas-es-reelegido-presidente-de-la-fef-para-2027-2031-conoce-los-retos-objetivos-y-el-impacto-de-su-continuidad-en-el-futbol-ecuatoriano\\\/\"},\"wordCount\":381,\"commentCount\":0,\"publisher\":{\"@id\":\"https:\\\/\\\/foreverfutbol.com.ec\\\/radio\\\/#organization\"},\"image\":{\"@id\":\"https:\\\/\\\/foreverfutbol.com.ec\\\/radio\\\/deportes\\\/egas-es-reelegido-presidente-de-la-fef-para-2027-2031-conoce-los-retos-objetivos-y-el-impacto-de-su-continuidad-en-el-futbol-ecuatoriano\\\/#primaryimage\"},\"thumbnailUrl\":\"https:\\\/\\\/foreverfutbol.com.ec\\\/radio\\\/wp-content\\\/uploads\\\/2026\\\/03\\\/image-69.webp\",\"articleSection\":[\"Deportes\"],\"inLanguage\":\"es\",\"potentialAction\":[{\"@type\":\"CommentAction\",\"name\":\"Comment\",\"target\":[\"https:\\\/\\\/foreverfutbol.com.ec\\\/radio\\\/deportes\\\/egas-es-reelegido-presidente-de-la-fef-para-2027-2031-conoce-los-retos-objetivos-y-el-impacto-de-su-continuidad-en-el-futbol-ecuatoriano\\\/#respond\"]}]},{\"@type\":\"WebPage\",\"@id\":\"https:\\\/\\\/foreverfutbol.com.ec\\\/radio\\\/deportes\\\/egas-es-reelegido-presidente-de-la-fef-para-2027-2031-conoce-los-retos-objetivos-y-el-impacto-de-su-continuidad-en-el-futbol-ecuatoriano\\\/\",\"url\":\"https:\\\/\\\/foreverfutbol.com.ec\\\/radio\\\/deportes\\\/egas-es-reelegido-presidente-de-la-fef-para-2027-2031-conoce-los-retos-objetivos-y-el-impacto-de-su-continuidad-en-el-futbol-ecuatoriano\\\/\",\"name\":\"Francisco Egas es reelegido como presidente de la FEF para el periodo 2027-2031 - 92.5 FOREVER Radio\",\"isPartOf\":{\"@id\":\"https:\\\/\\\/foreverfutbol.com.ec\\\/radio\\\/#website\"},\"primaryImageOfPage\":{\"@id\":\"https:\\\/\\\/foreverfutbol.com.ec\\\/radio\\\/deportes\\\/egas-es-reelegido-presidente-de-la-fef-para-2027-2031-conoce-los-retos-objetivos-y-el-impacto-de-su-continuidad-en-el-futbol-ecuatoriano\\\/#primaryimage\"},\"image\":{\"@id\":\"https:\\\/\\\/foreverfutbol.com.ec\\\/radio\\\/deportes\\\/egas-es-reelegido-presidente-de-la-fef-para-2027-2031-conoce-los-retos-objetivos-y-el-impacto-de-su-continuidad-en-el-futbol-ecuatoriano\\\/#primaryimage\"},\"thumbnailUrl\":\"https:\\\/\\\/foreverfutbol.com.ec\\\/radio\\\/wp-content\\\/uploads\\\/2026\\\/03\\\/image-69.webp\",\"datePublished\":\"2026-03-17T20:58:07+00:00\",\"dateModified\":\"2026-03-17T21:08:43+00:00\",\"description\":\"Egas es reelegido presidente de la FEF para 2027-2031. Conoce los retos, objetivos y el impacto de su continuidad en el f\u00fatbol ecuatoriano.\",\"breadcrumb\":{\"@id\":\"https:\\\/\\\/foreverfutbol.com.ec\\\/radio\\\/deportes\\\/egas-es-reelegido-presidente-de-la-fef-para-2027-2031-conoce-los-retos-objetivos-y-el-impacto-de-su-continuidad-en-el-futbol-ecuatoriano\\\/#breadcrumb\"},\"inLanguage\":\"es\",\"potentialAction\":[{\"@type\":\"ReadAction\",\"target\":[\"https:\\\/\\\/foreverfutbol.com.ec\\\/radio\\\/deportes\\\/egas-es-reelegido-presidente-de-la-fef-para-2027-2031-conoce-los-retos-objetivos-y-el-impacto-de-su-continuidad-en-el-futbol-ecuatoriano\\\/\"]}]},{\"@type\":\"ImageObject\",\"inLanguage\":\"es\",\"@id\":\"https:\\\/\\\/foreverfutbol.com.ec\\\/radio\\\/deportes\\\/egas-es-reelegido-presidente-de-la-fef-para-2027-2031-conoce-los-retos-objetivos-y-el-impacto-de-su-continuidad-en-el-futbol-ecuatoriano\\\/#primaryimage\",\"url\":\"https:\\\/\\\/foreverfutbol.com.ec\\\/radio\\\/wp-content\\\/uploads\\\/2026\\\/03\\\/image-69.webp\",\"contentUrl\":\"https:\\\/\\\/foreverfutbol.com.ec\\\/radio\\\/wp-content\\\/uploads\\\/2026\\\/03\\\/image-69.webp\",\"width\":2048,\"height\":1294},{\"@type\":\"BreadcrumbList\",\"@id\":\"https:\\\/\\\/foreverfutbol.com.ec\\\/radio\\\/deportes\\\/egas-es-reelegido-presidente-de-la-fef-para-2027-2031-conoce-los-retos-objetivos-y-el-impacto-de-su-continuidad-en-el-futbol-ecuatoriano\\\/#breadcrumb\",\"itemListElement\":[{\"@type\":\"ListItem\",\"position\":1,\"name\":\"Portada\",\"item\":\"https:\\\/\\\/foreverfutbol.com.ec\\\/radio\\\/\"},{\"@type\":\"ListItem\",\"position\":2,\"name\":\"Francisco Egas es reelegido como presidente de la FEF para el periodo 2027-2031\"}]},{\"@type\":\"WebSite\",\"@id\":\"https:\\\/\\\/foreverfutbol.com.ec\\\/radio\\\/#website\",\"url\":\"https:\\\/\\\/foreverfutbol.com.ec\\\/radio\\\/\",\"name\":\"92.5 FOREVER Radio\",\"description\":\"\",\"publisher\":{\"@id\":\"https:\\\/\\\/foreverfutbol.com.ec\\\/radio\\\/#organization\"},\"potentialAction\":[{\"@type\":\"SearchAction\",\"target\":{\"@type\":\"EntryPoint\",\"urlTemplate\":\"https:\\\/\\\/foreverfutbol.com.ec\\\/radio\\\/?s={search_term_string}\"},\"query-input\":{\"@type\":\"PropertyValueSpecification\",\"valueRequired\":true,\"valueName\":\"search_term_string\"}}],\"inLanguage\":\"es\"},{\"@type\":\"Organization\",\"@id\":\"https:\\\/\\\/foreverfutbol.com.ec\\\/radio\\\/#organization\",\"name\":\"92.5 FOREVER Radio\",\"url\":\"https:\\\/\\\/foreverfutbol.com.ec\\\/radio\\\/\",\"logo\":{\"@type\":\"ImageObject\",\"inLanguage\":\"es\",\"@id\":\"https:\\\/\\\/foreverfutbol.com.ec\\\/radio\\\/#\\\/schema\\\/logo\\\/image\\\/\",\"url\":\"https:\\\/\\\/foreverfutbol.com.ec\\\/radio\\\/wp-content\\\/uploads\\\/2024\\\/01\\\/cropped-logo-forever.png\",\"contentUrl\":\"https:\\\/\\\/foreverfutbol.com.ec\\\/radio\\\/wp-content\\\/uploads\\\/2024\\\/01\\\/cropped-logo-forever.png\",\"width\":180,\"height\":154,\"caption\":\"92.5 FOREVER Radio\"},\"image\":{\"@id\":\"https:\\\/\\\/foreverfutbol.com.ec\\\/radio\\\/#\\\/schema\\\/logo\\\/image\\\/\"},\"sameAs\":[\"https:\\\/\\\/www.facebook.com\\\/profile.php?id=100063550693491\",\"https:\\\/\\\/x.com\\\/925forever\",\"https:\\\/\\\/www.instagram.com\\\/radioforever925\\\/\"]},{\"@type\":\"Person\",\"@id\":\"https:\\\/\\\/foreverfutbol.com.ec\\\/radio\\\/#\\\/schema\\\/person\\\/2f679dd16f889ac00df6e7b648062a01\",\"name\":\"Ricardo Rodriguez\",\"image\":{\"@type\":\"ImageObject\",\"inLanguage\":\"es\",\"@id\":\"https:\\\/\\\/secure.gravatar.com\\\/avatar\\\/5d9dfb95700bd0c503ed088d29de94822b5cc66a74cb0362774e6fc534823d07?s=96&d=mm&r=g\",\"url\":\"https:\\\/\\\/secure.gravatar.com\\\/avatar\\\/5d9dfb95700bd0c503ed088d29de94822b5cc66a74cb0362774e6fc534823d07?s=96&d=mm&r=g\",\"contentUrl\":\"https:\\\/\\\/secure.gravatar.com\\\/avatar\\\/5d9dfb95700bd0c503ed088d29de94822b5cc66a74cb0362774e6fc534823d07?s=96&d=mm&r=g\",\"caption\":\"Ricardo Rodriguez\"},\"sameAs\":[\"https:\\\/\\\/foreverfutbol.com.ec\\\/radio\"],\"url\":\"https:\\\/\\\/foreverfutbol.com.ec\\\/radio\\\/author\\\/superdmin\\\/\"}]}<\/script>\n<!-- \/ Yoast SEO plugin. -->","yoast_head_json":{"title":"Francisco Egas es reelegido como presidente de la FEF para el periodo 2027-2031 - 92.5 FOREVER Radio","description":"Egas es reelegido presidente de la FEF para 2027-2031. Conoce los retos, objetivos y el impacto de su continuidad en el f\u00fatbol ecuatoriano.","robots":{"index":"index","follow":"follow","max-snippet":"max-snippet:-1","max-image-preview":"max-image-preview:large","max-video-preview":"max-video-preview:-1"},"canonical":"https:\/\/foreverfutbol.com.ec\/radio\/deportes\/egas-es-reelegido-presidente-de-la-fef-para-2027-2031-conoce-los-retos-objetivos-y-el-impacto-de-su-continuidad-en-el-futbol-ecuatoriano\/","og_locale":"es_ES","og_type":"article","og_title":"Francisco Egas es reelegido como presidente de la FEF para el periodo 2027-2031 - 92.5 FOREVER Radio","og_description":"Egas es reelegido presidente de la FEF para 2027-2031. Conoce los retos, objetivos y el impacto de su continuidad en el f\u00fatbol ecuatoriano.","og_url":"https:\/\/foreverfutbol.com.ec\/radio\/deportes\/egas-es-reelegido-presidente-de-la-fef-para-2027-2031-conoce-los-retos-objetivos-y-el-impacto-de-su-continuidad-en-el-futbol-ecuatoriano\/","og_site_name":"92.5 FOREVER Radio","article_publisher":"https:\/\/www.facebook.com\/profile.php?id=100063550693491","article_published_time":"2026-03-17T20:58:07+00:00","article_modified_time":"2026-03-17T21:08:43+00:00","og_image":[{"width":2048,"height":1294,"url":"https:\/\/foreverfutbol.com.ec\/radio\/wp-content\/uploads\/2026\/03\/image-69.webp","type":"image\/webp"}],"author":"Ricardo Rodriguez","twitter_card":"summary_large_image","twitter_creator":"@925forever","twitter_site":"@925forever","twitter_misc":{"Escrito por":"Ricardo Rodriguez","Tiempo de lectura":"2 minutos"},"schema":{"@context":"https:\/\/schema.org","@graph":[{"@type":"Article","@id":"https:\/\/foreverfutbol.com.ec\/radio\/deportes\/egas-es-reelegido-presidente-de-la-fef-para-2027-2031-conoce-los-retos-objetivos-y-el-impacto-de-su-continuidad-en-el-futbol-ecuatoriano\/#article","isPartOf":{"@id":"https:\/\/foreverfutbol.com.ec\/radio\/deportes\/egas-es-reelegido-presidente-de-la-fef-para-2027-2031-conoce-los-retos-objetivos-y-el-impacto-de-su-continuidad-en-el-futbol-ecuatoriano\/"},"author":{"name":"Ricardo Rodriguez","@id":"https:\/\/foreverfutbol.com.ec\/radio\/#\/schema\/person\/2f679dd16f889ac00df6e7b648062a01"},"headline":"Francisco Egas es reelegido como presidente de la FEF para el periodo 2027-2031","datePublished":"2026-03-17T20:58:07+00:00","dateModified":"2026-03-17T21:08:43+00:00","mainEntityOfPage":{"@id":"https:\/\/foreverfutbol.com.ec\/radio\/deportes\/egas-es-reelegido-presidente-de-la-fef-para-2027-2031-conoce-los-retos-objetivos-y-el-impacto-de-su-continuidad-en-el-futbol-ecuatoriano\/"},"wordCount":381,"commentCount":0,"publisher":{"@id":"https:\/\/foreverfutbol.com.ec\/radio\/#organization"},"image":{"@id":"https:\/\/foreverfutbol.com.ec\/radio\/deportes\/egas-es-reelegido-presidente-de-la-fef-para-2027-2031-conoce-los-retos-objetivos-y-el-impacto-de-su-continuidad-en-el-futbol-ecuatoriano\/#primaryimage"},"thumbnailUrl":"https:\/\/foreverfutbol.com.ec\/radio\/wp-content\/uploads\/2026\/03\/image-69.webp","articleSection":["Deportes"],"inLanguage":"es","potentialAction":[{"@type":"CommentAction","name":"Comment","target":["https:\/\/foreverfutbol.com.ec\/radio\/deportes\/egas-es-reelegido-presidente-de-la-fef-para-2027-2031-conoce-los-retos-objetivos-y-el-impacto-de-su-continuidad-en-el-futbol-ecuatoriano\/#respond"]}]},{"@type":"WebPage","@id":"https:\/\/foreverfutbol.com.ec\/radio\/deportes\/egas-es-reelegido-presidente-de-la-fef-para-2027-2031-conoce-los-retos-objetivos-y-el-impacto-de-su-continuidad-en-el-futbol-ecuatoriano\/","url":"https:\/\/foreverfutbol.com.ec\/radio\/deportes\/egas-es-reelegido-presidente-de-la-fef-para-2027-2031-conoce-los-retos-objetivos-y-el-impacto-de-su-continuidad-en-el-futbol-ecuatoriano\/","name":"Francisco Egas es reelegido como presidente de la FEF para el periodo 2027-2031 - 92.5 FOREVER Radio","isPartOf":{"@id":"https:\/\/foreverfutbol.com.ec\/radio\/#website"},"primaryImageOfPage":{"@id":"https:\/\/foreverfutbol.com.ec\/radio\/deportes\/egas-es-reelegido-presidente-de-la-fef-para-2027-2031-conoce-los-retos-objetivos-y-el-impacto-de-su-continuidad-en-el-futbol-ecuatoriano\/#primaryimage"},"image":{"@id":"https:\/\/foreverfutbol.com.ec\/radio\/deportes\/egas-es-reelegido-presidente-de-la-fef-para-2027-2031-conoce-los-retos-objetivos-y-el-impacto-de-su-continuidad-en-el-futbol-ecuatoriano\/#primaryimage"},"thumbnailUrl":"https:\/\/foreverfutbol.com.ec\/radio\/wp-content\/uploads\/2026\/03\/image-69.webp","datePublished":"2026-03-17T20:58:07+00:00","dateModified":"2026-03-17T21:08:43+00:00","description":"Egas es reelegido presidente de la FEF para 2027-2031. Conoce los retos, objetivos y el impacto de su continuidad en el f\u00fatbol ecuatoriano.","breadcrumb":{"@id":"https:\/\/foreverfutbol.com.ec\/radio\/deportes\/egas-es-reelegido-presidente-de-la-fef-para-2027-2031-conoce-los-retos-objetivos-y-el-impacto-de-su-continuidad-en-el-futbol-ecuatoriano\/#breadcrumb"},"inLanguage":"es","potentialAction":[{"@type":"ReadAction","target":["https:\/\/foreverfutbol.com.ec\/radio\/deportes\/egas-es-reelegido-presidente-de-la-fef-para-2027-2031-conoce-los-retos-objetivos-y-el-impacto-de-su-continuidad-en-el-futbol-ecuatoriano\/"]}]},{"@type":"ImageObject","inLanguage":"es","@id":"https:\/\/foreverfutbol.com.ec\/radio\/deportes\/egas-es-reelegido-presidente-de-la-fef-para-2027-2031-conoce-los-retos-objetivos-y-el-impacto-de-su-continuidad-en-el-futbol-ecuatoriano\/#primaryimage","url":"https:\/\/foreverfutbol.com.ec\/radio\/wp-content\/uploads\/2026\/03\/image-69.webp","contentUrl":"https:\/\/foreverfutbol.com.ec\/radio\/wp-content\/uploads\/2026\/03\/image-69.webp","width":2048,"height":1294},{"@type":"BreadcrumbList","@id":"https:\/\/foreverfutbol.com.ec\/radio\/deportes\/egas-es-reelegido-presidente-de-la-fef-para-2027-2031-conoce-los-retos-objetivos-y-el-impacto-de-su-continuidad-en-el-futbol-ecuatoriano\/#breadcrumb","itemListElement":[{"@type":"ListItem","position":1,"name":"Portada","item":"https:\/\/foreverfutbol.com.ec\/radio\/"},{"@type":"ListItem","position":2,"name":"Francisco Egas es reelegido como presidente de la FEF para el periodo 2027-2031"}]},{"@type":"WebSite","@id":"https:\/\/foreverfutbol.com.ec\/radio\/#website","url":"https:\/\/foreverfutbol.com.ec\/radio\/","name":"92.5 FOREVER Radio","description":"","publisher":{"@id":"https:\/\/foreverfutbol.com.ec\/radio\/#organization"},"potentialAction":[{"@type":"SearchAction","target":{"@type":"EntryPoint","urlTemplate":"https:\/\/foreverfutbol.com.ec\/radio\/?s={search_term_string}"},"query-input":{"@type":"PropertyValueSpecification","valueRequired":true,"valueName":"search_term_string"}}],"inLanguage":"es"},{"@type":"Organization","@id":"https:\/\/foreverfutbol.com.ec\/radio\/#organization","name":"92.5 FOREVER Radio","url":"https:\/\/foreverfutbol.com.ec\/radio\/","logo":{"@type":"ImageObject","inLanguage":"es","@id":"https:\/\/foreverfutbol.com.ec\/radio\/#\/schema\/logo\/image\/","url":"https:\/\/foreverfutbol.com.ec\/radio\/wp-content\/uploads\/2024\/01\/cropped-logo-forever.png","contentUrl":"https:\/\/foreverfutbol.com.ec\/radio\/wp-content\/uploads\/2024\/01\/cropped-logo-forever.png","width":180,"height":154,"caption":"92.5 FOREVER Radio"},"image":{"@id":"https:\/\/foreverfutbol.com.ec\/radio\/#\/schema\/logo\/image\/"},"sameAs":["https:\/\/www.facebook.com\/profile.php?id=100063550693491","https:\/\/x.com\/925forever","https:\/\/www.instagram.com\/radioforever925\/"]},{"@type":"Person","@id":"https:\/\/foreverfutbol.com.ec\/radio\/#\/schema\/person\/2f679dd16f889ac00df6e7b648062a01","name":"Ricardo Rodriguez","image":{"@type":"ImageObject","inLanguage":"es","@id":"https:\/\/secure.gravatar.com\/avatar\/5d9dfb95700bd0c503ed088d29de94822b5cc66a74cb0362774e6fc534823d07?s=96&d=mm&r=g","url":"https:\/\/secure.gravatar.com\/avatar\/5d9dfb95700bd0c503ed088d29de94822b5cc66a74cb0362774e6fc534823d07?s=96&d=mm&r=g","contentUrl":"https:\/\/secure.gravatar.com\/avatar\/5d9dfb95700bd0c503ed088d29de94822b5cc66a74cb0362774e6fc534823d07?s=96&d=mm&r=g","caption":"Ricardo Rodriguez"},"sameAs":["https:\/\/foreverfutbol.com.ec\/radio"],"url":"https:\/\/foreverfutbol.com.ec\/radio\/author\/superdmin\/"}]}},"_links":{"self":[{"href":"https:\/\/foreverfutbol.com.ec\/radio\/wp-json\/wp\/v2\/posts\/27686","targetHints":{"allow":["GET"]}}],"collection":[{"href":"https:\/\/foreverfutbol.com.ec\/radio\/wp-json\/wp\/v2\/posts"}],"about":[{"href":"https:\/\/foreverfutbol.com.ec\/radio\/wp-json\/wp\/v2\/types\/post"}],"author":[{"embeddable":true,"href":"https:\/\/foreverfutbol.com.ec\/radio\/wp-json\/wp\/v2\/users\/1"}],"replies":[{"embeddable":true,"href":"https:\/\/foreverfutbol.com.ec\/radio\/wp-json\/wp\/v2\/comments?post=27686"}],"version-history":[{"count":1,"href":"https:\/\/foreverfutbol.com.ec\/radio\/wp-json\/wp\/v2\/posts\/27686\/revisions"}],"predecessor-version":[{"id":27688,"href":"https:\/\/foreverfutbol.com.ec\/radio\/wp-json\/wp\/v2\/posts\/27686\/revisions\/27688"}],"wp:featuredmedia":[{"embeddable":true,"href":"https:\/\/foreverfutbol.com.ec\/radio\/wp-json\/wp\/v2\/media\/27687"}],"wp:attachment":[{"href":"https:\/\/foreverfutbol.com.ec\/radio\/wp-json\/wp\/v2\/media?parent=27686"}],"wp:term":[{"taxonomy":"category","embeddable":true,"href":"https:\/\/foreverfutbol.com.ec\/radio\/wp-json\/wp\/v2\/categories?post=27686"},{"taxonomy":"post_tag","embeddable":true,"href":"https:\/\/foreverfutbol.com.ec\/radio\/wp-json\/wp\/v2\/tags?post=27686"}],"curies":[{"name":"wp","href":"https:\/\/api.w.org\/{rel}","templated":true}]}}