{"id":26826,"date":"2026-02-20T11:26:21","date_gmt":"2026-02-20T16:26:21","guid":{"rendered":"https:\/\/foreverfutbol.com.ec\/radio\/?p=26826"},"modified":"2026-02-20T11:26:23","modified_gmt":"2026-02-20T16:26:23","slug":"ministerio-del-trabajo-emite-acuerdo-que-regula-turnos-y-horarios-laborales-especiales","status":"publish","type":"post","link":"https:\/\/foreverfutbol.com.ec\/radio\/politica\/ministerio-del-trabajo-emite-acuerdo-que-regula-turnos-y-horarios-laborales-especiales\/","title":{"rendered":"Ministerio del Trabajo emite acuerdo que regula turnos y horarios laborales especiales"},"content":{"rendered":"\n<p class=\"wp-block-paragraph\">El <strong>Ministerio del Trabajo<\/strong> emiti\u00f3 un <strong>acuerdo ministerial<\/strong> que regula de forma estricta el <strong>procedimiento para la autorizaci\u00f3n de turnos y horarios laborales especiales<\/strong> en el pa\u00eds. La normativa consta en el <strong>Acuerdo MDT-2026-046<\/strong>, firmado por el ministro <strong>Harold Burbano<\/strong> el <strong>18 de febrero de 2026<\/strong>, y establece nuevas reglas obligatorias para empleadores y trabajadores sujetos al <strong>C\u00f3digo del Trabajo<\/strong>.<\/p>\n\n\n\n<p class=\"wp-block-paragraph\">El documento se\u00f1ala que los <strong>turnos especiales<\/strong> requieren autorizaci\u00f3n previa cuando, por la <strong>naturaleza t\u00e9cnica, productiva o de inter\u00e9s p\u00fablico<\/strong>, las actividades no pueden interrumpirse. Esto incluye labores cuya suspensi\u00f3n genere perjuicios econ\u00f3micos, afecte servicios esenciales o responda a necesidades operativas del empleador.<\/p>\n\n\n\n<p class=\"wp-block-paragraph\">La normativa identifica <strong>dos tipos de turnos especiales<\/strong>. El primero corresponde a aquellos que implican <strong>m\u00e1s de cinco d\u00edas consecutivos de trabajo<\/strong>, siempre que se otorguen <strong>d\u00edas adicionales o acumulados de descanso<\/strong>. El segundo contempla jornadas de <strong>menos de cinco d\u00edas consecutivos<\/strong>, pero con <strong>intervalos de descanso menores a dos d\u00edas seguidos<\/strong>. El acuerdo aclara que las modalidades no contempladas en estos casos <strong>no requieren autorizaci\u00f3n<\/strong>, siempre que exista <strong>consentimiento entre las partes<\/strong>.<\/p>\n\n\n\n<p class=\"wp-block-paragraph\">En cuanto a los <strong>horarios especiales<\/strong>, el acuerdo dispone que tambi\u00e9n est\u00e1n sujetos a autorizaci\u00f3n ministerial cuando impliquen <strong>horarios rotativos<\/strong>, ya sean <strong>diurnos, nocturnos o mixtos<\/strong>, en jornadas continuas o discontinuas. Asimismo, se permite la aplicaci\u00f3n de <strong>horas suplementarias o extraordinarias<\/strong>, siempre que se respeten los l\u00edmites y recargos previstos en el <strong>art\u00edculo 55 del C\u00f3digo del Trabajo<\/strong>.<\/p>\n\n\n\n<p class=\"wp-block-paragraph\">El texto faculta a empleadores y trabajadores a <strong>incrementar las horas de la jornada diaria<\/strong> a cambio de <strong>mayores d\u00edas de descanso<\/strong>, bajo el principio de compensaci\u00f3n. En ning\u00fan caso la jornada podr\u00e1 <strong>exceder las 12 horas diarias<\/strong>, y si se supera el l\u00edmite legal de trabajo o se labora durante d\u00edas de descanso acumulado, se aplicar\u00e1n los recargos correspondientes.<\/p>\n\n\n\n<p class=\"wp-block-paragraph\">El acuerdo tambi\u00e9n incorpora un enfoque de <strong>fomento al empleo juvenil<\/strong>, priorizando la autorizaci\u00f3n de turnos especiales cuando se generen nuevas plazas para <strong>j\u00f3venes entre 18 y 29 a\u00f1os<\/strong>, especialmente en su <strong>primera experiencia laboral formal<\/strong>. Para estas contrataciones, el uso de la plataforma <strong>Encuentra Empleo<\/strong> ser\u00e1 <strong>obligatorio<\/strong>.<\/p>\n\n\n\n<p class=\"wp-block-paragraph\">Finalmente, se establece la posibilidad de aplicar una <strong>jornada laboral eficiente<\/strong>, permitiendo distribuir las <strong>40 horas semanales<\/strong> en un m\u00e1ximo de <strong>10 horas diarias<\/strong>, dentro de cinco d\u00edas, con derecho a recargos cuando se superen las horas semanales permitidas.<\/p>\n","protected":false},"excerpt":{"rendered":"<p>El Ministerio del Trabajo emiti\u00f3 un acuerdo ministerial que regula de forma estricta el procedimiento para la autorizaci\u00f3n de turnos y horarios laborales especiales en el pa\u00eds. La normativa consta en el Acuerdo MDT-2026-046, firmado por el ministro Harold Burbano el 18 de febrero de 2026, y establece nuevas reglas obligatorias para empleadores y trabajadores [&hellip;]<\/p>\n","protected":false},"author":1,"featured_media":26827,"comment_status":"open","ping_status":"open","sticky":false,"template":"","format":"standard","meta":{"footnotes":""},"categories":[52],"tags":[],"class_list":["post-26826","post","type-post","status-publish","format-standard","has-post-thumbnail","hentry","category-politica"],"yoast_head":"<!-- This site is optimized with the Yoast SEO plugin v28.3 - https:\/\/yoast.com\/product\/yoast-seo-wordpress\/ -->\n<title>Ministerio del Trabajo emite acuerdo que regula turnos y horarios laborales especiales - 92.5 FOREVER Radio<\/title>\n<meta name=\"description\" content=\"El Ministerio del Trabajo regula turnos y horarios laborales especiales, fija l\u00edmites de jornada, descansos, recargos y prioriza empleo\" \/>\n<meta name=\"robots\" content=\"index, follow, max-snippet:-1, max-image-preview:large, max-video-preview:-1\" \/>\n<link rel=\"canonical\" href=\"https:\/\/foreverfutbol.com.ec\/radio\/politica\/ministerio-del-trabajo-emite-acuerdo-que-regula-turnos-y-horarios-laborales-especiales\/\" \/>\n<meta property=\"og:locale\" content=\"es_ES\" \/>\n<meta property=\"og:type\" content=\"article\" \/>\n<meta property=\"og:title\" content=\"Ministerio del Trabajo emite acuerdo que regula turnos y horarios laborales especiales - 92.5 FOREVER Radio\" \/>\n<meta property=\"og:description\" content=\"El Ministerio del Trabajo regula turnos y horarios laborales especiales, fija l\u00edmites de jornada, descansos, recargos y prioriza empleo\" \/>\n<meta property=\"og:url\" content=\"https:\/\/foreverfutbol.com.ec\/radio\/politica\/ministerio-del-trabajo-emite-acuerdo-que-regula-turnos-y-horarios-laborales-especiales\/\" \/>\n<meta property=\"og:site_name\" content=\"92.5 FOREVER Radio\" \/>\n<meta property=\"article:publisher\" content=\"https:\/\/www.facebook.com\/profile.php?id=100063550693491\" \/>\n<meta property=\"article:published_time\" content=\"2026-02-20T16:26:21+00:00\" \/>\n<meta property=\"article:modified_time\" content=\"2026-02-20T16:26:23+00:00\" \/>\n<meta property=\"og:image\" content=\"https:\/\/foreverfutbol.com.ec\/radio\/wp-content\/uploads\/2026\/02\/image-108-2.webp\" \/>\n\t<meta property=\"og:image:width\" content=\"1005\" \/>\n\t<meta property=\"og:image:height\" content=\"670\" \/>\n\t<meta property=\"og:image:type\" content=\"image\/webp\" \/>\n<meta name=\"author\" content=\"Ricardo Rodriguez\" \/>\n<meta name=\"twitter:card\" content=\"summary_large_image\" \/>\n<meta name=\"twitter:creator\" content=\"@925forever\" \/>\n<meta name=\"twitter:site\" content=\"@925forever\" \/>\n<meta name=\"twitter:label1\" content=\"Escrito por\" \/>\n\t<meta name=\"twitter:data1\" content=\"Ricardo Rodriguez\" \/>\n\t<meta name=\"twitter:label2\" content=\"Tiempo de lectura\" \/>\n\t<meta name=\"twitter:data2\" content=\"2 minutos\" \/>\n<script type=\"application\/ld+json\" class=\"yoast-schema-graph\">{\"@context\":\"https:\\\/\\\/schema.org\",\"@graph\":[{\"@type\":\"Article\",\"@id\":\"https:\\\/\\\/foreverfutbol.com.ec\\\/radio\\\/politica\\\/ministerio-del-trabajo-emite-acuerdo-que-regula-turnos-y-horarios-laborales-especiales\\\/#article\",\"isPartOf\":{\"@id\":\"https:\\\/\\\/foreverfutbol.com.ec\\\/radio\\\/politica\\\/ministerio-del-trabajo-emite-acuerdo-que-regula-turnos-y-horarios-laborales-especiales\\\/\"},\"author\":{\"name\":\"Ricardo Rodriguez\",\"@id\":\"https:\\\/\\\/foreverfutbol.com.ec\\\/radio\\\/#\\\/schema\\\/person\\\/2f679dd16f889ac00df6e7b648062a01\"},\"headline\":\"Ministerio del Trabajo emite acuerdo que regula turnos y horarios laborales especiales\",\"datePublished\":\"2026-02-20T16:26:21+00:00\",\"dateModified\":\"2026-02-20T16:26:23+00:00\",\"mainEntityOfPage\":{\"@id\":\"https:\\\/\\\/foreverfutbol.com.ec\\\/radio\\\/politica\\\/ministerio-del-trabajo-emite-acuerdo-que-regula-turnos-y-horarios-laborales-especiales\\\/\"},\"wordCount\":421,\"commentCount\":0,\"publisher\":{\"@id\":\"https:\\\/\\\/foreverfutbol.com.ec\\\/radio\\\/#organization\"},\"image\":{\"@id\":\"https:\\\/\\\/foreverfutbol.com.ec\\\/radio\\\/politica\\\/ministerio-del-trabajo-emite-acuerdo-que-regula-turnos-y-horarios-laborales-especiales\\\/#primaryimage\"},\"thumbnailUrl\":\"https:\\\/\\\/foreverfutbol.com.ec\\\/radio\\\/wp-content\\\/uploads\\\/2026\\\/02\\\/image-108-2.webp\",\"articleSection\":[\"Pol\u00edtica\"],\"inLanguage\":\"es\",\"potentialAction\":[{\"@type\":\"CommentAction\",\"name\":\"Comment\",\"target\":[\"https:\\\/\\\/foreverfutbol.com.ec\\\/radio\\\/politica\\\/ministerio-del-trabajo-emite-acuerdo-que-regula-turnos-y-horarios-laborales-especiales\\\/#respond\"]}]},{\"@type\":\"WebPage\",\"@id\":\"https:\\\/\\\/foreverfutbol.com.ec\\\/radio\\\/politica\\\/ministerio-del-trabajo-emite-acuerdo-que-regula-turnos-y-horarios-laborales-especiales\\\/\",\"url\":\"https:\\\/\\\/foreverfutbol.com.ec\\\/radio\\\/politica\\\/ministerio-del-trabajo-emite-acuerdo-que-regula-turnos-y-horarios-laborales-especiales\\\/\",\"name\":\"Ministerio del Trabajo emite acuerdo que regula turnos y horarios laborales especiales - 92.5 FOREVER Radio\",\"isPartOf\":{\"@id\":\"https:\\\/\\\/foreverfutbol.com.ec\\\/radio\\\/#website\"},\"primaryImageOfPage\":{\"@id\":\"https:\\\/\\\/foreverfutbol.com.ec\\\/radio\\\/politica\\\/ministerio-del-trabajo-emite-acuerdo-que-regula-turnos-y-horarios-laborales-especiales\\\/#primaryimage\"},\"image\":{\"@id\":\"https:\\\/\\\/foreverfutbol.com.ec\\\/radio\\\/politica\\\/ministerio-del-trabajo-emite-acuerdo-que-regula-turnos-y-horarios-laborales-especiales\\\/#primaryimage\"},\"thumbnailUrl\":\"https:\\\/\\\/foreverfutbol.com.ec\\\/radio\\\/wp-content\\\/uploads\\\/2026\\\/02\\\/image-108-2.webp\",\"datePublished\":\"2026-02-20T16:26:21+00:00\",\"dateModified\":\"2026-02-20T16:26:23+00:00\",\"description\":\"El Ministerio del Trabajo regula turnos y horarios laborales especiales, fija l\u00edmites de jornada, descansos, recargos y prioriza empleo\",\"breadcrumb\":{\"@id\":\"https:\\\/\\\/foreverfutbol.com.ec\\\/radio\\\/politica\\\/ministerio-del-trabajo-emite-acuerdo-que-regula-turnos-y-horarios-laborales-especiales\\\/#breadcrumb\"},\"inLanguage\":\"es\",\"potentialAction\":[{\"@type\":\"ReadAction\",\"target\":[\"https:\\\/\\\/foreverfutbol.com.ec\\\/radio\\\/politica\\\/ministerio-del-trabajo-emite-acuerdo-que-regula-turnos-y-horarios-laborales-especiales\\\/\"]}]},{\"@type\":\"ImageObject\",\"inLanguage\":\"es\",\"@id\":\"https:\\\/\\\/foreverfutbol.com.ec\\\/radio\\\/politica\\\/ministerio-del-trabajo-emite-acuerdo-que-regula-turnos-y-horarios-laborales-especiales\\\/#primaryimage\",\"url\":\"https:\\\/\\\/foreverfutbol.com.ec\\\/radio\\\/wp-content\\\/uploads\\\/2026\\\/02\\\/image-108-2.webp\",\"contentUrl\":\"https:\\\/\\\/foreverfutbol.com.ec\\\/radio\\\/wp-content\\\/uploads\\\/2026\\\/02\\\/image-108-2.webp\",\"width\":1005,\"height\":670},{\"@type\":\"BreadcrumbList\",\"@id\":\"https:\\\/\\\/foreverfutbol.com.ec\\\/radio\\\/politica\\\/ministerio-del-trabajo-emite-acuerdo-que-regula-turnos-y-horarios-laborales-especiales\\\/#breadcrumb\",\"itemListElement\":[{\"@type\":\"ListItem\",\"position\":1,\"name\":\"Portada\",\"item\":\"https:\\\/\\\/foreverfutbol.com.ec\\\/radio\\\/\"},{\"@type\":\"ListItem\",\"position\":2,\"name\":\"Ministerio del Trabajo emite acuerdo que regula turnos y horarios laborales especiales\"}]},{\"@type\":\"WebSite\",\"@id\":\"https:\\\/\\\/foreverfutbol.com.ec\\\/radio\\\/#website\",\"url\":\"https:\\\/\\\/foreverfutbol.com.ec\\\/radio\\\/\",\"name\":\"92.5 FOREVER Radio\",\"description\":\"\",\"publisher\":{\"@id\":\"https:\\\/\\\/foreverfutbol.com.ec\\\/radio\\\/#organization\"},\"potentialAction\":[{\"@type\":\"SearchAction\",\"target\":{\"@type\":\"EntryPoint\",\"urlTemplate\":\"https:\\\/\\\/foreverfutbol.com.ec\\\/radio\\\/?s={search_term_string}\"},\"query-input\":{\"@type\":\"PropertyValueSpecification\",\"valueRequired\":true,\"valueName\":\"search_term_string\"}}],\"inLanguage\":\"es\"},{\"@type\":\"Organization\",\"@id\":\"https:\\\/\\\/foreverfutbol.com.ec\\\/radio\\\/#organization\",\"name\":\"92.5 FOREVER Radio\",\"url\":\"https:\\\/\\\/foreverfutbol.com.ec\\\/radio\\\/\",\"logo\":{\"@type\":\"ImageObject\",\"inLanguage\":\"es\",\"@id\":\"https:\\\/\\\/foreverfutbol.com.ec\\\/radio\\\/#\\\/schema\\\/logo\\\/image\\\/\",\"url\":\"https:\\\/\\\/foreverfutbol.com.ec\\\/radio\\\/wp-content\\\/uploads\\\/2024\\\/01\\\/cropped-logo-forever.png\",\"contentUrl\":\"https:\\\/\\\/foreverfutbol.com.ec\\\/radio\\\/wp-content\\\/uploads\\\/2024\\\/01\\\/cropped-logo-forever.png\",\"width\":180,\"height\":154,\"caption\":\"92.5 FOREVER Radio\"},\"image\":{\"@id\":\"https:\\\/\\\/foreverfutbol.com.ec\\\/radio\\\/#\\\/schema\\\/logo\\\/image\\\/\"},\"sameAs\":[\"https:\\\/\\\/www.facebook.com\\\/profile.php?id=100063550693491\",\"https:\\\/\\\/x.com\\\/925forever\",\"https:\\\/\\\/www.instagram.com\\\/radioforever925\\\/\"]},{\"@type\":\"Person\",\"@id\":\"https:\\\/\\\/foreverfutbol.com.ec\\\/radio\\\/#\\\/schema\\\/person\\\/2f679dd16f889ac00df6e7b648062a01\",\"name\":\"Ricardo Rodriguez\",\"image\":{\"@type\":\"ImageObject\",\"inLanguage\":\"es\",\"@id\":\"https:\\\/\\\/secure.gravatar.com\\\/avatar\\\/5d9dfb95700bd0c503ed088d29de94822b5cc66a74cb0362774e6fc534823d07?s=96&d=mm&r=g\",\"url\":\"https:\\\/\\\/secure.gravatar.com\\\/avatar\\\/5d9dfb95700bd0c503ed088d29de94822b5cc66a74cb0362774e6fc534823d07?s=96&d=mm&r=g\",\"contentUrl\":\"https:\\\/\\\/secure.gravatar.com\\\/avatar\\\/5d9dfb95700bd0c503ed088d29de94822b5cc66a74cb0362774e6fc534823d07?s=96&d=mm&r=g\",\"caption\":\"Ricardo Rodriguez\"},\"sameAs\":[\"https:\\\/\\\/foreverfutbol.com.ec\\\/radio\"],\"url\":\"https:\\\/\\\/foreverfutbol.com.ec\\\/radio\\\/author\\\/superdmin\\\/\"}]}<\/script>\n<!-- \/ Yoast SEO plugin. -->","yoast_head_json":{"title":"Ministerio del Trabajo emite acuerdo que regula turnos y horarios laborales especiales - 92.5 FOREVER Radio","description":"El Ministerio del Trabajo regula turnos y horarios laborales especiales, fija l\u00edmites de jornada, descansos, recargos y prioriza empleo","robots":{"index":"index","follow":"follow","max-snippet":"max-snippet:-1","max-image-preview":"max-image-preview:large","max-video-preview":"max-video-preview:-1"},"canonical":"https:\/\/foreverfutbol.com.ec\/radio\/politica\/ministerio-del-trabajo-emite-acuerdo-que-regula-turnos-y-horarios-laborales-especiales\/","og_locale":"es_ES","og_type":"article","og_title":"Ministerio del Trabajo emite acuerdo que regula turnos y horarios laborales especiales - 92.5 FOREVER Radio","og_description":"El Ministerio del Trabajo regula turnos y horarios laborales especiales, fija l\u00edmites de jornada, descansos, recargos y prioriza empleo","og_url":"https:\/\/foreverfutbol.com.ec\/radio\/politica\/ministerio-del-trabajo-emite-acuerdo-que-regula-turnos-y-horarios-laborales-especiales\/","og_site_name":"92.5 FOREVER Radio","article_publisher":"https:\/\/www.facebook.com\/profile.php?id=100063550693491","article_published_time":"2026-02-20T16:26:21+00:00","article_modified_time":"2026-02-20T16:26:23+00:00","og_image":[{"width":1005,"height":670,"url":"https:\/\/foreverfutbol.com.ec\/radio\/wp-content\/uploads\/2026\/02\/image-108-2.webp","type":"image\/webp"}],"author":"Ricardo Rodriguez","twitter_card":"summary_large_image","twitter_creator":"@925forever","twitter_site":"@925forever","twitter_misc":{"Escrito por":"Ricardo Rodriguez","Tiempo de lectura":"2 minutos"},"schema":{"@context":"https:\/\/schema.org","@graph":[{"@type":"Article","@id":"https:\/\/foreverfutbol.com.ec\/radio\/politica\/ministerio-del-trabajo-emite-acuerdo-que-regula-turnos-y-horarios-laborales-especiales\/#article","isPartOf":{"@id":"https:\/\/foreverfutbol.com.ec\/radio\/politica\/ministerio-del-trabajo-emite-acuerdo-que-regula-turnos-y-horarios-laborales-especiales\/"},"author":{"name":"Ricardo Rodriguez","@id":"https:\/\/foreverfutbol.com.ec\/radio\/#\/schema\/person\/2f679dd16f889ac00df6e7b648062a01"},"headline":"Ministerio del Trabajo emite acuerdo que regula turnos y horarios laborales especiales","datePublished":"2026-02-20T16:26:21+00:00","dateModified":"2026-02-20T16:26:23+00:00","mainEntityOfPage":{"@id":"https:\/\/foreverfutbol.com.ec\/radio\/politica\/ministerio-del-trabajo-emite-acuerdo-que-regula-turnos-y-horarios-laborales-especiales\/"},"wordCount":421,"commentCount":0,"publisher":{"@id":"https:\/\/foreverfutbol.com.ec\/radio\/#organization"},"image":{"@id":"https:\/\/foreverfutbol.com.ec\/radio\/politica\/ministerio-del-trabajo-emite-acuerdo-que-regula-turnos-y-horarios-laborales-especiales\/#primaryimage"},"thumbnailUrl":"https:\/\/foreverfutbol.com.ec\/radio\/wp-content\/uploads\/2026\/02\/image-108-2.webp","articleSection":["Pol\u00edtica"],"inLanguage":"es","potentialAction":[{"@type":"CommentAction","name":"Comment","target":["https:\/\/foreverfutbol.com.ec\/radio\/politica\/ministerio-del-trabajo-emite-acuerdo-que-regula-turnos-y-horarios-laborales-especiales\/#respond"]}]},{"@type":"WebPage","@id":"https:\/\/foreverfutbol.com.ec\/radio\/politica\/ministerio-del-trabajo-emite-acuerdo-que-regula-turnos-y-horarios-laborales-especiales\/","url":"https:\/\/foreverfutbol.com.ec\/radio\/politica\/ministerio-del-trabajo-emite-acuerdo-que-regula-turnos-y-horarios-laborales-especiales\/","name":"Ministerio del Trabajo emite acuerdo que regula turnos y horarios laborales especiales - 92.5 FOREVER Radio","isPartOf":{"@id":"https:\/\/foreverfutbol.com.ec\/radio\/#website"},"primaryImageOfPage":{"@id":"https:\/\/foreverfutbol.com.ec\/radio\/politica\/ministerio-del-trabajo-emite-acuerdo-que-regula-turnos-y-horarios-laborales-especiales\/#primaryimage"},"image":{"@id":"https:\/\/foreverfutbol.com.ec\/radio\/politica\/ministerio-del-trabajo-emite-acuerdo-que-regula-turnos-y-horarios-laborales-especiales\/#primaryimage"},"thumbnailUrl":"https:\/\/foreverfutbol.com.ec\/radio\/wp-content\/uploads\/2026\/02\/image-108-2.webp","datePublished":"2026-02-20T16:26:21+00:00","dateModified":"2026-02-20T16:26:23+00:00","description":"El Ministerio del Trabajo regula turnos y horarios laborales especiales, fija l\u00edmites de jornada, descansos, recargos y prioriza empleo","breadcrumb":{"@id":"https:\/\/foreverfutbol.com.ec\/radio\/politica\/ministerio-del-trabajo-emite-acuerdo-que-regula-turnos-y-horarios-laborales-especiales\/#breadcrumb"},"inLanguage":"es","potentialAction":[{"@type":"ReadAction","target":["https:\/\/foreverfutbol.com.ec\/radio\/politica\/ministerio-del-trabajo-emite-acuerdo-que-regula-turnos-y-horarios-laborales-especiales\/"]}]},{"@type":"ImageObject","inLanguage":"es","@id":"https:\/\/foreverfutbol.com.ec\/radio\/politica\/ministerio-del-trabajo-emite-acuerdo-que-regula-turnos-y-horarios-laborales-especiales\/#primaryimage","url":"https:\/\/foreverfutbol.com.ec\/radio\/wp-content\/uploads\/2026\/02\/image-108-2.webp","contentUrl":"https:\/\/foreverfutbol.com.ec\/radio\/wp-content\/uploads\/2026\/02\/image-108-2.webp","width":1005,"height":670},{"@type":"BreadcrumbList","@id":"https:\/\/foreverfutbol.com.ec\/radio\/politica\/ministerio-del-trabajo-emite-acuerdo-que-regula-turnos-y-horarios-laborales-especiales\/#breadcrumb","itemListElement":[{"@type":"ListItem","position":1,"name":"Portada","item":"https:\/\/foreverfutbol.com.ec\/radio\/"},{"@type":"ListItem","position":2,"name":"Ministerio del Trabajo emite acuerdo que regula turnos y horarios laborales especiales"}]},{"@type":"WebSite","@id":"https:\/\/foreverfutbol.com.ec\/radio\/#website","url":"https:\/\/foreverfutbol.com.ec\/radio\/","name":"92.5 FOREVER Radio","description":"","publisher":{"@id":"https:\/\/foreverfutbol.com.ec\/radio\/#organization"},"potentialAction":[{"@type":"SearchAction","target":{"@type":"EntryPoint","urlTemplate":"https:\/\/foreverfutbol.com.ec\/radio\/?s={search_term_string}"},"query-input":{"@type":"PropertyValueSpecification","valueRequired":true,"valueName":"search_term_string"}}],"inLanguage":"es"},{"@type":"Organization","@id":"https:\/\/foreverfutbol.com.ec\/radio\/#organization","name":"92.5 FOREVER Radio","url":"https:\/\/foreverfutbol.com.ec\/radio\/","logo":{"@type":"ImageObject","inLanguage":"es","@id":"https:\/\/foreverfutbol.com.ec\/radio\/#\/schema\/logo\/image\/","url":"https:\/\/foreverfutbol.com.ec\/radio\/wp-content\/uploads\/2024\/01\/cropped-logo-forever.png","contentUrl":"https:\/\/foreverfutbol.com.ec\/radio\/wp-content\/uploads\/2024\/01\/cropped-logo-forever.png","width":180,"height":154,"caption":"92.5 FOREVER Radio"},"image":{"@id":"https:\/\/foreverfutbol.com.ec\/radio\/#\/schema\/logo\/image\/"},"sameAs":["https:\/\/www.facebook.com\/profile.php?id=100063550693491","https:\/\/x.com\/925forever","https:\/\/www.instagram.com\/radioforever925\/"]},{"@type":"Person","@id":"https:\/\/foreverfutbol.com.ec\/radio\/#\/schema\/person\/2f679dd16f889ac00df6e7b648062a01","name":"Ricardo Rodriguez","image":{"@type":"ImageObject","inLanguage":"es","@id":"https:\/\/secure.gravatar.com\/avatar\/5d9dfb95700bd0c503ed088d29de94822b5cc66a74cb0362774e6fc534823d07?s=96&d=mm&r=g","url":"https:\/\/secure.gravatar.com\/avatar\/5d9dfb95700bd0c503ed088d29de94822b5cc66a74cb0362774e6fc534823d07?s=96&d=mm&r=g","contentUrl":"https:\/\/secure.gravatar.com\/avatar\/5d9dfb95700bd0c503ed088d29de94822b5cc66a74cb0362774e6fc534823d07?s=96&d=mm&r=g","caption":"Ricardo Rodriguez"},"sameAs":["https:\/\/foreverfutbol.com.ec\/radio"],"url":"https:\/\/foreverfutbol.com.ec\/radio\/author\/superdmin\/"}]}},"_links":{"self":[{"href":"https:\/\/foreverfutbol.com.ec\/radio\/wp-json\/wp\/v2\/posts\/26826","targetHints":{"allow":["GET"]}}],"collection":[{"href":"https:\/\/foreverfutbol.com.ec\/radio\/wp-json\/wp\/v2\/posts"}],"about":[{"href":"https:\/\/foreverfutbol.com.ec\/radio\/wp-json\/wp\/v2\/types\/post"}],"author":[{"embeddable":true,"href":"https:\/\/foreverfutbol.com.ec\/radio\/wp-json\/wp\/v2\/users\/1"}],"replies":[{"embeddable":true,"href":"https:\/\/foreverfutbol.com.ec\/radio\/wp-json\/wp\/v2\/comments?post=26826"}],"version-history":[{"count":1,"href":"https:\/\/foreverfutbol.com.ec\/radio\/wp-json\/wp\/v2\/posts\/26826\/revisions"}],"predecessor-version":[{"id":26828,"href":"https:\/\/foreverfutbol.com.ec\/radio\/wp-json\/wp\/v2\/posts\/26826\/revisions\/26828"}],"wp:featuredmedia":[{"embeddable":true,"href":"https:\/\/foreverfutbol.com.ec\/radio\/wp-json\/wp\/v2\/media\/26827"}],"wp:attachment":[{"href":"https:\/\/foreverfutbol.com.ec\/radio\/wp-json\/wp\/v2\/media?parent=26826"}],"wp:term":[{"taxonomy":"category","embeddable":true,"href":"https:\/\/foreverfutbol.com.ec\/radio\/wp-json\/wp\/v2\/categories?post=26826"},{"taxonomy":"post_tag","embeddable":true,"href":"https:\/\/foreverfutbol.com.ec\/radio\/wp-json\/wp\/v2\/tags?post=26826"}],"curies":[{"name":"wp","href":"https:\/\/api.w.org\/{rel}","templated":true}]}}