{"id":26771,"date":"2026-02-13T17:42:35","date_gmt":"2026-02-13T22:42:35","guid":{"rendered":"https:\/\/foreverfutbol.com.ec\/radio\/?p=26771"},"modified":"2026-05-11T15:03:42","modified_gmt":"2026-05-11T20:03:42","slug":"donald-trump-anuncia-visita-a-venezuela-pero-no-define-fecha","status":"publish","type":"post","link":"https:\/\/foreverfutbol.com.ec\/radio\/internacional\/donald-trump-anuncia-visita-a-venezuela-pero-no-define-fecha\/","title":{"rendered":"Donald Trump anuncia visita a Venezuela, pero no define fecha"},"content":{"rendered":"\n<p class=\"wp-block-paragraph\">El presidente de Estados Unidos, <strong>Donald Trump<\/strong>, confirm\u00f3 que realizar\u00e1 una <strong>visita oficial a Venezuela<\/strong>, aunque aclar\u00f3 que <strong>a\u00fan no existe una fecha definida<\/strong> para concretar el viaje. El anuncio fue realizado este viernes 13 de febrero ante periodistas que se encontraban en las inmediaciones de la <strong>Casa Blanca<\/strong>, minutos antes de que el mandatario se desplazara hacia una base militar en Carolina del Norte.<\/p>\n\n\n\n<p class=\"wp-block-paragraph\">Durante sus declaraciones, Trump fue enf\u00e1tico al se\u00f1alar que el viaje se llevar\u00e1 a cabo en el corto o mediano plazo. \u201c<strong>A\u00fan no hemos definido cu\u00e1ndo, pero lo har\u00e9<\/strong>\u201d, expres\u00f3, generando expectativa tanto en el \u00e1mbito pol\u00edtico como diplom\u00e1tico, debido al complejo historial de relaciones entre Washington y <strong>Venezuela<\/strong>.<\/p>\n\n\n\n<p class=\"wp-block-paragraph\">Este anuncio se produce semanas despu\u00e9s de uno de los hechos m\u00e1s controversiales en la regi\u00f3n en los \u00faltimos a\u00f1os: la <strong>operaci\u00f3n militar ordenada por Trump el pasado 3 de enero<\/strong>, que culmin\u00f3 con la <strong>captura del expresidente venezolano Nicol\u00e1s Maduro y de su esposa<\/strong>. Dicha acci\u00f3n ha sido catalogada como la intervenci\u00f3n m\u00e1s grave en Am\u00e9rica Latina desde la remoci\u00f3n de Manuel Noriega en Panam\u00e1 en 1989.<\/p>\n\n\n\n<p class=\"wp-block-paragraph\">Trump realiz\u00f3 estas declaraciones antes de reunirse con militares estadounidenses que participaron en el operativo, quienes actualmente se encuentran destacados en Carolina del Norte. Seg\u00fan el mandatario, Maduro permanece bajo custodia en Estados Unidos y enfrenta <strong>procesos judiciales en Nueva York por cargos relacionados con narcotr\u00e1fico<\/strong>, lo que ha elevado la tensi\u00f3n pol\u00edtica y diplom\u00e1tica a nivel internacional.<\/p>\n\n\n\n<p class=\"wp-block-paragraph\">Consultado sobre el reconocimiento del actual liderazgo venezolano, Trump afirm\u00f3 que Estados Unidos <strong>ya reconoce a Delcy Rodr\u00edguez como presidenta encargada<\/strong> del pa\u00eds. Adem\u00e1s, destac\u00f3 su gesti\u00f3n, afirmando que est\u00e1 realizando \u201c<strong>un gran trabajo<\/strong>\u201d en medio del proceso de transici\u00f3n pol\u00edtica.<\/p>\n\n\n\n<p class=\"wp-block-paragraph\">El presidente estadounidense tambi\u00e9n asegur\u00f3 que las <strong>relaciones bilaterales atraviesan un momento positivo<\/strong>, afirmando que son \u201ctan buenas como uno podr\u00eda desear\u201d. En ese contexto, subray\u00f3 que Venezuela ha accedido a <strong>colocar su explotaci\u00f3n petrolera bajo control estadounidense<\/strong>, una decisi\u00f3n que ha generado reacciones divididas dentro y fuera del pa\u00eds sudamericano.<\/p>\n\n\n\n<p class=\"wp-block-paragraph\">El eventual viaje de Trump a Venezuela se perfila como un <strong>hecho hist\u00f3rico<\/strong>, con profundas implicaciones pol\u00edticas, econ\u00f3micas y geoestrat\u00e9gicas para la regi\u00f3n, especialmente en un escenario marcado por la reconfiguraci\u00f3n del poder y el inter\u00e9s de Estados Unidos en los recursos energ\u00e9ticos venezolanos.<\/p>\n\n\n\n<blockquote class=\"twitter-tweet\"><p lang=\"es\" dir=\"ltr\">\u201cVoy a visitar Venezuela (\u2026) a\u00fan no hemos definido cu\u00e1ndo pero lo har\u00e9\u201d nos responde el presidente Trump sobre un posible viaje a Venezuela.<br><br>\u201c\u00bfEres de Venezuela?\u201d \u2014 pregunta despu\u00e9s.<br><br>\u201cSoy de Colombia, compartimos frontera con Venezuela\u201d<br><br>\u201cHace poco tuvimos una buena reuni\u00f3n\u2026 <a href=\"https:\/\/t.co\/ulfYfIIFvb\">pic.twitter.com\/ulfYfIIFvb<\/a><\/p>&mdash; Juan Camilo Merlano (@JuanCMerlano) <a href=\"https:\/\/twitter.com\/JuanCMerlano\/status\/2022356419182313693?ref_src=twsrc%5Etfw\">February 13, 2026<\/a><\/blockquote> <script async src=\"https:\/\/platform.twitter.com\/widgets.js\" charset=\"utf-8\"><\/script>\n","protected":false},"excerpt":{"rendered":"<p>El presidente de Estados Unidos, Donald Trump, confirm\u00f3 que realizar\u00e1 una visita oficial a Venezuela, aunque aclar\u00f3 que a\u00fan no existe una fecha definida para concretar el viaje. El anuncio fue realizado este viernes 13 de febrero ante periodistas que se encontraban en las inmediaciones de la Casa Blanca, minutos antes de que el mandatario [&hellip;]<\/p>\n","protected":false},"author":1,"featured_media":26772,"comment_status":"open","ping_status":"open","sticky":false,"template":"","format":"standard","meta":{"footnotes":""},"categories":[160,54,182],"tags":[],"class_list":["post-26771","post","type-post","status-publish","format-standard","has-post-thumbnail","hentry","category-donald-trump","category-internacional","category-venezuela"],"yoast_head":"<!-- This site is optimized with the Yoast SEO plugin v28.3 - https:\/\/yoast.com\/product\/yoast-seo-wordpress\/ -->\n<title>Donald Trump anuncia visita a Venezuela, pero no define fecha - 92.5 FOREVER Radio<\/title>\n<meta name=\"description\" content=\"Donald Trump anuncia una visita a Venezuela sin fecha definida, en medio de un giro hist\u00f3rico en las relaciones bilaterales y el control\" \/>\n<meta name=\"robots\" content=\"index, follow, max-snippet:-1, max-image-preview:large, max-video-preview:-1\" \/>\n<link rel=\"canonical\" href=\"https:\/\/foreverfutbol.com.ec\/radio\/internacional\/donald-trump-anuncia-visita-a-venezuela-pero-no-define-fecha\/\" \/>\n<meta property=\"og:locale\" content=\"es_ES\" \/>\n<meta property=\"og:type\" content=\"article\" \/>\n<meta property=\"og:title\" content=\"Donald Trump anuncia visita a Venezuela, pero no define fecha - 92.5 FOREVER Radio\" \/>\n<meta property=\"og:description\" content=\"Donald Trump anuncia una visita a Venezuela sin fecha definida, en medio de un giro hist\u00f3rico en las relaciones bilaterales y el control\" \/>\n<meta property=\"og:url\" content=\"https:\/\/foreverfutbol.com.ec\/radio\/internacional\/donald-trump-anuncia-visita-a-venezuela-pero-no-define-fecha\/\" \/>\n<meta property=\"og:site_name\" content=\"92.5 FOREVER Radio\" \/>\n<meta property=\"article:publisher\" content=\"https:\/\/www.facebook.com\/profile.php?id=100063550693491\" \/>\n<meta property=\"article:published_time\" content=\"2026-02-13T22:42:35+00:00\" \/>\n<meta property=\"article:modified_time\" content=\"2026-05-11T20:03:42+00:00\" \/>\n<meta property=\"og:image\" content=\"https:\/\/foreverfutbol.com.ec\/radio\/wp-content\/uploads\/2026\/02\/image-52-10.webp\" \/>\n\t<meta property=\"og:image:width\" content=\"1400\" \/>\n\t<meta property=\"og:image:height\" content=\"889\" \/>\n\t<meta property=\"og:image:type\" content=\"image\/webp\" \/>\n<meta name=\"author\" content=\"Ricardo Rodriguez\" \/>\n<meta name=\"twitter:card\" content=\"summary_large_image\" \/>\n<meta name=\"twitter:creator\" content=\"@925forever\" \/>\n<meta name=\"twitter:site\" content=\"@925forever\" \/>\n<meta name=\"twitter:label1\" content=\"Escrito por\" \/>\n\t<meta name=\"twitter:data1\" content=\"Ricardo Rodriguez\" \/>\n\t<meta name=\"twitter:label2\" content=\"Tiempo de lectura\" \/>\n\t<meta name=\"twitter:data2\" content=\"2 minutos\" \/>\n<script type=\"application\/ld+json\" class=\"yoast-schema-graph\">{\"@context\":\"https:\\\/\\\/schema.org\",\"@graph\":[{\"@type\":\"Article\",\"@id\":\"https:\\\/\\\/foreverfutbol.com.ec\\\/radio\\\/internacional\\\/donald-trump-anuncia-visita-a-venezuela-pero-no-define-fecha\\\/#article\",\"isPartOf\":{\"@id\":\"https:\\\/\\\/foreverfutbol.com.ec\\\/radio\\\/internacional\\\/donald-trump-anuncia-visita-a-venezuela-pero-no-define-fecha\\\/\"},\"author\":{\"name\":\"Ricardo Rodriguez\",\"@id\":\"https:\\\/\\\/foreverfutbol.com.ec\\\/radio\\\/#\\\/schema\\\/person\\\/2f679dd16f889ac00df6e7b648062a01\"},\"headline\":\"Donald Trump anuncia visita a Venezuela, pero no define fecha\",\"datePublished\":\"2026-02-13T22:42:35+00:00\",\"dateModified\":\"2026-05-11T20:03:42+00:00\",\"mainEntityOfPage\":{\"@id\":\"https:\\\/\\\/foreverfutbol.com.ec\\\/radio\\\/internacional\\\/donald-trump-anuncia-visita-a-venezuela-pero-no-define-fecha\\\/\"},\"wordCount\":480,\"commentCount\":0,\"publisher\":{\"@id\":\"https:\\\/\\\/foreverfutbol.com.ec\\\/radio\\\/#organization\"},\"image\":{\"@id\":\"https:\\\/\\\/foreverfutbol.com.ec\\\/radio\\\/internacional\\\/donald-trump-anuncia-visita-a-venezuela-pero-no-define-fecha\\\/#primaryimage\"},\"thumbnailUrl\":\"https:\\\/\\\/foreverfutbol.com.ec\\\/radio\\\/wp-content\\\/uploads\\\/2026\\\/02\\\/image-52-10.webp\",\"articleSection\":[\"Donald Trump\",\"Internacional\",\"Venezuela\"],\"inLanguage\":\"es\",\"potentialAction\":[{\"@type\":\"CommentAction\",\"name\":\"Comment\",\"target\":[\"https:\\\/\\\/foreverfutbol.com.ec\\\/radio\\\/internacional\\\/donald-trump-anuncia-visita-a-venezuela-pero-no-define-fecha\\\/#respond\"]}]},{\"@type\":\"WebPage\",\"@id\":\"https:\\\/\\\/foreverfutbol.com.ec\\\/radio\\\/internacional\\\/donald-trump-anuncia-visita-a-venezuela-pero-no-define-fecha\\\/\",\"url\":\"https:\\\/\\\/foreverfutbol.com.ec\\\/radio\\\/internacional\\\/donald-trump-anuncia-visita-a-venezuela-pero-no-define-fecha\\\/\",\"name\":\"Donald Trump anuncia visita a Venezuela, pero no define fecha - 92.5 FOREVER Radio\",\"isPartOf\":{\"@id\":\"https:\\\/\\\/foreverfutbol.com.ec\\\/radio\\\/#website\"},\"primaryImageOfPage\":{\"@id\":\"https:\\\/\\\/foreverfutbol.com.ec\\\/radio\\\/internacional\\\/donald-trump-anuncia-visita-a-venezuela-pero-no-define-fecha\\\/#primaryimage\"},\"image\":{\"@id\":\"https:\\\/\\\/foreverfutbol.com.ec\\\/radio\\\/internacional\\\/donald-trump-anuncia-visita-a-venezuela-pero-no-define-fecha\\\/#primaryimage\"},\"thumbnailUrl\":\"https:\\\/\\\/foreverfutbol.com.ec\\\/radio\\\/wp-content\\\/uploads\\\/2026\\\/02\\\/image-52-10.webp\",\"datePublished\":\"2026-02-13T22:42:35+00:00\",\"dateModified\":\"2026-05-11T20:03:42+00:00\",\"description\":\"Donald Trump anuncia una visita a Venezuela sin fecha definida, en medio de un giro hist\u00f3rico en las relaciones bilaterales y el control\",\"breadcrumb\":{\"@id\":\"https:\\\/\\\/foreverfutbol.com.ec\\\/radio\\\/internacional\\\/donald-trump-anuncia-visita-a-venezuela-pero-no-define-fecha\\\/#breadcrumb\"},\"inLanguage\":\"es\",\"potentialAction\":[{\"@type\":\"ReadAction\",\"target\":[\"https:\\\/\\\/foreverfutbol.com.ec\\\/radio\\\/internacional\\\/donald-trump-anuncia-visita-a-venezuela-pero-no-define-fecha\\\/\"]}]},{\"@type\":\"ImageObject\",\"inLanguage\":\"es\",\"@id\":\"https:\\\/\\\/foreverfutbol.com.ec\\\/radio\\\/internacional\\\/donald-trump-anuncia-visita-a-venezuela-pero-no-define-fecha\\\/#primaryimage\",\"url\":\"https:\\\/\\\/foreverfutbol.com.ec\\\/radio\\\/wp-content\\\/uploads\\\/2026\\\/02\\\/image-52-10.webp\",\"contentUrl\":\"https:\\\/\\\/foreverfutbol.com.ec\\\/radio\\\/wp-content\\\/uploads\\\/2026\\\/02\\\/image-52-10.webp\",\"width\":1400,\"height\":889},{\"@type\":\"BreadcrumbList\",\"@id\":\"https:\\\/\\\/foreverfutbol.com.ec\\\/radio\\\/internacional\\\/donald-trump-anuncia-visita-a-venezuela-pero-no-define-fecha\\\/#breadcrumb\",\"itemListElement\":[{\"@type\":\"ListItem\",\"position\":1,\"name\":\"Portada\",\"item\":\"https:\\\/\\\/foreverfutbol.com.ec\\\/radio\\\/\"},{\"@type\":\"ListItem\",\"position\":2,\"name\":\"Donald Trump anuncia visita a Venezuela, pero no define fecha\"}]},{\"@type\":\"WebSite\",\"@id\":\"https:\\\/\\\/foreverfutbol.com.ec\\\/radio\\\/#website\",\"url\":\"https:\\\/\\\/foreverfutbol.com.ec\\\/radio\\\/\",\"name\":\"92.5 FOREVER Radio\",\"description\":\"\",\"publisher\":{\"@id\":\"https:\\\/\\\/foreverfutbol.com.ec\\\/radio\\\/#organization\"},\"potentialAction\":[{\"@type\":\"SearchAction\",\"target\":{\"@type\":\"EntryPoint\",\"urlTemplate\":\"https:\\\/\\\/foreverfutbol.com.ec\\\/radio\\\/?s={search_term_string}\"},\"query-input\":{\"@type\":\"PropertyValueSpecification\",\"valueRequired\":true,\"valueName\":\"search_term_string\"}}],\"inLanguage\":\"es\"},{\"@type\":\"Organization\",\"@id\":\"https:\\\/\\\/foreverfutbol.com.ec\\\/radio\\\/#organization\",\"name\":\"92.5 FOREVER Radio\",\"url\":\"https:\\\/\\\/foreverfutbol.com.ec\\\/radio\\\/\",\"logo\":{\"@type\":\"ImageObject\",\"inLanguage\":\"es\",\"@id\":\"https:\\\/\\\/foreverfutbol.com.ec\\\/radio\\\/#\\\/schema\\\/logo\\\/image\\\/\",\"url\":\"https:\\\/\\\/foreverfutbol.com.ec\\\/radio\\\/wp-content\\\/uploads\\\/2024\\\/01\\\/cropped-logo-forever.png\",\"contentUrl\":\"https:\\\/\\\/foreverfutbol.com.ec\\\/radio\\\/wp-content\\\/uploads\\\/2024\\\/01\\\/cropped-logo-forever.png\",\"width\":180,\"height\":154,\"caption\":\"92.5 FOREVER Radio\"},\"image\":{\"@id\":\"https:\\\/\\\/foreverfutbol.com.ec\\\/radio\\\/#\\\/schema\\\/logo\\\/image\\\/\"},\"sameAs\":[\"https:\\\/\\\/www.facebook.com\\\/profile.php?id=100063550693491\",\"https:\\\/\\\/x.com\\\/925forever\",\"https:\\\/\\\/www.instagram.com\\\/radioforever925\\\/\"]},{\"@type\":\"Person\",\"@id\":\"https:\\\/\\\/foreverfutbol.com.ec\\\/radio\\\/#\\\/schema\\\/person\\\/2f679dd16f889ac00df6e7b648062a01\",\"name\":\"Ricardo Rodriguez\",\"image\":{\"@type\":\"ImageObject\",\"inLanguage\":\"es\",\"@id\":\"https:\\\/\\\/secure.gravatar.com\\\/avatar\\\/5d9dfb95700bd0c503ed088d29de94822b5cc66a74cb0362774e6fc534823d07?s=96&d=mm&r=g\",\"url\":\"https:\\\/\\\/secure.gravatar.com\\\/avatar\\\/5d9dfb95700bd0c503ed088d29de94822b5cc66a74cb0362774e6fc534823d07?s=96&d=mm&r=g\",\"contentUrl\":\"https:\\\/\\\/secure.gravatar.com\\\/avatar\\\/5d9dfb95700bd0c503ed088d29de94822b5cc66a74cb0362774e6fc534823d07?s=96&d=mm&r=g\",\"caption\":\"Ricardo Rodriguez\"},\"sameAs\":[\"https:\\\/\\\/foreverfutbol.com.ec\\\/radio\"],\"url\":\"https:\\\/\\\/foreverfutbol.com.ec\\\/radio\\\/author\\\/superdmin\\\/\"}]}<\/script>\n<!-- \/ Yoast SEO plugin. -->","yoast_head_json":{"title":"Donald Trump anuncia visita a Venezuela, pero no define fecha - 92.5 FOREVER Radio","description":"Donald Trump anuncia una visita a Venezuela sin fecha definida, en medio de un giro hist\u00f3rico en las relaciones bilaterales y el control","robots":{"index":"index","follow":"follow","max-snippet":"max-snippet:-1","max-image-preview":"max-image-preview:large","max-video-preview":"max-video-preview:-1"},"canonical":"https:\/\/foreverfutbol.com.ec\/radio\/internacional\/donald-trump-anuncia-visita-a-venezuela-pero-no-define-fecha\/","og_locale":"es_ES","og_type":"article","og_title":"Donald Trump anuncia visita a Venezuela, pero no define fecha - 92.5 FOREVER Radio","og_description":"Donald Trump anuncia una visita a Venezuela sin fecha definida, en medio de un giro hist\u00f3rico en las relaciones bilaterales y el control","og_url":"https:\/\/foreverfutbol.com.ec\/radio\/internacional\/donald-trump-anuncia-visita-a-venezuela-pero-no-define-fecha\/","og_site_name":"92.5 FOREVER Radio","article_publisher":"https:\/\/www.facebook.com\/profile.php?id=100063550693491","article_published_time":"2026-02-13T22:42:35+00:00","article_modified_time":"2026-05-11T20:03:42+00:00","og_image":[{"width":1400,"height":889,"url":"https:\/\/foreverfutbol.com.ec\/radio\/wp-content\/uploads\/2026\/02\/image-52-10.webp","type":"image\/webp"}],"author":"Ricardo Rodriguez","twitter_card":"summary_large_image","twitter_creator":"@925forever","twitter_site":"@925forever","twitter_misc":{"Escrito por":"Ricardo Rodriguez","Tiempo de lectura":"2 minutos"},"schema":{"@context":"https:\/\/schema.org","@graph":[{"@type":"Article","@id":"https:\/\/foreverfutbol.com.ec\/radio\/internacional\/donald-trump-anuncia-visita-a-venezuela-pero-no-define-fecha\/#article","isPartOf":{"@id":"https:\/\/foreverfutbol.com.ec\/radio\/internacional\/donald-trump-anuncia-visita-a-venezuela-pero-no-define-fecha\/"},"author":{"name":"Ricardo Rodriguez","@id":"https:\/\/foreverfutbol.com.ec\/radio\/#\/schema\/person\/2f679dd16f889ac00df6e7b648062a01"},"headline":"Donald Trump anuncia visita a Venezuela, pero no define fecha","datePublished":"2026-02-13T22:42:35+00:00","dateModified":"2026-05-11T20:03:42+00:00","mainEntityOfPage":{"@id":"https:\/\/foreverfutbol.com.ec\/radio\/internacional\/donald-trump-anuncia-visita-a-venezuela-pero-no-define-fecha\/"},"wordCount":480,"commentCount":0,"publisher":{"@id":"https:\/\/foreverfutbol.com.ec\/radio\/#organization"},"image":{"@id":"https:\/\/foreverfutbol.com.ec\/radio\/internacional\/donald-trump-anuncia-visita-a-venezuela-pero-no-define-fecha\/#primaryimage"},"thumbnailUrl":"https:\/\/foreverfutbol.com.ec\/radio\/wp-content\/uploads\/2026\/02\/image-52-10.webp","articleSection":["Donald Trump","Internacional","Venezuela"],"inLanguage":"es","potentialAction":[{"@type":"CommentAction","name":"Comment","target":["https:\/\/foreverfutbol.com.ec\/radio\/internacional\/donald-trump-anuncia-visita-a-venezuela-pero-no-define-fecha\/#respond"]}]},{"@type":"WebPage","@id":"https:\/\/foreverfutbol.com.ec\/radio\/internacional\/donald-trump-anuncia-visita-a-venezuela-pero-no-define-fecha\/","url":"https:\/\/foreverfutbol.com.ec\/radio\/internacional\/donald-trump-anuncia-visita-a-venezuela-pero-no-define-fecha\/","name":"Donald Trump anuncia visita a Venezuela, pero no define fecha - 92.5 FOREVER Radio","isPartOf":{"@id":"https:\/\/foreverfutbol.com.ec\/radio\/#website"},"primaryImageOfPage":{"@id":"https:\/\/foreverfutbol.com.ec\/radio\/internacional\/donald-trump-anuncia-visita-a-venezuela-pero-no-define-fecha\/#primaryimage"},"image":{"@id":"https:\/\/foreverfutbol.com.ec\/radio\/internacional\/donald-trump-anuncia-visita-a-venezuela-pero-no-define-fecha\/#primaryimage"},"thumbnailUrl":"https:\/\/foreverfutbol.com.ec\/radio\/wp-content\/uploads\/2026\/02\/image-52-10.webp","datePublished":"2026-02-13T22:42:35+00:00","dateModified":"2026-05-11T20:03:42+00:00","description":"Donald Trump anuncia una visita a Venezuela sin fecha definida, en medio de un giro hist\u00f3rico en las relaciones bilaterales y el control","breadcrumb":{"@id":"https:\/\/foreverfutbol.com.ec\/radio\/internacional\/donald-trump-anuncia-visita-a-venezuela-pero-no-define-fecha\/#breadcrumb"},"inLanguage":"es","potentialAction":[{"@type":"ReadAction","target":["https:\/\/foreverfutbol.com.ec\/radio\/internacional\/donald-trump-anuncia-visita-a-venezuela-pero-no-define-fecha\/"]}]},{"@type":"ImageObject","inLanguage":"es","@id":"https:\/\/foreverfutbol.com.ec\/radio\/internacional\/donald-trump-anuncia-visita-a-venezuela-pero-no-define-fecha\/#primaryimage","url":"https:\/\/foreverfutbol.com.ec\/radio\/wp-content\/uploads\/2026\/02\/image-52-10.webp","contentUrl":"https:\/\/foreverfutbol.com.ec\/radio\/wp-content\/uploads\/2026\/02\/image-52-10.webp","width":1400,"height":889},{"@type":"BreadcrumbList","@id":"https:\/\/foreverfutbol.com.ec\/radio\/internacional\/donald-trump-anuncia-visita-a-venezuela-pero-no-define-fecha\/#breadcrumb","itemListElement":[{"@type":"ListItem","position":1,"name":"Portada","item":"https:\/\/foreverfutbol.com.ec\/radio\/"},{"@type":"ListItem","position":2,"name":"Donald Trump anuncia visita a Venezuela, pero no define fecha"}]},{"@type":"WebSite","@id":"https:\/\/foreverfutbol.com.ec\/radio\/#website","url":"https:\/\/foreverfutbol.com.ec\/radio\/","name":"92.5 FOREVER Radio","description":"","publisher":{"@id":"https:\/\/foreverfutbol.com.ec\/radio\/#organization"},"potentialAction":[{"@type":"SearchAction","target":{"@type":"EntryPoint","urlTemplate":"https:\/\/foreverfutbol.com.ec\/radio\/?s={search_term_string}"},"query-input":{"@type":"PropertyValueSpecification","valueRequired":true,"valueName":"search_term_string"}}],"inLanguage":"es"},{"@type":"Organization","@id":"https:\/\/foreverfutbol.com.ec\/radio\/#organization","name":"92.5 FOREVER Radio","url":"https:\/\/foreverfutbol.com.ec\/radio\/","logo":{"@type":"ImageObject","inLanguage":"es","@id":"https:\/\/foreverfutbol.com.ec\/radio\/#\/schema\/logo\/image\/","url":"https:\/\/foreverfutbol.com.ec\/radio\/wp-content\/uploads\/2024\/01\/cropped-logo-forever.png","contentUrl":"https:\/\/foreverfutbol.com.ec\/radio\/wp-content\/uploads\/2024\/01\/cropped-logo-forever.png","width":180,"height":154,"caption":"92.5 FOREVER Radio"},"image":{"@id":"https:\/\/foreverfutbol.com.ec\/radio\/#\/schema\/logo\/image\/"},"sameAs":["https:\/\/www.facebook.com\/profile.php?id=100063550693491","https:\/\/x.com\/925forever","https:\/\/www.instagram.com\/radioforever925\/"]},{"@type":"Person","@id":"https:\/\/foreverfutbol.com.ec\/radio\/#\/schema\/person\/2f679dd16f889ac00df6e7b648062a01","name":"Ricardo Rodriguez","image":{"@type":"ImageObject","inLanguage":"es","@id":"https:\/\/secure.gravatar.com\/avatar\/5d9dfb95700bd0c503ed088d29de94822b5cc66a74cb0362774e6fc534823d07?s=96&d=mm&r=g","url":"https:\/\/secure.gravatar.com\/avatar\/5d9dfb95700bd0c503ed088d29de94822b5cc66a74cb0362774e6fc534823d07?s=96&d=mm&r=g","contentUrl":"https:\/\/secure.gravatar.com\/avatar\/5d9dfb95700bd0c503ed088d29de94822b5cc66a74cb0362774e6fc534823d07?s=96&d=mm&r=g","caption":"Ricardo Rodriguez"},"sameAs":["https:\/\/foreverfutbol.com.ec\/radio"],"url":"https:\/\/foreverfutbol.com.ec\/radio\/author\/superdmin\/"}]}},"_links":{"self":[{"href":"https:\/\/foreverfutbol.com.ec\/radio\/wp-json\/wp\/v2\/posts\/26771","targetHints":{"allow":["GET"]}}],"collection":[{"href":"https:\/\/foreverfutbol.com.ec\/radio\/wp-json\/wp\/v2\/posts"}],"about":[{"href":"https:\/\/foreverfutbol.com.ec\/radio\/wp-json\/wp\/v2\/types\/post"}],"author":[{"embeddable":true,"href":"https:\/\/foreverfutbol.com.ec\/radio\/wp-json\/wp\/v2\/users\/1"}],"replies":[{"embeddable":true,"href":"https:\/\/foreverfutbol.com.ec\/radio\/wp-json\/wp\/v2\/comments?post=26771"}],"version-history":[{"count":1,"href":"https:\/\/foreverfutbol.com.ec\/radio\/wp-json\/wp\/v2\/posts\/26771\/revisions"}],"predecessor-version":[{"id":26773,"href":"https:\/\/foreverfutbol.com.ec\/radio\/wp-json\/wp\/v2\/posts\/26771\/revisions\/26773"}],"wp:featuredmedia":[{"embeddable":true,"href":"https:\/\/foreverfutbol.com.ec\/radio\/wp-json\/wp\/v2\/media\/26772"}],"wp:attachment":[{"href":"https:\/\/foreverfutbol.com.ec\/radio\/wp-json\/wp\/v2\/media?parent=26771"}],"wp:term":[{"taxonomy":"category","embeddable":true,"href":"https:\/\/foreverfutbol.com.ec\/radio\/wp-json\/wp\/v2\/categories?post=26771"},{"taxonomy":"post_tag","embeddable":true,"href":"https:\/\/foreverfutbol.com.ec\/radio\/wp-json\/wp\/v2\/tags?post=26771"}],"curies":[{"name":"wp","href":"https:\/\/api.w.org\/{rel}","templated":true}]}}