{"id":25301,"date":"2025-12-25T15:41:43","date_gmt":"2025-12-25T20:41:43","guid":{"rendered":"https:\/\/foreverfutbol.com.ec\/radio\/?p=25301"},"modified":"2025-12-25T19:28:42","modified_gmt":"2025-12-26T00:28:42","slug":"donald-trump-desea-una-feliz-navidad-a-todos-incluida-la-escoria-de-la-izquierda-radical","status":"publish","type":"post","link":"https:\/\/foreverfutbol.com.ec\/radio\/internacional\/donald-trump-desea-una-feliz-navidad-a-todos-incluida-la-escoria-de-la-izquierda-radical\/","title":{"rendered":"Donald Trump desea una feliz Navidad a todos, \u201cincluida la escoria de la izquierda radical\u201d"},"content":{"rendered":"\n<h2 class=\"wp-block-heading\"><strong>Mensaje navide\u00f1o de Trump genera pol\u00e9mica pol\u00edtica<\/strong><\/h2>\n\n\n\n<p class=\"wp-block-paragraph\">El presidente de Estados Unidos, <strong>Donald Trump<\/strong>, volvi\u00f3 a captar la atenci\u00f3n p\u00fablica tras publicar un mensaje navide\u00f1o con un fuerte contenido pol\u00edtico. A trav\u00e9s de su red social <strong>Truth Social<\/strong>, el mandatario dese\u00f3 una <strong>feliz Navidad a todos, \u201cincluida la escoria de la izquierda radical\u201d<\/strong>, en clara alusi\u00f3n a sus opositores del Partido Dem\u00f3crata.<\/p>\n\n\n\n<p class=\"wp-block-paragraph\">La publicaci\u00f3n, difundida durante las celebraciones de Navidad, gener\u00f3 reacciones inmediatas tanto de sus seguidores como de sus cr\u00edticos. Mientras algunos destacaron la franqueza del mensaje, otros cuestionaron el uso de un lenguaje confrontacional en una fecha tradicionalmente asociada con la uni\u00f3n y la paz.<\/p>\n\n\n\n<h2 class=\"wp-block-heading\"><strong>Cr\u00edticas directas a la oposici\u00f3n dem\u00f3crata<\/strong><\/h2>\n\n\n\n<p class=\"wp-block-paragraph\">En su mensaje, Trump asegur\u00f3 que la <strong>izquierda radical<\/strong> est\u00e1 \u201chaciendo todo lo posible para destruir nuestro pa\u00eds\u201d, aunque afirm\u00f3 que dichos intentos est\u00e1n <strong>fracasando estrepitosamente<\/strong>. Esta narrativa es coherente con el discurso que el republicano ha mantenido durante a\u00f1os, responsabilizando a sus adversarios pol\u00edticos de los problemas econ\u00f3micos, sociales e internacionales que enfrenta Estados Unidos.<\/p>\n\n\n\n<p class=\"wp-block-paragraph\">El presidente suele se\u00f1alar al <strong>Partido Dem\u00f3crata<\/strong> y al expresidente <strong>Joe Biden<\/strong> como los principales causantes de la inflaci\u00f3n, la inseguridad y la p\u00e9rdida de liderazgo global del pa\u00eds. Este enfoque ha sido reiterado en discursos, entrevistas y publicaciones digitales, consolidando una l\u00ednea pol\u00edtica claramente definida.<\/p>\n\n\n\n<h2 class=\"wp-block-heading\"><strong>El uso del t\u00e9rmino \u201cizquierda radical\u201d<\/strong><\/h2>\n\n\n\n<p class=\"wp-block-paragraph\">Trump emplea de manera recurrente el concepto de <strong>\u201cizquierda radical\u201d<\/strong> para referirse no solo a sectores progresistas, sino tambi\u00e9n a pol\u00edticos moderados y centristas que se oponen a su gesti\u00f3n. Este recurso discursivo le permite agrupar a todos sus cr\u00edticos bajo una misma etiqueta, reforzando la polarizaci\u00f3n pol\u00edtica en Estados Unidos.<\/p>\n\n\n\n<p class=\"wp-block-paragraph\">Para su base electoral, este lenguaje representa una defensa firme de los valores tradicionales y del nacionalismo estadounidense. Para sus detractores, en cambio, profundiza la divisi\u00f3n social y pol\u00edtica del pa\u00eds.<\/p>\n\n\n\n<h2 class=\"wp-block-heading\"><strong>Navidad en Mar-a-Lago y repercusi\u00f3n medi\u00e1tica<\/strong><\/h2>\n\n\n\n<p class=\"wp-block-paragraph\">Donald Trump pas\u00f3 las fiestas navide\u00f1as en <strong>Mar-a-Lago<\/strong>, su residencia en Florida, desde donde suele emitir mensajes clave. El lugar se ha convertido en un s\u00edmbolo de su influencia pol\u00edtica, incluso fuera de la Casa Blanca.<\/p>\n\n\n\n<p class=\"wp-block-paragraph\">El mensaje navide\u00f1o tuvo amplia cobertura medi\u00e1tica y volvi\u00f3 a posicionar a Trump en el centro del debate pol\u00edtico, demostrando su capacidad para marcar agenda incluso en fechas festivas.<\/p>\n\n\n\n<p class=\"wp-block-paragraph\"><\/p>\n","protected":false},"excerpt":{"rendered":"<p>Mensaje navide\u00f1o de Trump genera pol\u00e9mica pol\u00edtica El presidente de Estados Unidos, Donald Trump, volvi\u00f3 a captar la atenci\u00f3n p\u00fablica tras publicar un mensaje navide\u00f1o con un fuerte contenido pol\u00edtico. A trav\u00e9s de su red social Truth Social, el mandatario dese\u00f3 una feliz Navidad a todos, \u201cincluida la escoria de la izquierda radical\u201d, en clara [&hellip;]<\/p>\n","protected":false},"author":1,"featured_media":25302,"comment_status":"open","ping_status":"open","sticky":false,"template":"","format":"standard","meta":{"footnotes":""},"categories":[54],"tags":[],"class_list":["post-25301","post","type-post","status-publish","format-standard","has-post-thumbnail","hentry","category-internacional"],"yoast_head":"<!-- This site is optimized with the Yoast SEO plugin v28.3 - https:\/\/yoast.com\/product\/yoast-seo-wordpress\/ -->\n<title>Donald Trump desea una feliz Navidad a todos, \u201cincluida la escoria de la izquierda radical\u201d - 92.5 FOREVER Radio<\/title>\n<meta name=\"description\" content=\"Donald Trump genera pol\u00e9mica al desear feliz Navidad a todos, incluida la izquierda radical, en un mensaje publicado en Truth Social.\" \/>\n<meta name=\"robots\" content=\"index, follow, max-snippet:-1, max-image-preview:large, max-video-preview:-1\" \/>\n<link rel=\"canonical\" href=\"https:\/\/foreverfutbol.com.ec\/radio\/internacional\/donald-trump-desea-una-feliz-navidad-a-todos-incluida-la-escoria-de-la-izquierda-radical\/\" \/>\n<meta property=\"og:locale\" content=\"es_ES\" \/>\n<meta property=\"og:type\" content=\"article\" \/>\n<meta property=\"og:title\" content=\"Donald Trump desea una feliz Navidad a todos, \u201cincluida la escoria de la izquierda radical\u201d - 92.5 FOREVER Radio\" \/>\n<meta property=\"og:description\" content=\"Donald Trump genera pol\u00e9mica al desear feliz Navidad a todos, incluida la izquierda radical, en un mensaje publicado en Truth Social.\" \/>\n<meta property=\"og:url\" content=\"https:\/\/foreverfutbol.com.ec\/radio\/internacional\/donald-trump-desea-una-feliz-navidad-a-todos-incluida-la-escoria-de-la-izquierda-radical\/\" \/>\n<meta property=\"og:site_name\" content=\"92.5 FOREVER Radio\" \/>\n<meta property=\"article:publisher\" content=\"https:\/\/www.facebook.com\/profile.php?id=100063550693491\" \/>\n<meta property=\"article:published_time\" content=\"2025-12-25T20:41:43+00:00\" \/>\n<meta property=\"article:modified_time\" content=\"2025-12-26T00:28:42+00:00\" \/>\n<meta property=\"og:image\" content=\"https:\/\/foreverfutbol.com.ec\/radio\/wp-content\/uploads\/2025\/12\/image-135.webp\" \/>\n\t<meta property=\"og:image:width\" content=\"1005\" \/>\n\t<meta property=\"og:image:height\" content=\"670\" \/>\n\t<meta property=\"og:image:type\" content=\"image\/webp\" \/>\n<meta name=\"author\" content=\"Ricardo Rodriguez\" \/>\n<meta name=\"twitter:card\" content=\"summary_large_image\" \/>\n<meta name=\"twitter:creator\" content=\"@925forever\" \/>\n<meta name=\"twitter:site\" content=\"@925forever\" \/>\n<meta name=\"twitter:label1\" content=\"Escrito por\" \/>\n\t<meta name=\"twitter:data1\" content=\"Ricardo Rodriguez\" \/>\n\t<meta name=\"twitter:label2\" content=\"Tiempo de lectura\" \/>\n\t<meta name=\"twitter:data2\" content=\"2 minutos\" \/>\n<script type=\"application\/ld+json\" class=\"yoast-schema-graph\">{\"@context\":\"https:\\\/\\\/schema.org\",\"@graph\":[{\"@type\":\"Article\",\"@id\":\"https:\\\/\\\/foreverfutbol.com.ec\\\/radio\\\/internacional\\\/donald-trump-desea-una-feliz-navidad-a-todos-incluida-la-escoria-de-la-izquierda-radical\\\/#article\",\"isPartOf\":{\"@id\":\"https:\\\/\\\/foreverfutbol.com.ec\\\/radio\\\/internacional\\\/donald-trump-desea-una-feliz-navidad-a-todos-incluida-la-escoria-de-la-izquierda-radical\\\/\"},\"author\":{\"name\":\"Ricardo Rodriguez\",\"@id\":\"https:\\\/\\\/foreverfutbol.com.ec\\\/radio\\\/#\\\/schema\\\/person\\\/2f679dd16f889ac00df6e7b648062a01\"},\"headline\":\"Donald Trump desea una feliz Navidad a todos, \u201cincluida la escoria de la izquierda radical\u201d\",\"datePublished\":\"2025-12-25T20:41:43+00:00\",\"dateModified\":\"2025-12-26T00:28:42+00:00\",\"mainEntityOfPage\":{\"@id\":\"https:\\\/\\\/foreverfutbol.com.ec\\\/radio\\\/internacional\\\/donald-trump-desea-una-feliz-navidad-a-todos-incluida-la-escoria-de-la-izquierda-radical\\\/\"},\"wordCount\":435,\"commentCount\":0,\"publisher\":{\"@id\":\"https:\\\/\\\/foreverfutbol.com.ec\\\/radio\\\/#organization\"},\"image\":{\"@id\":\"https:\\\/\\\/foreverfutbol.com.ec\\\/radio\\\/internacional\\\/donald-trump-desea-una-feliz-navidad-a-todos-incluida-la-escoria-de-la-izquierda-radical\\\/#primaryimage\"},\"thumbnailUrl\":\"https:\\\/\\\/foreverfutbol.com.ec\\\/radio\\\/wp-content\\\/uploads\\\/2025\\\/12\\\/image-135.webp\",\"articleSection\":[\"Internacional\"],\"inLanguage\":\"es\",\"potentialAction\":[{\"@type\":\"CommentAction\",\"name\":\"Comment\",\"target\":[\"https:\\\/\\\/foreverfutbol.com.ec\\\/radio\\\/internacional\\\/donald-trump-desea-una-feliz-navidad-a-todos-incluida-la-escoria-de-la-izquierda-radical\\\/#respond\"]}]},{\"@type\":\"WebPage\",\"@id\":\"https:\\\/\\\/foreverfutbol.com.ec\\\/radio\\\/internacional\\\/donald-trump-desea-una-feliz-navidad-a-todos-incluida-la-escoria-de-la-izquierda-radical\\\/\",\"url\":\"https:\\\/\\\/foreverfutbol.com.ec\\\/radio\\\/internacional\\\/donald-trump-desea-una-feliz-navidad-a-todos-incluida-la-escoria-de-la-izquierda-radical\\\/\",\"name\":\"Donald Trump desea una feliz Navidad a todos, \u201cincluida la escoria de la izquierda radical\u201d - 92.5 FOREVER Radio\",\"isPartOf\":{\"@id\":\"https:\\\/\\\/foreverfutbol.com.ec\\\/radio\\\/#website\"},\"primaryImageOfPage\":{\"@id\":\"https:\\\/\\\/foreverfutbol.com.ec\\\/radio\\\/internacional\\\/donald-trump-desea-una-feliz-navidad-a-todos-incluida-la-escoria-de-la-izquierda-radical\\\/#primaryimage\"},\"image\":{\"@id\":\"https:\\\/\\\/foreverfutbol.com.ec\\\/radio\\\/internacional\\\/donald-trump-desea-una-feliz-navidad-a-todos-incluida-la-escoria-de-la-izquierda-radical\\\/#primaryimage\"},\"thumbnailUrl\":\"https:\\\/\\\/foreverfutbol.com.ec\\\/radio\\\/wp-content\\\/uploads\\\/2025\\\/12\\\/image-135.webp\",\"datePublished\":\"2025-12-25T20:41:43+00:00\",\"dateModified\":\"2025-12-26T00:28:42+00:00\",\"description\":\"Donald Trump genera pol\u00e9mica al desear feliz Navidad a todos, incluida la izquierda radical, en un mensaje publicado en Truth Social.\",\"breadcrumb\":{\"@id\":\"https:\\\/\\\/foreverfutbol.com.ec\\\/radio\\\/internacional\\\/donald-trump-desea-una-feliz-navidad-a-todos-incluida-la-escoria-de-la-izquierda-radical\\\/#breadcrumb\"},\"inLanguage\":\"es\",\"potentialAction\":[{\"@type\":\"ReadAction\",\"target\":[\"https:\\\/\\\/foreverfutbol.com.ec\\\/radio\\\/internacional\\\/donald-trump-desea-una-feliz-navidad-a-todos-incluida-la-escoria-de-la-izquierda-radical\\\/\"]}]},{\"@type\":\"ImageObject\",\"inLanguage\":\"es\",\"@id\":\"https:\\\/\\\/foreverfutbol.com.ec\\\/radio\\\/internacional\\\/donald-trump-desea-una-feliz-navidad-a-todos-incluida-la-escoria-de-la-izquierda-radical\\\/#primaryimage\",\"url\":\"https:\\\/\\\/foreverfutbol.com.ec\\\/radio\\\/wp-content\\\/uploads\\\/2025\\\/12\\\/image-135.webp\",\"contentUrl\":\"https:\\\/\\\/foreverfutbol.com.ec\\\/radio\\\/wp-content\\\/uploads\\\/2025\\\/12\\\/image-135.webp\",\"width\":1005,\"height\":670},{\"@type\":\"BreadcrumbList\",\"@id\":\"https:\\\/\\\/foreverfutbol.com.ec\\\/radio\\\/internacional\\\/donald-trump-desea-una-feliz-navidad-a-todos-incluida-la-escoria-de-la-izquierda-radical\\\/#breadcrumb\",\"itemListElement\":[{\"@type\":\"ListItem\",\"position\":1,\"name\":\"Portada\",\"item\":\"https:\\\/\\\/foreverfutbol.com.ec\\\/radio\\\/\"},{\"@type\":\"ListItem\",\"position\":2,\"name\":\"Donald Trump desea una feliz Navidad a todos, \u201cincluida la escoria de la izquierda radical\u201d\"}]},{\"@type\":\"WebSite\",\"@id\":\"https:\\\/\\\/foreverfutbol.com.ec\\\/radio\\\/#website\",\"url\":\"https:\\\/\\\/foreverfutbol.com.ec\\\/radio\\\/\",\"name\":\"92.5 FOREVER Radio\",\"description\":\"\",\"publisher\":{\"@id\":\"https:\\\/\\\/foreverfutbol.com.ec\\\/radio\\\/#organization\"},\"potentialAction\":[{\"@type\":\"SearchAction\",\"target\":{\"@type\":\"EntryPoint\",\"urlTemplate\":\"https:\\\/\\\/foreverfutbol.com.ec\\\/radio\\\/?s={search_term_string}\"},\"query-input\":{\"@type\":\"PropertyValueSpecification\",\"valueRequired\":true,\"valueName\":\"search_term_string\"}}],\"inLanguage\":\"es\"},{\"@type\":\"Organization\",\"@id\":\"https:\\\/\\\/foreverfutbol.com.ec\\\/radio\\\/#organization\",\"name\":\"92.5 FOREVER Radio\",\"url\":\"https:\\\/\\\/foreverfutbol.com.ec\\\/radio\\\/\",\"logo\":{\"@type\":\"ImageObject\",\"inLanguage\":\"es\",\"@id\":\"https:\\\/\\\/foreverfutbol.com.ec\\\/radio\\\/#\\\/schema\\\/logo\\\/image\\\/\",\"url\":\"https:\\\/\\\/foreverfutbol.com.ec\\\/radio\\\/wp-content\\\/uploads\\\/2024\\\/01\\\/cropped-logo-forever.png\",\"contentUrl\":\"https:\\\/\\\/foreverfutbol.com.ec\\\/radio\\\/wp-content\\\/uploads\\\/2024\\\/01\\\/cropped-logo-forever.png\",\"width\":180,\"height\":154,\"caption\":\"92.5 FOREVER Radio\"},\"image\":{\"@id\":\"https:\\\/\\\/foreverfutbol.com.ec\\\/radio\\\/#\\\/schema\\\/logo\\\/image\\\/\"},\"sameAs\":[\"https:\\\/\\\/www.facebook.com\\\/profile.php?id=100063550693491\",\"https:\\\/\\\/x.com\\\/925forever\",\"https:\\\/\\\/www.instagram.com\\\/radioforever925\\\/\"]},{\"@type\":\"Person\",\"@id\":\"https:\\\/\\\/foreverfutbol.com.ec\\\/radio\\\/#\\\/schema\\\/person\\\/2f679dd16f889ac00df6e7b648062a01\",\"name\":\"Ricardo Rodriguez\",\"image\":{\"@type\":\"ImageObject\",\"inLanguage\":\"es\",\"@id\":\"https:\\\/\\\/secure.gravatar.com\\\/avatar\\\/5d9dfb95700bd0c503ed088d29de94822b5cc66a74cb0362774e6fc534823d07?s=96&d=mm&r=g\",\"url\":\"https:\\\/\\\/secure.gravatar.com\\\/avatar\\\/5d9dfb95700bd0c503ed088d29de94822b5cc66a74cb0362774e6fc534823d07?s=96&d=mm&r=g\",\"contentUrl\":\"https:\\\/\\\/secure.gravatar.com\\\/avatar\\\/5d9dfb95700bd0c503ed088d29de94822b5cc66a74cb0362774e6fc534823d07?s=96&d=mm&r=g\",\"caption\":\"Ricardo Rodriguez\"},\"sameAs\":[\"https:\\\/\\\/foreverfutbol.com.ec\\\/radio\"],\"url\":\"https:\\\/\\\/foreverfutbol.com.ec\\\/radio\\\/author\\\/superdmin\\\/\"}]}<\/script>\n<!-- \/ Yoast SEO plugin. -->","yoast_head_json":{"title":"Donald Trump desea una feliz Navidad a todos, \u201cincluida la escoria de la izquierda radical\u201d - 92.5 FOREVER Radio","description":"Donald Trump genera pol\u00e9mica al desear feliz Navidad a todos, incluida la izquierda radical, en un mensaje publicado en Truth Social.","robots":{"index":"index","follow":"follow","max-snippet":"max-snippet:-1","max-image-preview":"max-image-preview:large","max-video-preview":"max-video-preview:-1"},"canonical":"https:\/\/foreverfutbol.com.ec\/radio\/internacional\/donald-trump-desea-una-feliz-navidad-a-todos-incluida-la-escoria-de-la-izquierda-radical\/","og_locale":"es_ES","og_type":"article","og_title":"Donald Trump desea una feliz Navidad a todos, \u201cincluida la escoria de la izquierda radical\u201d - 92.5 FOREVER Radio","og_description":"Donald Trump genera pol\u00e9mica al desear feliz Navidad a todos, incluida la izquierda radical, en un mensaje publicado en Truth Social.","og_url":"https:\/\/foreverfutbol.com.ec\/radio\/internacional\/donald-trump-desea-una-feliz-navidad-a-todos-incluida-la-escoria-de-la-izquierda-radical\/","og_site_name":"92.5 FOREVER Radio","article_publisher":"https:\/\/www.facebook.com\/profile.php?id=100063550693491","article_published_time":"2025-12-25T20:41:43+00:00","article_modified_time":"2025-12-26T00:28:42+00:00","og_image":[{"width":1005,"height":670,"url":"https:\/\/foreverfutbol.com.ec\/radio\/wp-content\/uploads\/2025\/12\/image-135.webp","type":"image\/webp"}],"author":"Ricardo Rodriguez","twitter_card":"summary_large_image","twitter_creator":"@925forever","twitter_site":"@925forever","twitter_misc":{"Escrito por":"Ricardo Rodriguez","Tiempo de lectura":"2 minutos"},"schema":{"@context":"https:\/\/schema.org","@graph":[{"@type":"Article","@id":"https:\/\/foreverfutbol.com.ec\/radio\/internacional\/donald-trump-desea-una-feliz-navidad-a-todos-incluida-la-escoria-de-la-izquierda-radical\/#article","isPartOf":{"@id":"https:\/\/foreverfutbol.com.ec\/radio\/internacional\/donald-trump-desea-una-feliz-navidad-a-todos-incluida-la-escoria-de-la-izquierda-radical\/"},"author":{"name":"Ricardo Rodriguez","@id":"https:\/\/foreverfutbol.com.ec\/radio\/#\/schema\/person\/2f679dd16f889ac00df6e7b648062a01"},"headline":"Donald Trump desea una feliz Navidad a todos, \u201cincluida la escoria de la izquierda radical\u201d","datePublished":"2025-12-25T20:41:43+00:00","dateModified":"2025-12-26T00:28:42+00:00","mainEntityOfPage":{"@id":"https:\/\/foreverfutbol.com.ec\/radio\/internacional\/donald-trump-desea-una-feliz-navidad-a-todos-incluida-la-escoria-de-la-izquierda-radical\/"},"wordCount":435,"commentCount":0,"publisher":{"@id":"https:\/\/foreverfutbol.com.ec\/radio\/#organization"},"image":{"@id":"https:\/\/foreverfutbol.com.ec\/radio\/internacional\/donald-trump-desea-una-feliz-navidad-a-todos-incluida-la-escoria-de-la-izquierda-radical\/#primaryimage"},"thumbnailUrl":"https:\/\/foreverfutbol.com.ec\/radio\/wp-content\/uploads\/2025\/12\/image-135.webp","articleSection":["Internacional"],"inLanguage":"es","potentialAction":[{"@type":"CommentAction","name":"Comment","target":["https:\/\/foreverfutbol.com.ec\/radio\/internacional\/donald-trump-desea-una-feliz-navidad-a-todos-incluida-la-escoria-de-la-izquierda-radical\/#respond"]}]},{"@type":"WebPage","@id":"https:\/\/foreverfutbol.com.ec\/radio\/internacional\/donald-trump-desea-una-feliz-navidad-a-todos-incluida-la-escoria-de-la-izquierda-radical\/","url":"https:\/\/foreverfutbol.com.ec\/radio\/internacional\/donald-trump-desea-una-feliz-navidad-a-todos-incluida-la-escoria-de-la-izquierda-radical\/","name":"Donald Trump desea una feliz Navidad a todos, \u201cincluida la escoria de la izquierda radical\u201d - 92.5 FOREVER Radio","isPartOf":{"@id":"https:\/\/foreverfutbol.com.ec\/radio\/#website"},"primaryImageOfPage":{"@id":"https:\/\/foreverfutbol.com.ec\/radio\/internacional\/donald-trump-desea-una-feliz-navidad-a-todos-incluida-la-escoria-de-la-izquierda-radical\/#primaryimage"},"image":{"@id":"https:\/\/foreverfutbol.com.ec\/radio\/internacional\/donald-trump-desea-una-feliz-navidad-a-todos-incluida-la-escoria-de-la-izquierda-radical\/#primaryimage"},"thumbnailUrl":"https:\/\/foreverfutbol.com.ec\/radio\/wp-content\/uploads\/2025\/12\/image-135.webp","datePublished":"2025-12-25T20:41:43+00:00","dateModified":"2025-12-26T00:28:42+00:00","description":"Donald Trump genera pol\u00e9mica al desear feliz Navidad a todos, incluida la izquierda radical, en un mensaje publicado en Truth Social.","breadcrumb":{"@id":"https:\/\/foreverfutbol.com.ec\/radio\/internacional\/donald-trump-desea-una-feliz-navidad-a-todos-incluida-la-escoria-de-la-izquierda-radical\/#breadcrumb"},"inLanguage":"es","potentialAction":[{"@type":"ReadAction","target":["https:\/\/foreverfutbol.com.ec\/radio\/internacional\/donald-trump-desea-una-feliz-navidad-a-todos-incluida-la-escoria-de-la-izquierda-radical\/"]}]},{"@type":"ImageObject","inLanguage":"es","@id":"https:\/\/foreverfutbol.com.ec\/radio\/internacional\/donald-trump-desea-una-feliz-navidad-a-todos-incluida-la-escoria-de-la-izquierda-radical\/#primaryimage","url":"https:\/\/foreverfutbol.com.ec\/radio\/wp-content\/uploads\/2025\/12\/image-135.webp","contentUrl":"https:\/\/foreverfutbol.com.ec\/radio\/wp-content\/uploads\/2025\/12\/image-135.webp","width":1005,"height":670},{"@type":"BreadcrumbList","@id":"https:\/\/foreverfutbol.com.ec\/radio\/internacional\/donald-trump-desea-una-feliz-navidad-a-todos-incluida-la-escoria-de-la-izquierda-radical\/#breadcrumb","itemListElement":[{"@type":"ListItem","position":1,"name":"Portada","item":"https:\/\/foreverfutbol.com.ec\/radio\/"},{"@type":"ListItem","position":2,"name":"Donald Trump desea una feliz Navidad a todos, \u201cincluida la escoria de la izquierda radical\u201d"}]},{"@type":"WebSite","@id":"https:\/\/foreverfutbol.com.ec\/radio\/#website","url":"https:\/\/foreverfutbol.com.ec\/radio\/","name":"92.5 FOREVER Radio","description":"","publisher":{"@id":"https:\/\/foreverfutbol.com.ec\/radio\/#organization"},"potentialAction":[{"@type":"SearchAction","target":{"@type":"EntryPoint","urlTemplate":"https:\/\/foreverfutbol.com.ec\/radio\/?s={search_term_string}"},"query-input":{"@type":"PropertyValueSpecification","valueRequired":true,"valueName":"search_term_string"}}],"inLanguage":"es"},{"@type":"Organization","@id":"https:\/\/foreverfutbol.com.ec\/radio\/#organization","name":"92.5 FOREVER Radio","url":"https:\/\/foreverfutbol.com.ec\/radio\/","logo":{"@type":"ImageObject","inLanguage":"es","@id":"https:\/\/foreverfutbol.com.ec\/radio\/#\/schema\/logo\/image\/","url":"https:\/\/foreverfutbol.com.ec\/radio\/wp-content\/uploads\/2024\/01\/cropped-logo-forever.png","contentUrl":"https:\/\/foreverfutbol.com.ec\/radio\/wp-content\/uploads\/2024\/01\/cropped-logo-forever.png","width":180,"height":154,"caption":"92.5 FOREVER Radio"},"image":{"@id":"https:\/\/foreverfutbol.com.ec\/radio\/#\/schema\/logo\/image\/"},"sameAs":["https:\/\/www.facebook.com\/profile.php?id=100063550693491","https:\/\/x.com\/925forever","https:\/\/www.instagram.com\/radioforever925\/"]},{"@type":"Person","@id":"https:\/\/foreverfutbol.com.ec\/radio\/#\/schema\/person\/2f679dd16f889ac00df6e7b648062a01","name":"Ricardo Rodriguez","image":{"@type":"ImageObject","inLanguage":"es","@id":"https:\/\/secure.gravatar.com\/avatar\/5d9dfb95700bd0c503ed088d29de94822b5cc66a74cb0362774e6fc534823d07?s=96&d=mm&r=g","url":"https:\/\/secure.gravatar.com\/avatar\/5d9dfb95700bd0c503ed088d29de94822b5cc66a74cb0362774e6fc534823d07?s=96&d=mm&r=g","contentUrl":"https:\/\/secure.gravatar.com\/avatar\/5d9dfb95700bd0c503ed088d29de94822b5cc66a74cb0362774e6fc534823d07?s=96&d=mm&r=g","caption":"Ricardo Rodriguez"},"sameAs":["https:\/\/foreverfutbol.com.ec\/radio"],"url":"https:\/\/foreverfutbol.com.ec\/radio\/author\/superdmin\/"}]}},"_links":{"self":[{"href":"https:\/\/foreverfutbol.com.ec\/radio\/wp-json\/wp\/v2\/posts\/25301","targetHints":{"allow":["GET"]}}],"collection":[{"href":"https:\/\/foreverfutbol.com.ec\/radio\/wp-json\/wp\/v2\/posts"}],"about":[{"href":"https:\/\/foreverfutbol.com.ec\/radio\/wp-json\/wp\/v2\/types\/post"}],"author":[{"embeddable":true,"href":"https:\/\/foreverfutbol.com.ec\/radio\/wp-json\/wp\/v2\/users\/1"}],"replies":[{"embeddable":true,"href":"https:\/\/foreverfutbol.com.ec\/radio\/wp-json\/wp\/v2\/comments?post=25301"}],"version-history":[{"count":2,"href":"https:\/\/foreverfutbol.com.ec\/radio\/wp-json\/wp\/v2\/posts\/25301\/revisions"}],"predecessor-version":[{"id":25304,"href":"https:\/\/foreverfutbol.com.ec\/radio\/wp-json\/wp\/v2\/posts\/25301\/revisions\/25304"}],"wp:featuredmedia":[{"embeddable":true,"href":"https:\/\/foreverfutbol.com.ec\/radio\/wp-json\/wp\/v2\/media\/25302"}],"wp:attachment":[{"href":"https:\/\/foreverfutbol.com.ec\/radio\/wp-json\/wp\/v2\/media?parent=25301"}],"wp:term":[{"taxonomy":"category","embeddable":true,"href":"https:\/\/foreverfutbol.com.ec\/radio\/wp-json\/wp\/v2\/categories?post=25301"},{"taxonomy":"post_tag","embeddable":true,"href":"https:\/\/foreverfutbol.com.ec\/radio\/wp-json\/wp\/v2\/tags?post=25301"}],"curies":[{"name":"wp","href":"https:\/\/api.w.org\/{rel}","templated":true}]}}