{"id":24325,"date":"2025-11-18T14:58:43","date_gmt":"2025-11-18T19:58:43","guid":{"rendered":"https:\/\/foreverfutbol.com.ec\/radio\/?p=24325"},"modified":"2025-11-18T14:58:44","modified_gmt":"2025-11-18T19:58:44","slug":"maria-jose-pinto-asume-el-ministerio-de-salud-tras-remezon-politico-en-el-gobierno","status":"publish","type":"post","link":"https:\/\/foreverfutbol.com.ec\/radio\/politica\/maria-jose-pinto-asume-el-ministerio-de-salud-tras-remezon-politico-en-el-gobierno\/","title":{"rendered":"Mar\u00eda Jos\u00e9 Pinto asume el Ministerio de Salud tras remez\u00f3n pol\u00edtico en el Gobierno"},"content":{"rendered":"\n<p class=\"wp-block-paragraph\">La decisi\u00f3n del presidente <strong>Daniel Noboa<\/strong> de encargar a la <strong>vicepresidenta Mar\u00eda Jos\u00e9 Pinto<\/strong> la direcci\u00f3n del <strong>Ministerio de Salud<\/strong> se convirti\u00f3 en uno de los movimientos m\u00e1s relevantes anunciados este <strong>18 de noviembre de 2025<\/strong>. El comunicado oficial de la Presidencia, difundido en redes sociales, detall\u00f3 esta y otras modificaciones dentro del gabinete, cambios que llegan en un momento cr\u00edtico para el Gobierno luego de la reciente derrota electoral en la consulta popular.<\/p>\n\n\n\n<p class=\"wp-block-paragraph\">Los resultados adversos en las cuatro preguntas, relacionadas con bases extranjeras, financiamiento de partidos pol\u00edticos, reducci\u00f3n de asamble\u00edstas y una eventual Asamblea Constituyente, generaron una sacudida pol\u00edtica que oblig\u00f3 al Ejecutivo a tomar medidas r\u00e1pidas para reorganizar su estructura. En ese contexto, el nombramiento de Pinto como ministra de Salud adquiere especial relevancia, no solo por el desaf\u00edo que representa, sino por el peso estrat\u00e9gico que este sector tiene para la poblaci\u00f3n.<\/p>\n\n\n\n<p class=\"wp-block-paragraph\">Mar\u00eda Jos\u00e9 Pinto ya contaba con responsabilidades vinculadas al \u00e1mbito social. En el <strong>Decreto Ejecutivo n.\u00ba 3<\/strong>, firmado el 24 de mayo, Noboa le asign\u00f3 tareas enfocadas en la articulaci\u00f3n de pol\u00edticas p\u00fablicas para \u00e1reas fundamentales como <strong>salud mental<\/strong>, <strong>primera infancia<\/strong>, <strong>educaci\u00f3n intercultural biling\u00fce<\/strong>, <strong>prevenci\u00f3n del embarazo adolescente<\/strong> y <strong>desnutrici\u00f3n cr\u00f3nica infantil<\/strong>. Estas funciones ahora se suman a la gesti\u00f3n integral del Ministerio de Salud, uno de los m\u00e1s grandes y complejos del Estado ecuatoriano.<\/p>\n\n\n\n<p class=\"wp-block-paragraph\">La vicepresidenta, quite\u00f1a, casada y madre de dos hijas, proviene de una familia dedicada al sector textil. Su formaci\u00f3n acad\u00e9mica incluye estudios en <strong>Arte y Dise\u00f1o en la Escuela Parsons de Par\u00eds<\/strong>, adem\u00e1s de haber sido candidata a un MBA en el <strong>Incae Business School<\/strong>, uno de los programas de negocios m\u00e1s reconocidos de la regi\u00f3n. Su trayectoria en el sector p\u00fablico tambi\u00e9n destaca: entre 2023 y 2024 fue titular de la Secretar\u00eda <strong>Ecuador Crece Sin Desnutrici\u00f3n Infantil<\/strong>, desde donde impuls\u00f3 estrategias para combatir uno de los problemas estructurales m\u00e1s persistentes del pa\u00eds.<\/p>\n\n\n\n<p class=\"wp-block-paragraph\">Pinto llega al Ministerio en reemplazo de <strong>Jimmy Martin<\/strong>, cuya gesti\u00f3n recibi\u00f3 cr\u00edticas intensas debido al <strong>desabastecimiento de medicinas<\/strong> en los hospitales p\u00fablicos, una problem\u00e1tica que ha afectado la atenci\u00f3n de miles de ecuatorianos. La falta de insumos m\u00e9dicos, conjuntamente con retrasos en compras p\u00fablicas y fallas en la distribuci\u00f3n, elev\u00f3 la presi\u00f3n sobre el Gobierno para realizar cambios urgentes.<\/p>\n\n\n\n<p class=\"wp-block-paragraph\">El reto inmediato de la nueva ministra ser\u00e1 estabilizar el sistema de salud, fortalecer los procesos de adquisici\u00f3n de medicamentos y mejorar la infraestructura hospitalaria. A esto se suma el desaf\u00edo de integrar las pol\u00edticas sociales previamente asignadas a la Vicepresidencia con las necesidades operativas del Ministerio, creando un enfoque m\u00e1s articulado entre salud, educaci\u00f3n y desarrollo infantil.<\/p>\n\n\n\n<p class=\"wp-block-paragraph\">El Gobierno apuesta a que la presencia de Pinto permita impulsar una renovaci\u00f3n en el sector sanitario, con mayor \u00e9nfasis en la prevenci\u00f3n y en la atenci\u00f3n primaria, \u00e1reas que hist\u00f3ricamente han carecido de inversi\u00f3n y planificaci\u00f3n en Ecuador.<\/p>\n","protected":false},"excerpt":{"rendered":"<p>La decisi\u00f3n del presidente Daniel Noboa de encargar a la vicepresidenta Mar\u00eda Jos\u00e9 Pinto la direcci\u00f3n del Ministerio de Salud se convirti\u00f3 en uno de los movimientos m\u00e1s relevantes anunciados este 18 de noviembre de 2025. El comunicado oficial de la Presidencia, difundido en redes sociales, detall\u00f3 esta y otras modificaciones dentro del gabinete, cambios [&hellip;]<\/p>\n","protected":false},"author":1,"featured_media":24326,"comment_status":"open","ping_status":"open","sticky":false,"template":"","format":"standard","meta":{"footnotes":""},"categories":[52],"tags":[],"class_list":["post-24325","post","type-post","status-publish","format-standard","has-post-thumbnail","hentry","category-politica"],"yoast_head":"<!-- This site is optimized with the Yoast SEO plugin v28.3 - https:\/\/yoast.com\/product\/yoast-seo-wordpress\/ -->\n<title>Mar\u00eda Jos\u00e9 Pinto asume el Ministerio de Salud tras remez\u00f3n pol\u00edtico en el Gobierno - 92.5 FOREVER Radio<\/title>\n<meta name=\"description\" content=\"La vicepresidenta Mar\u00eda Jos\u00e9 Pinto asume el Ministerio de Salud tras la reestructuraci\u00f3n del gabinete de Daniel Noboa y en medio\" \/>\n<meta name=\"robots\" content=\"index, follow, max-snippet:-1, max-image-preview:large, max-video-preview:-1\" \/>\n<link rel=\"canonical\" href=\"https:\/\/foreverfutbol.com.ec\/radio\/politica\/maria-jose-pinto-asume-el-ministerio-de-salud-tras-remezon-politico-en-el-gobierno\/\" \/>\n<meta property=\"og:locale\" content=\"es_ES\" \/>\n<meta property=\"og:type\" content=\"article\" \/>\n<meta property=\"og:title\" content=\"Mar\u00eda Jos\u00e9 Pinto asume el Ministerio de Salud tras remez\u00f3n pol\u00edtico en el Gobierno - 92.5 FOREVER Radio\" \/>\n<meta property=\"og:description\" content=\"La vicepresidenta Mar\u00eda Jos\u00e9 Pinto asume el Ministerio de Salud tras la reestructuraci\u00f3n del gabinete de Daniel Noboa y en medio\" \/>\n<meta property=\"og:url\" content=\"https:\/\/foreverfutbol.com.ec\/radio\/politica\/maria-jose-pinto-asume-el-ministerio-de-salud-tras-remezon-politico-en-el-gobierno\/\" \/>\n<meta property=\"og:site_name\" content=\"92.5 FOREVER Radio\" \/>\n<meta property=\"article:publisher\" content=\"https:\/\/www.facebook.com\/profile.php?id=100063550693491\" \/>\n<meta property=\"article:published_time\" content=\"2025-11-18T19:58:43+00:00\" \/>\n<meta property=\"article:modified_time\" content=\"2025-11-18T19:58:44+00:00\" \/>\n<meta property=\"og:image\" content=\"https:\/\/foreverfutbol.com.ec\/radio\/wp-content\/uploads\/2025\/11\/image-19-13.webp\" \/>\n\t<meta property=\"og:image:width\" content=\"827\" \/>\n\t<meta property=\"og:image:height\" content=\"670\" \/>\n\t<meta property=\"og:image:type\" content=\"image\/webp\" \/>\n<meta name=\"author\" content=\"Ricardo Rodriguez\" \/>\n<meta name=\"twitter:card\" content=\"summary_large_image\" \/>\n<meta name=\"twitter:creator\" content=\"@925forever\" \/>\n<meta name=\"twitter:site\" content=\"@925forever\" \/>\n<meta name=\"twitter:label1\" content=\"Escrito por\" \/>\n\t<meta name=\"twitter:data1\" content=\"Ricardo Rodriguez\" \/>\n\t<meta name=\"twitter:label2\" content=\"Tiempo de lectura\" \/>\n\t<meta name=\"twitter:data2\" content=\"3 minutos\" \/>\n<script type=\"application\/ld+json\" class=\"yoast-schema-graph\">{\"@context\":\"https:\\\/\\\/schema.org\",\"@graph\":[{\"@type\":\"Article\",\"@id\":\"https:\\\/\\\/foreverfutbol.com.ec\\\/radio\\\/politica\\\/maria-jose-pinto-asume-el-ministerio-de-salud-tras-remezon-politico-en-el-gobierno\\\/#article\",\"isPartOf\":{\"@id\":\"https:\\\/\\\/foreverfutbol.com.ec\\\/radio\\\/politica\\\/maria-jose-pinto-asume-el-ministerio-de-salud-tras-remezon-politico-en-el-gobierno\\\/\"},\"author\":{\"name\":\"Ricardo Rodriguez\",\"@id\":\"https:\\\/\\\/foreverfutbol.com.ec\\\/radio\\\/#\\\/schema\\\/person\\\/2f679dd16f889ac00df6e7b648062a01\"},\"headline\":\"Mar\u00eda Jos\u00e9 Pinto asume el Ministerio de Salud tras remez\u00f3n pol\u00edtico en el Gobierno\",\"datePublished\":\"2025-11-18T19:58:43+00:00\",\"dateModified\":\"2025-11-18T19:58:44+00:00\",\"mainEntityOfPage\":{\"@id\":\"https:\\\/\\\/foreverfutbol.com.ec\\\/radio\\\/politica\\\/maria-jose-pinto-asume-el-ministerio-de-salud-tras-remezon-politico-en-el-gobierno\\\/\"},\"wordCount\":540,\"commentCount\":0,\"publisher\":{\"@id\":\"https:\\\/\\\/foreverfutbol.com.ec\\\/radio\\\/#organization\"},\"image\":{\"@id\":\"https:\\\/\\\/foreverfutbol.com.ec\\\/radio\\\/politica\\\/maria-jose-pinto-asume-el-ministerio-de-salud-tras-remezon-politico-en-el-gobierno\\\/#primaryimage\"},\"thumbnailUrl\":\"https:\\\/\\\/foreverfutbol.com.ec\\\/radio\\\/wp-content\\\/uploads\\\/2025\\\/11\\\/image-19-13.webp\",\"articleSection\":[\"Pol\u00edtica\"],\"inLanguage\":\"es\",\"potentialAction\":[{\"@type\":\"CommentAction\",\"name\":\"Comment\",\"target\":[\"https:\\\/\\\/foreverfutbol.com.ec\\\/radio\\\/politica\\\/maria-jose-pinto-asume-el-ministerio-de-salud-tras-remezon-politico-en-el-gobierno\\\/#respond\"]}]},{\"@type\":\"WebPage\",\"@id\":\"https:\\\/\\\/foreverfutbol.com.ec\\\/radio\\\/politica\\\/maria-jose-pinto-asume-el-ministerio-de-salud-tras-remezon-politico-en-el-gobierno\\\/\",\"url\":\"https:\\\/\\\/foreverfutbol.com.ec\\\/radio\\\/politica\\\/maria-jose-pinto-asume-el-ministerio-de-salud-tras-remezon-politico-en-el-gobierno\\\/\",\"name\":\"Mar\u00eda Jos\u00e9 Pinto asume el Ministerio de Salud tras remez\u00f3n pol\u00edtico en el Gobierno - 92.5 FOREVER Radio\",\"isPartOf\":{\"@id\":\"https:\\\/\\\/foreverfutbol.com.ec\\\/radio\\\/#website\"},\"primaryImageOfPage\":{\"@id\":\"https:\\\/\\\/foreverfutbol.com.ec\\\/radio\\\/politica\\\/maria-jose-pinto-asume-el-ministerio-de-salud-tras-remezon-politico-en-el-gobierno\\\/#primaryimage\"},\"image\":{\"@id\":\"https:\\\/\\\/foreverfutbol.com.ec\\\/radio\\\/politica\\\/maria-jose-pinto-asume-el-ministerio-de-salud-tras-remezon-politico-en-el-gobierno\\\/#primaryimage\"},\"thumbnailUrl\":\"https:\\\/\\\/foreverfutbol.com.ec\\\/radio\\\/wp-content\\\/uploads\\\/2025\\\/11\\\/image-19-13.webp\",\"datePublished\":\"2025-11-18T19:58:43+00:00\",\"dateModified\":\"2025-11-18T19:58:44+00:00\",\"description\":\"La vicepresidenta Mar\u00eda Jos\u00e9 Pinto asume el Ministerio de Salud tras la reestructuraci\u00f3n del gabinete de Daniel Noboa y en medio\",\"breadcrumb\":{\"@id\":\"https:\\\/\\\/foreverfutbol.com.ec\\\/radio\\\/politica\\\/maria-jose-pinto-asume-el-ministerio-de-salud-tras-remezon-politico-en-el-gobierno\\\/#breadcrumb\"},\"inLanguage\":\"es\",\"potentialAction\":[{\"@type\":\"ReadAction\",\"target\":[\"https:\\\/\\\/foreverfutbol.com.ec\\\/radio\\\/politica\\\/maria-jose-pinto-asume-el-ministerio-de-salud-tras-remezon-politico-en-el-gobierno\\\/\"]}]},{\"@type\":\"ImageObject\",\"inLanguage\":\"es\",\"@id\":\"https:\\\/\\\/foreverfutbol.com.ec\\\/radio\\\/politica\\\/maria-jose-pinto-asume-el-ministerio-de-salud-tras-remezon-politico-en-el-gobierno\\\/#primaryimage\",\"url\":\"https:\\\/\\\/foreverfutbol.com.ec\\\/radio\\\/wp-content\\\/uploads\\\/2025\\\/11\\\/image-19-13.webp\",\"contentUrl\":\"https:\\\/\\\/foreverfutbol.com.ec\\\/radio\\\/wp-content\\\/uploads\\\/2025\\\/11\\\/image-19-13.webp\",\"width\":827,\"height\":670},{\"@type\":\"BreadcrumbList\",\"@id\":\"https:\\\/\\\/foreverfutbol.com.ec\\\/radio\\\/politica\\\/maria-jose-pinto-asume-el-ministerio-de-salud-tras-remezon-politico-en-el-gobierno\\\/#breadcrumb\",\"itemListElement\":[{\"@type\":\"ListItem\",\"position\":1,\"name\":\"Portada\",\"item\":\"https:\\\/\\\/foreverfutbol.com.ec\\\/radio\\\/\"},{\"@type\":\"ListItem\",\"position\":2,\"name\":\"Mar\u00eda Jos\u00e9 Pinto asume el Ministerio de Salud tras remez\u00f3n pol\u00edtico en el Gobierno\"}]},{\"@type\":\"WebSite\",\"@id\":\"https:\\\/\\\/foreverfutbol.com.ec\\\/radio\\\/#website\",\"url\":\"https:\\\/\\\/foreverfutbol.com.ec\\\/radio\\\/\",\"name\":\"92.5 FOREVER Radio\",\"description\":\"\",\"publisher\":{\"@id\":\"https:\\\/\\\/foreverfutbol.com.ec\\\/radio\\\/#organization\"},\"potentialAction\":[{\"@type\":\"SearchAction\",\"target\":{\"@type\":\"EntryPoint\",\"urlTemplate\":\"https:\\\/\\\/foreverfutbol.com.ec\\\/radio\\\/?s={search_term_string}\"},\"query-input\":{\"@type\":\"PropertyValueSpecification\",\"valueRequired\":true,\"valueName\":\"search_term_string\"}}],\"inLanguage\":\"es\"},{\"@type\":\"Organization\",\"@id\":\"https:\\\/\\\/foreverfutbol.com.ec\\\/radio\\\/#organization\",\"name\":\"92.5 FOREVER Radio\",\"url\":\"https:\\\/\\\/foreverfutbol.com.ec\\\/radio\\\/\",\"logo\":{\"@type\":\"ImageObject\",\"inLanguage\":\"es\",\"@id\":\"https:\\\/\\\/foreverfutbol.com.ec\\\/radio\\\/#\\\/schema\\\/logo\\\/image\\\/\",\"url\":\"https:\\\/\\\/foreverfutbol.com.ec\\\/radio\\\/wp-content\\\/uploads\\\/2024\\\/01\\\/cropped-logo-forever.png\",\"contentUrl\":\"https:\\\/\\\/foreverfutbol.com.ec\\\/radio\\\/wp-content\\\/uploads\\\/2024\\\/01\\\/cropped-logo-forever.png\",\"width\":180,\"height\":154,\"caption\":\"92.5 FOREVER Radio\"},\"image\":{\"@id\":\"https:\\\/\\\/foreverfutbol.com.ec\\\/radio\\\/#\\\/schema\\\/logo\\\/image\\\/\"},\"sameAs\":[\"https:\\\/\\\/www.facebook.com\\\/profile.php?id=100063550693491\",\"https:\\\/\\\/x.com\\\/925forever\",\"https:\\\/\\\/www.instagram.com\\\/radioforever925\\\/\"]},{\"@type\":\"Person\",\"@id\":\"https:\\\/\\\/foreverfutbol.com.ec\\\/radio\\\/#\\\/schema\\\/person\\\/2f679dd16f889ac00df6e7b648062a01\",\"name\":\"Ricardo Rodriguez\",\"image\":{\"@type\":\"ImageObject\",\"inLanguage\":\"es\",\"@id\":\"https:\\\/\\\/secure.gravatar.com\\\/avatar\\\/5d9dfb95700bd0c503ed088d29de94822b5cc66a74cb0362774e6fc534823d07?s=96&d=mm&r=g\",\"url\":\"https:\\\/\\\/secure.gravatar.com\\\/avatar\\\/5d9dfb95700bd0c503ed088d29de94822b5cc66a74cb0362774e6fc534823d07?s=96&d=mm&r=g\",\"contentUrl\":\"https:\\\/\\\/secure.gravatar.com\\\/avatar\\\/5d9dfb95700bd0c503ed088d29de94822b5cc66a74cb0362774e6fc534823d07?s=96&d=mm&r=g\",\"caption\":\"Ricardo Rodriguez\"},\"sameAs\":[\"https:\\\/\\\/foreverfutbol.com.ec\\\/radio\"],\"url\":\"https:\\\/\\\/foreverfutbol.com.ec\\\/radio\\\/author\\\/superdmin\\\/\"}]}<\/script>\n<!-- \/ Yoast SEO plugin. -->","yoast_head_json":{"title":"Mar\u00eda Jos\u00e9 Pinto asume el Ministerio de Salud tras remez\u00f3n pol\u00edtico en el Gobierno - 92.5 FOREVER Radio","description":"La vicepresidenta Mar\u00eda Jos\u00e9 Pinto asume el Ministerio de Salud tras la reestructuraci\u00f3n del gabinete de Daniel Noboa y en medio","robots":{"index":"index","follow":"follow","max-snippet":"max-snippet:-1","max-image-preview":"max-image-preview:large","max-video-preview":"max-video-preview:-1"},"canonical":"https:\/\/foreverfutbol.com.ec\/radio\/politica\/maria-jose-pinto-asume-el-ministerio-de-salud-tras-remezon-politico-en-el-gobierno\/","og_locale":"es_ES","og_type":"article","og_title":"Mar\u00eda Jos\u00e9 Pinto asume el Ministerio de Salud tras remez\u00f3n pol\u00edtico en el Gobierno - 92.5 FOREVER Radio","og_description":"La vicepresidenta Mar\u00eda Jos\u00e9 Pinto asume el Ministerio de Salud tras la reestructuraci\u00f3n del gabinete de Daniel Noboa y en medio","og_url":"https:\/\/foreverfutbol.com.ec\/radio\/politica\/maria-jose-pinto-asume-el-ministerio-de-salud-tras-remezon-politico-en-el-gobierno\/","og_site_name":"92.5 FOREVER Radio","article_publisher":"https:\/\/www.facebook.com\/profile.php?id=100063550693491","article_published_time":"2025-11-18T19:58:43+00:00","article_modified_time":"2025-11-18T19:58:44+00:00","og_image":[{"width":827,"height":670,"url":"https:\/\/foreverfutbol.com.ec\/radio\/wp-content\/uploads\/2025\/11\/image-19-13.webp","type":"image\/webp"}],"author":"Ricardo Rodriguez","twitter_card":"summary_large_image","twitter_creator":"@925forever","twitter_site":"@925forever","twitter_misc":{"Escrito por":"Ricardo Rodriguez","Tiempo de lectura":"3 minutos"},"schema":{"@context":"https:\/\/schema.org","@graph":[{"@type":"Article","@id":"https:\/\/foreverfutbol.com.ec\/radio\/politica\/maria-jose-pinto-asume-el-ministerio-de-salud-tras-remezon-politico-en-el-gobierno\/#article","isPartOf":{"@id":"https:\/\/foreverfutbol.com.ec\/radio\/politica\/maria-jose-pinto-asume-el-ministerio-de-salud-tras-remezon-politico-en-el-gobierno\/"},"author":{"name":"Ricardo Rodriguez","@id":"https:\/\/foreverfutbol.com.ec\/radio\/#\/schema\/person\/2f679dd16f889ac00df6e7b648062a01"},"headline":"Mar\u00eda Jos\u00e9 Pinto asume el Ministerio de Salud tras remez\u00f3n pol\u00edtico en el Gobierno","datePublished":"2025-11-18T19:58:43+00:00","dateModified":"2025-11-18T19:58:44+00:00","mainEntityOfPage":{"@id":"https:\/\/foreverfutbol.com.ec\/radio\/politica\/maria-jose-pinto-asume-el-ministerio-de-salud-tras-remezon-politico-en-el-gobierno\/"},"wordCount":540,"commentCount":0,"publisher":{"@id":"https:\/\/foreverfutbol.com.ec\/radio\/#organization"},"image":{"@id":"https:\/\/foreverfutbol.com.ec\/radio\/politica\/maria-jose-pinto-asume-el-ministerio-de-salud-tras-remezon-politico-en-el-gobierno\/#primaryimage"},"thumbnailUrl":"https:\/\/foreverfutbol.com.ec\/radio\/wp-content\/uploads\/2025\/11\/image-19-13.webp","articleSection":["Pol\u00edtica"],"inLanguage":"es","potentialAction":[{"@type":"CommentAction","name":"Comment","target":["https:\/\/foreverfutbol.com.ec\/radio\/politica\/maria-jose-pinto-asume-el-ministerio-de-salud-tras-remezon-politico-en-el-gobierno\/#respond"]}]},{"@type":"WebPage","@id":"https:\/\/foreverfutbol.com.ec\/radio\/politica\/maria-jose-pinto-asume-el-ministerio-de-salud-tras-remezon-politico-en-el-gobierno\/","url":"https:\/\/foreverfutbol.com.ec\/radio\/politica\/maria-jose-pinto-asume-el-ministerio-de-salud-tras-remezon-politico-en-el-gobierno\/","name":"Mar\u00eda Jos\u00e9 Pinto asume el Ministerio de Salud tras remez\u00f3n pol\u00edtico en el Gobierno - 92.5 FOREVER Radio","isPartOf":{"@id":"https:\/\/foreverfutbol.com.ec\/radio\/#website"},"primaryImageOfPage":{"@id":"https:\/\/foreverfutbol.com.ec\/radio\/politica\/maria-jose-pinto-asume-el-ministerio-de-salud-tras-remezon-politico-en-el-gobierno\/#primaryimage"},"image":{"@id":"https:\/\/foreverfutbol.com.ec\/radio\/politica\/maria-jose-pinto-asume-el-ministerio-de-salud-tras-remezon-politico-en-el-gobierno\/#primaryimage"},"thumbnailUrl":"https:\/\/foreverfutbol.com.ec\/radio\/wp-content\/uploads\/2025\/11\/image-19-13.webp","datePublished":"2025-11-18T19:58:43+00:00","dateModified":"2025-11-18T19:58:44+00:00","description":"La vicepresidenta Mar\u00eda Jos\u00e9 Pinto asume el Ministerio de Salud tras la reestructuraci\u00f3n del gabinete de Daniel Noboa y en medio","breadcrumb":{"@id":"https:\/\/foreverfutbol.com.ec\/radio\/politica\/maria-jose-pinto-asume-el-ministerio-de-salud-tras-remezon-politico-en-el-gobierno\/#breadcrumb"},"inLanguage":"es","potentialAction":[{"@type":"ReadAction","target":["https:\/\/foreverfutbol.com.ec\/radio\/politica\/maria-jose-pinto-asume-el-ministerio-de-salud-tras-remezon-politico-en-el-gobierno\/"]}]},{"@type":"ImageObject","inLanguage":"es","@id":"https:\/\/foreverfutbol.com.ec\/radio\/politica\/maria-jose-pinto-asume-el-ministerio-de-salud-tras-remezon-politico-en-el-gobierno\/#primaryimage","url":"https:\/\/foreverfutbol.com.ec\/radio\/wp-content\/uploads\/2025\/11\/image-19-13.webp","contentUrl":"https:\/\/foreverfutbol.com.ec\/radio\/wp-content\/uploads\/2025\/11\/image-19-13.webp","width":827,"height":670},{"@type":"BreadcrumbList","@id":"https:\/\/foreverfutbol.com.ec\/radio\/politica\/maria-jose-pinto-asume-el-ministerio-de-salud-tras-remezon-politico-en-el-gobierno\/#breadcrumb","itemListElement":[{"@type":"ListItem","position":1,"name":"Portada","item":"https:\/\/foreverfutbol.com.ec\/radio\/"},{"@type":"ListItem","position":2,"name":"Mar\u00eda Jos\u00e9 Pinto asume el Ministerio de Salud tras remez\u00f3n pol\u00edtico en el Gobierno"}]},{"@type":"WebSite","@id":"https:\/\/foreverfutbol.com.ec\/radio\/#website","url":"https:\/\/foreverfutbol.com.ec\/radio\/","name":"92.5 FOREVER Radio","description":"","publisher":{"@id":"https:\/\/foreverfutbol.com.ec\/radio\/#organization"},"potentialAction":[{"@type":"SearchAction","target":{"@type":"EntryPoint","urlTemplate":"https:\/\/foreverfutbol.com.ec\/radio\/?s={search_term_string}"},"query-input":{"@type":"PropertyValueSpecification","valueRequired":true,"valueName":"search_term_string"}}],"inLanguage":"es"},{"@type":"Organization","@id":"https:\/\/foreverfutbol.com.ec\/radio\/#organization","name":"92.5 FOREVER Radio","url":"https:\/\/foreverfutbol.com.ec\/radio\/","logo":{"@type":"ImageObject","inLanguage":"es","@id":"https:\/\/foreverfutbol.com.ec\/radio\/#\/schema\/logo\/image\/","url":"https:\/\/foreverfutbol.com.ec\/radio\/wp-content\/uploads\/2024\/01\/cropped-logo-forever.png","contentUrl":"https:\/\/foreverfutbol.com.ec\/radio\/wp-content\/uploads\/2024\/01\/cropped-logo-forever.png","width":180,"height":154,"caption":"92.5 FOREVER Radio"},"image":{"@id":"https:\/\/foreverfutbol.com.ec\/radio\/#\/schema\/logo\/image\/"},"sameAs":["https:\/\/www.facebook.com\/profile.php?id=100063550693491","https:\/\/x.com\/925forever","https:\/\/www.instagram.com\/radioforever925\/"]},{"@type":"Person","@id":"https:\/\/foreverfutbol.com.ec\/radio\/#\/schema\/person\/2f679dd16f889ac00df6e7b648062a01","name":"Ricardo Rodriguez","image":{"@type":"ImageObject","inLanguage":"es","@id":"https:\/\/secure.gravatar.com\/avatar\/5d9dfb95700bd0c503ed088d29de94822b5cc66a74cb0362774e6fc534823d07?s=96&d=mm&r=g","url":"https:\/\/secure.gravatar.com\/avatar\/5d9dfb95700bd0c503ed088d29de94822b5cc66a74cb0362774e6fc534823d07?s=96&d=mm&r=g","contentUrl":"https:\/\/secure.gravatar.com\/avatar\/5d9dfb95700bd0c503ed088d29de94822b5cc66a74cb0362774e6fc534823d07?s=96&d=mm&r=g","caption":"Ricardo Rodriguez"},"sameAs":["https:\/\/foreverfutbol.com.ec\/radio"],"url":"https:\/\/foreverfutbol.com.ec\/radio\/author\/superdmin\/"}]}},"_links":{"self":[{"href":"https:\/\/foreverfutbol.com.ec\/radio\/wp-json\/wp\/v2\/posts\/24325","targetHints":{"allow":["GET"]}}],"collection":[{"href":"https:\/\/foreverfutbol.com.ec\/radio\/wp-json\/wp\/v2\/posts"}],"about":[{"href":"https:\/\/foreverfutbol.com.ec\/radio\/wp-json\/wp\/v2\/types\/post"}],"author":[{"embeddable":true,"href":"https:\/\/foreverfutbol.com.ec\/radio\/wp-json\/wp\/v2\/users\/1"}],"replies":[{"embeddable":true,"href":"https:\/\/foreverfutbol.com.ec\/radio\/wp-json\/wp\/v2\/comments?post=24325"}],"version-history":[{"count":1,"href":"https:\/\/foreverfutbol.com.ec\/radio\/wp-json\/wp\/v2\/posts\/24325\/revisions"}],"predecessor-version":[{"id":24327,"href":"https:\/\/foreverfutbol.com.ec\/radio\/wp-json\/wp\/v2\/posts\/24325\/revisions\/24327"}],"wp:featuredmedia":[{"embeddable":true,"href":"https:\/\/foreverfutbol.com.ec\/radio\/wp-json\/wp\/v2\/media\/24326"}],"wp:attachment":[{"href":"https:\/\/foreverfutbol.com.ec\/radio\/wp-json\/wp\/v2\/media?parent=24325"}],"wp:term":[{"taxonomy":"category","embeddable":true,"href":"https:\/\/foreverfutbol.com.ec\/radio\/wp-json\/wp\/v2\/categories?post=24325"},{"taxonomy":"post_tag","embeddable":true,"href":"https:\/\/foreverfutbol.com.ec\/radio\/wp-json\/wp\/v2\/tags?post=24325"}],"curies":[{"name":"wp","href":"https:\/\/api.w.org\/{rel}","templated":true}]}}