{"id":23789,"date":"2025-11-06T14:26:19","date_gmt":"2025-11-06T19:26:19","guid":{"rendered":"https:\/\/foreverfutbol.com.ec\/radio\/?p=23789"},"modified":"2025-11-06T14:26:20","modified_gmt":"2025-11-06T19:26:20","slug":"hasta-14-horas-sin-agua-estas-zonas-de-guayaquil-y-cantones-vecinos-seran-afectadas","status":"publish","type":"post","link":"https:\/\/foreverfutbol.com.ec\/radio\/sucesos\/hasta-14-horas-sin-agua-estas-zonas-de-guayaquil-y-cantones-vecinos-seran-afectadas\/","title":{"rendered":"Hasta 14 horas sin agua: estas zonas de Guayaquil y cantones vecinos ser\u00e1n afectadas"},"content":{"rendered":"\n<p class=\"wp-block-paragraph\">La <strong>interrupci\u00f3n del servicio de agua potable<\/strong> en Guayaquil y cantones aleda\u00f1os ser\u00e1 una realidad este domingo 9 de noviembre, debido a labores programadas en la infraestructura el\u00e9ctrica que alimenta la <strong>planta de producci\u00f3n La Toma<\/strong>, una de las m\u00e1s importantes para el abastecimiento del l\u00edquido vital en la ciudad. Seg\u00fan inform\u00f3 la concesionaria <strong>Interagua<\/strong>, estos trabajos ser\u00e1n ejecutados por <strong>Celec EP-Transelectric<\/strong> en la subestaci\u00f3n <strong>Pascuales<\/strong>, lo que provocar\u00e1 la suspensi\u00f3n temporal de la generaci\u00f3n y distribuci\u00f3n de agua potable en diferentes sectores.<\/p>\n\n\n\n<p class=\"wp-block-paragraph\">El corte se realizar\u00e1 en horarios distintos, con una duraci\u00f3n estimada que oscila entre <strong>12 y 14 horas<\/strong>, dependiendo de la zona. Por ello, se recomienda a los ciudadanos tomar previsiones para <strong>almacenar agua<\/strong>, especialmente para actividades dom\u00e9sticas esenciales.<\/p>\n\n\n\n<hr class=\"wp-block-separator has-alpha-channel-opacity\"\/>\n\n\n\n<h2 class=\"wp-block-heading\"><strong>Motivo del corte de agua en Guayaquil<\/strong><\/h2>\n\n\n\n<p class=\"wp-block-paragraph\">La suspensi\u00f3n del servicio se debe a <strong>mantenimientos el\u00e9ctricos planificados<\/strong>, necesarios para garantizar la continuidad y seguridad operativa de la subestaci\u00f3n <strong>Pascuales<\/strong>, infraestructura clave que abastece de energ\u00eda a la planta <strong>La Toma<\/strong>. Esta planta es la encargada de <strong>bombear y potabilizar<\/strong> miles de metros c\u00fabicos diarios de agua que llegan a gran parte de Guayaquil y sus cantones vecinos.<\/p>\n\n\n\n<p class=\"wp-block-paragraph\">Sin el suministro el\u00e9ctrico, la planta <strong>deber\u00e1 detener sus operaciones<\/strong>, por lo que el servicio de agua ser\u00e1 interrumpido temporalmente.<\/p>\n\n\n\n<hr class=\"wp-block-separator has-alpha-channel-opacity\"\/>\n\n\n\n<h2 class=\"wp-block-heading\"><strong>Zonas y horarios de afectaci\u00f3n<\/strong><\/h2>\n\n\n\n<h3 class=\"wp-block-heading\"><strong>Cortes entre 12 y 14 horas<\/strong><\/h3>\n\n\n\n<ul class=\"wp-block-list\">\n<li><strong>Norte, centro y sur de Guayaquil<\/strong><\/li>\n\n\n\n<li><strong>Cantones Nobol, Dur\u00e1n y Samborond\u00f3n (sector abastecido por Amagua)<\/strong><\/li>\n\n\n\n<li><strong>V\u00eda a la costa<\/strong><\/li>\n<\/ul>\n\n\n\n<p class=\"wp-block-paragraph\">A continuaci\u00f3n, se detalla el cronograma:<\/p>\n\n\n\n<figure class=\"wp-block-table\"><table class=\"has-fixed-layout\"><thead><tr><th><strong>Sector<\/strong><\/th><th><strong>Horario del corte<\/strong><\/th><th><strong>Duraci\u00f3n<\/strong><\/th><\/tr><\/thead><tbody><tr><td>Norte, Centro, Sur, Nobol, Dur\u00e1n y Samborond\u00f3n<\/td><td>00:00 a 12:30<\/td><td>12 horas 30 minutos<\/td><\/tr><tr><td>V\u00eda a la Costa<\/td><td>00:00 a 14:00<\/td><td>14 horas<\/td><\/tr><\/tbody><\/table><\/figure>\n\n\n\n<hr class=\"wp-block-separator has-alpha-channel-opacity\"\/>\n\n\n\n<h2 class=\"wp-block-heading\"><strong>Sectores del Norte de Guayaquil afectados<\/strong><\/h2>\n\n\n\n<p class=\"wp-block-paragraph\">La interrupci\u00f3n afectar\u00e1 a <strong>cooperativas, recintos, urbanizaciones y ciudadelas<\/strong> de gran densidad poblacional. Entre las principales est\u00e1n:<\/p>\n\n\n\n<h3 class=\"wp-block-heading\"><strong>Cooperativas y barrios<\/strong><\/h3>\n\n\n\n<ul class=\"wp-block-list\">\n<li>Nueva Victoria<\/li>\n\n\n\n<li>Los Pinos<\/li>\n\n\n\n<li>Pampa Luc\u00eda<\/li>\n\n\n\n<li><strong>Basti\u00f3n Popular<\/strong> (bloques 8 al 1)<\/li>\n\n\n\n<li>El Rotario<\/li>\n\n\n\n<li>Valle de la Flor<\/li>\n\n\n\n<li>Flor de Basti\u00f3n<\/li>\n\n\n\n<li>Tiwinsa y Covirse<\/li>\n\n\n\n<li>El Futuro para los Ni\u00f1os<\/li>\n\n\n\n<li>Cordillera del C\u00f3ndor, Mayacua y Valerio Estacio<\/li>\n\n\n\n<li>Nueva Guayaquil<\/li>\n\n\n\n<li>Para\u00edso de la Flor<\/li>\n\n\n\n<li>Realidad de Dios<\/li>\n\n\n\n<li>Monte Sina\u00ed (sector Bocatoma)<\/li>\n\n\n\n<li>2 de Octubre, 31 de Agosto y San Nicol\u00e1s<\/li>\n\n\n\n<li>La Prosperina y Colinas de la Prosperina<\/li>\n\n\n\n<li>Jaime Rold\u00f3s y San Carlos<\/li>\n\n\n\n<li>Socio Vivienda<\/li>\n\n\n\n<li>Hogar de Nazareth<\/li>\n\n\n\n<li>Carlos Guevara Moreno<\/li>\n\n\n\n<li>Juan Bautista, Brisas de Pascuales y Vilcabamba<\/li>\n\n\n\n<li>2 de Noviembre y Unidos Venceremos<\/li>\n<\/ul>\n\n\n\n<h3 class=\"wp-block-heading\"><strong>El Fort\u00edn y alrededores<\/strong><\/h3>\n\n\n\n<ul class=\"wp-block-list\">\n<li>El Fort\u00edn (todos los bloques)<\/li>\n\n\n\n<li>Guerreros del Fort\u00edn<\/li>\n\n\n\n<li>Bella Visi\u00f3n<\/li>\n\n\n\n<li>Nueva Luz y Flor del Norte<\/li>\n\n\n\n<li>Nueva Frontera<\/li>\n\n\n\n<li>Nueva Prosperina (bloques 1-7)<\/li>\n\n\n\n<li>San Ignacio de Loyola<\/li>\n\n\n\n<li>Fuerte Huancavilca<\/li>\n\n\n\n<li>Socio Vivienda y Quinto Guayas<\/li>\n\n\n\n<li>Cerro Colorado<\/li>\n\n\n\n<li>Valles de Beatas y Las Delicias<\/li>\n\n\n\n<li>Vivienda Guayaquil<\/li>\n\n\n\n<li>Juan Pablo I y II<\/li>\n\n\n\n<li>Velasco y barrios empleados Ietel<\/li>\n<\/ul>\n\n\n\n<hr class=\"wp-block-separator has-alpha-channel-opacity\"\/>\n\n\n\n<h2 class=\"wp-block-heading\"><strong>Ciudadelas y urbanizaciones afectadas<\/strong><\/h2>\n\n\n\n<h3 class=\"wp-block-heading\"><strong>Zona Norte y Centro<\/strong><\/h3>\n\n\n\n<ul class=\"wp-block-list\">\n<li><strong>Urdesa Central<\/strong> y <strong>Lomas de Urdesa<\/strong><\/li>\n\n\n\n<li>Alborada (1-12)<\/li>\n\n\n\n<li>Ciudad Col\u00f3n<\/li>\n\n\n\n<li>Kennedy Norte, Kennedy Vieja y Kennedy Nueva<\/li>\n\n\n\n<li><strong>Garzota<\/strong> (todas las etapas)<\/li>\n\n\n\n<li>Ciudad del Aire<\/li>\n\n\n\n<li>Beata Mercedes Molina<\/li>\n\n\n\n<li>Ecocity<\/li>\n\n\n\n<li>Mi Lote<\/li>\n\n\n\n<li>Villa Sol<\/li>\n\n\n\n<li>Base Naval<\/li>\n\n\n\n<li>Brisas del Norte<\/li>\n\n\n\n<li>Los \u00c1lamos<\/li>\n\n\n\n<li>La Herradura, Luis Vernaza y Adace<\/li>\n<\/ul>\n\n\n\n<h3 class=\"wp-block-heading\"><strong>Urbanizaciones residenciales<\/strong><\/h3>\n\n\n\n<ul class=\"wp-block-list\">\n<li>Los Sauces (todas las etapas)<\/li>\n\n\n\n<li>Sagrada Familia<\/li>\n\n\n\n<li>Acuarela del R\u00edo<\/li>\n\n\n\n<li>Brisas del R\u00edo (1 y 2)<\/li>\n\n\n\n<li>Bosques del Salado<\/li>\n\n\n\n<li>Urdenor (1 y 2)<\/li>\n\n\n\n<li>San Francisco<\/li>\n\n\n\n<li>Metr\u00f3polis 2<\/li>\n\n\n\n<li>Lago Capeira<\/li>\n\n\n\n<li>Mucho Lote 2<\/li>\n\n\n\n<li>La Perla y La Romareda<\/li>\n\n\n\n<li>Arcos del R\u00edo<\/li>\n\n\n\n<li>Jardines del R\u00edo<\/li>\n\n\n\n<li>El Prado, Terrenova y Santa Cecilia<\/li>\n<\/ul>\n\n\n\n<hr class=\"wp-block-separator has-alpha-channel-opacity\"\/>\n\n\n\n<h2 class=\"wp-block-heading\"><strong>V\u00eda a la Costa<\/strong><\/h2>\n\n\n\n<p class=\"wp-block-paragraph\">Se ver\u00e1n <strong>afectadas todas las urbanizaciones, comunas, barrios y recintos<\/strong> localizados <strong>entre el km 13,5 y el km 74<\/strong>, incluidas zonas rurales y suburbanas.<\/p>\n\n\n\n<hr class=\"wp-block-separator has-alpha-channel-opacity\"\/>\n\n\n\n<h2 class=\"wp-block-heading\"><strong>Tambi\u00e9n habr\u00e1 suspensi\u00f3n del servicio en:<\/strong><\/h2>\n\n\n\n<ul class=\"wp-block-list\">\n<li><strong>Centro de Guayaquil<\/strong><\/li>\n\n\n\n<li><strong>Sur de Guayaquil<\/strong><\/li>\n\n\n\n<li><strong>Cant\u00f3n Nobol<\/strong><\/li>\n\n\n\n<li><strong>Cant\u00f3n Daule<\/strong><\/li>\n\n\n\n<li><strong>Cant\u00f3n Samborond\u00f3n<\/strong> (usuarios abastecidos por Amagua)<\/li>\n<\/ul>\n","protected":false},"excerpt":{"rendered":"<p>La interrupci\u00f3n del servicio de agua potable en Guayaquil y cantones aleda\u00f1os ser\u00e1 una realidad este domingo 9 de noviembre, debido a labores programadas en la infraestructura el\u00e9ctrica que alimenta la planta de producci\u00f3n La Toma, una de las m\u00e1s importantes para el abastecimiento del l\u00edquido vital en la ciudad. Seg\u00fan inform\u00f3 la concesionaria Interagua, [&hellip;]<\/p>\n","protected":false},"author":1,"featured_media":23790,"comment_status":"open","ping_status":"open","sticky":false,"template":"","format":"standard","meta":{"footnotes":""},"categories":[51],"tags":[],"class_list":["post-23789","post","type-post","status-publish","format-standard","has-post-thumbnail","hentry","category-sucesos"],"yoast_head":"<!-- This site is optimized with the Yoast SEO plugin v28.3 - https:\/\/yoast.com\/product\/yoast-seo-wordpress\/ -->\n<title>Hasta 14 horas sin agua: estas zonas de Guayaquil y cantones vecinos ser\u00e1n afectadas - 92.5 FOREVER Radio<\/title>\n<meta name=\"description\" content=\"Corte de agua en Guayaquil este domingo 9 de noviembre afectar\u00e1 a sectores del norte, centro, sur, v\u00eda a la costa y cantones vecinos\" \/>\n<meta name=\"robots\" content=\"index, follow, max-snippet:-1, max-image-preview:large, max-video-preview:-1\" \/>\n<link rel=\"canonical\" href=\"https:\/\/foreverfutbol.com.ec\/radio\/sucesos\/hasta-14-horas-sin-agua-estas-zonas-de-guayaquil-y-cantones-vecinos-seran-afectadas\/\" \/>\n<meta property=\"og:locale\" content=\"es_ES\" \/>\n<meta property=\"og:type\" content=\"article\" \/>\n<meta property=\"og:title\" content=\"Hasta 14 horas sin agua: estas zonas de Guayaquil y cantones vecinos ser\u00e1n afectadas - 92.5 FOREVER Radio\" \/>\n<meta property=\"og:description\" content=\"Corte de agua en Guayaquil este domingo 9 de noviembre afectar\u00e1 a sectores del norte, centro, sur, v\u00eda a la costa y cantones vecinos\" \/>\n<meta property=\"og:url\" content=\"https:\/\/foreverfutbol.com.ec\/radio\/sucesos\/hasta-14-horas-sin-agua-estas-zonas-de-guayaquil-y-cantones-vecinos-seran-afectadas\/\" \/>\n<meta property=\"og:site_name\" content=\"92.5 FOREVER Radio\" \/>\n<meta property=\"article:publisher\" content=\"https:\/\/www.facebook.com\/profile.php?id=100063550693491\" \/>\n<meta property=\"article:published_time\" content=\"2025-11-06T19:26:19+00:00\" \/>\n<meta property=\"article:modified_time\" content=\"2025-11-06T19:26:20+00:00\" \/>\n<meta property=\"og:image\" content=\"https:\/\/foreverfutbol.com.ec\/radio\/wp-content\/uploads\/2025\/11\/image-84-1.webp\" \/>\n\t<meta property=\"og:image:width\" content=\"893\" \/>\n\t<meta property=\"og:image:height\" content=\"670\" \/>\n\t<meta property=\"og:image:type\" content=\"image\/webp\" \/>\n<meta name=\"author\" content=\"Ricardo Rodriguez\" \/>\n<meta name=\"twitter:card\" content=\"summary_large_image\" \/>\n<meta name=\"twitter:creator\" content=\"@925forever\" \/>\n<meta name=\"twitter:site\" content=\"@925forever\" \/>\n<meta name=\"twitter:label1\" content=\"Escrito por\" \/>\n\t<meta name=\"twitter:data1\" content=\"Ricardo Rodriguez\" \/>\n\t<meta name=\"twitter:label2\" content=\"Tiempo de lectura\" \/>\n\t<meta name=\"twitter:data2\" content=\"3 minutos\" \/>\n<script type=\"application\/ld+json\" class=\"yoast-schema-graph\">{\"@context\":\"https:\\\/\\\/schema.org\",\"@graph\":[{\"@type\":\"Article\",\"@id\":\"https:\\\/\\\/foreverfutbol.com.ec\\\/radio\\\/sucesos\\\/hasta-14-horas-sin-agua-estas-zonas-de-guayaquil-y-cantones-vecinos-seran-afectadas\\\/#article\",\"isPartOf\":{\"@id\":\"https:\\\/\\\/foreverfutbol.com.ec\\\/radio\\\/sucesos\\\/hasta-14-horas-sin-agua-estas-zonas-de-guayaquil-y-cantones-vecinos-seran-afectadas\\\/\"},\"author\":{\"name\":\"Ricardo Rodriguez\",\"@id\":\"https:\\\/\\\/foreverfutbol.com.ec\\\/radio\\\/#\\\/schema\\\/person\\\/2f679dd16f889ac00df6e7b648062a01\"},\"headline\":\"Hasta 14 horas sin agua: estas zonas de Guayaquil y cantones vecinos ser\u00e1n afectadas\",\"datePublished\":\"2025-11-06T19:26:19+00:00\",\"dateModified\":\"2025-11-06T19:26:20+00:00\",\"mainEntityOfPage\":{\"@id\":\"https:\\\/\\\/foreverfutbol.com.ec\\\/radio\\\/sucesos\\\/hasta-14-horas-sin-agua-estas-zonas-de-guayaquil-y-cantones-vecinos-seran-afectadas\\\/\"},\"wordCount\":647,\"commentCount\":0,\"publisher\":{\"@id\":\"https:\\\/\\\/foreverfutbol.com.ec\\\/radio\\\/#organization\"},\"image\":{\"@id\":\"https:\\\/\\\/foreverfutbol.com.ec\\\/radio\\\/sucesos\\\/hasta-14-horas-sin-agua-estas-zonas-de-guayaquil-y-cantones-vecinos-seran-afectadas\\\/#primaryimage\"},\"thumbnailUrl\":\"https:\\\/\\\/foreverfutbol.com.ec\\\/radio\\\/wp-content\\\/uploads\\\/2025\\\/11\\\/image-84-1.webp\",\"articleSection\":[\"Sucesos\"],\"inLanguage\":\"es\",\"potentialAction\":[{\"@type\":\"CommentAction\",\"name\":\"Comment\",\"target\":[\"https:\\\/\\\/foreverfutbol.com.ec\\\/radio\\\/sucesos\\\/hasta-14-horas-sin-agua-estas-zonas-de-guayaquil-y-cantones-vecinos-seran-afectadas\\\/#respond\"]}]},{\"@type\":\"WebPage\",\"@id\":\"https:\\\/\\\/foreverfutbol.com.ec\\\/radio\\\/sucesos\\\/hasta-14-horas-sin-agua-estas-zonas-de-guayaquil-y-cantones-vecinos-seran-afectadas\\\/\",\"url\":\"https:\\\/\\\/foreverfutbol.com.ec\\\/radio\\\/sucesos\\\/hasta-14-horas-sin-agua-estas-zonas-de-guayaquil-y-cantones-vecinos-seran-afectadas\\\/\",\"name\":\"Hasta 14 horas sin agua: estas zonas de Guayaquil y cantones vecinos ser\u00e1n afectadas - 92.5 FOREVER Radio\",\"isPartOf\":{\"@id\":\"https:\\\/\\\/foreverfutbol.com.ec\\\/radio\\\/#website\"},\"primaryImageOfPage\":{\"@id\":\"https:\\\/\\\/foreverfutbol.com.ec\\\/radio\\\/sucesos\\\/hasta-14-horas-sin-agua-estas-zonas-de-guayaquil-y-cantones-vecinos-seran-afectadas\\\/#primaryimage\"},\"image\":{\"@id\":\"https:\\\/\\\/foreverfutbol.com.ec\\\/radio\\\/sucesos\\\/hasta-14-horas-sin-agua-estas-zonas-de-guayaquil-y-cantones-vecinos-seran-afectadas\\\/#primaryimage\"},\"thumbnailUrl\":\"https:\\\/\\\/foreverfutbol.com.ec\\\/radio\\\/wp-content\\\/uploads\\\/2025\\\/11\\\/image-84-1.webp\",\"datePublished\":\"2025-11-06T19:26:19+00:00\",\"dateModified\":\"2025-11-06T19:26:20+00:00\",\"description\":\"Corte de agua en Guayaquil este domingo 9 de noviembre afectar\u00e1 a sectores del norte, centro, sur, v\u00eda a la costa y cantones vecinos\",\"breadcrumb\":{\"@id\":\"https:\\\/\\\/foreverfutbol.com.ec\\\/radio\\\/sucesos\\\/hasta-14-horas-sin-agua-estas-zonas-de-guayaquil-y-cantones-vecinos-seran-afectadas\\\/#breadcrumb\"},\"inLanguage\":\"es\",\"potentialAction\":[{\"@type\":\"ReadAction\",\"target\":[\"https:\\\/\\\/foreverfutbol.com.ec\\\/radio\\\/sucesos\\\/hasta-14-horas-sin-agua-estas-zonas-de-guayaquil-y-cantones-vecinos-seran-afectadas\\\/\"]}]},{\"@type\":\"ImageObject\",\"inLanguage\":\"es\",\"@id\":\"https:\\\/\\\/foreverfutbol.com.ec\\\/radio\\\/sucesos\\\/hasta-14-horas-sin-agua-estas-zonas-de-guayaquil-y-cantones-vecinos-seran-afectadas\\\/#primaryimage\",\"url\":\"https:\\\/\\\/foreverfutbol.com.ec\\\/radio\\\/wp-content\\\/uploads\\\/2025\\\/11\\\/image-84-1.webp\",\"contentUrl\":\"https:\\\/\\\/foreverfutbol.com.ec\\\/radio\\\/wp-content\\\/uploads\\\/2025\\\/11\\\/image-84-1.webp\",\"width\":893,\"height\":670},{\"@type\":\"BreadcrumbList\",\"@id\":\"https:\\\/\\\/foreverfutbol.com.ec\\\/radio\\\/sucesos\\\/hasta-14-horas-sin-agua-estas-zonas-de-guayaquil-y-cantones-vecinos-seran-afectadas\\\/#breadcrumb\",\"itemListElement\":[{\"@type\":\"ListItem\",\"position\":1,\"name\":\"Portada\",\"item\":\"https:\\\/\\\/foreverfutbol.com.ec\\\/radio\\\/\"},{\"@type\":\"ListItem\",\"position\":2,\"name\":\"Hasta 14 horas sin agua: estas zonas de Guayaquil y cantones vecinos ser\u00e1n afectadas\"}]},{\"@type\":\"WebSite\",\"@id\":\"https:\\\/\\\/foreverfutbol.com.ec\\\/radio\\\/#website\",\"url\":\"https:\\\/\\\/foreverfutbol.com.ec\\\/radio\\\/\",\"name\":\"92.5 FOREVER Radio\",\"description\":\"\",\"publisher\":{\"@id\":\"https:\\\/\\\/foreverfutbol.com.ec\\\/radio\\\/#organization\"},\"potentialAction\":[{\"@type\":\"SearchAction\",\"target\":{\"@type\":\"EntryPoint\",\"urlTemplate\":\"https:\\\/\\\/foreverfutbol.com.ec\\\/radio\\\/?s={search_term_string}\"},\"query-input\":{\"@type\":\"PropertyValueSpecification\",\"valueRequired\":true,\"valueName\":\"search_term_string\"}}],\"inLanguage\":\"es\"},{\"@type\":\"Organization\",\"@id\":\"https:\\\/\\\/foreverfutbol.com.ec\\\/radio\\\/#organization\",\"name\":\"92.5 FOREVER Radio\",\"url\":\"https:\\\/\\\/foreverfutbol.com.ec\\\/radio\\\/\",\"logo\":{\"@type\":\"ImageObject\",\"inLanguage\":\"es\",\"@id\":\"https:\\\/\\\/foreverfutbol.com.ec\\\/radio\\\/#\\\/schema\\\/logo\\\/image\\\/\",\"url\":\"https:\\\/\\\/foreverfutbol.com.ec\\\/radio\\\/wp-content\\\/uploads\\\/2024\\\/01\\\/cropped-logo-forever.png\",\"contentUrl\":\"https:\\\/\\\/foreverfutbol.com.ec\\\/radio\\\/wp-content\\\/uploads\\\/2024\\\/01\\\/cropped-logo-forever.png\",\"width\":180,\"height\":154,\"caption\":\"92.5 FOREVER Radio\"},\"image\":{\"@id\":\"https:\\\/\\\/foreverfutbol.com.ec\\\/radio\\\/#\\\/schema\\\/logo\\\/image\\\/\"},\"sameAs\":[\"https:\\\/\\\/www.facebook.com\\\/profile.php?id=100063550693491\",\"https:\\\/\\\/x.com\\\/925forever\",\"https:\\\/\\\/www.instagram.com\\\/radioforever925\\\/\"]},{\"@type\":\"Person\",\"@id\":\"https:\\\/\\\/foreverfutbol.com.ec\\\/radio\\\/#\\\/schema\\\/person\\\/2f679dd16f889ac00df6e7b648062a01\",\"name\":\"Ricardo Rodriguez\",\"image\":{\"@type\":\"ImageObject\",\"inLanguage\":\"es\",\"@id\":\"https:\\\/\\\/secure.gravatar.com\\\/avatar\\\/5d9dfb95700bd0c503ed088d29de94822b5cc66a74cb0362774e6fc534823d07?s=96&d=mm&r=g\",\"url\":\"https:\\\/\\\/secure.gravatar.com\\\/avatar\\\/5d9dfb95700bd0c503ed088d29de94822b5cc66a74cb0362774e6fc534823d07?s=96&d=mm&r=g\",\"contentUrl\":\"https:\\\/\\\/secure.gravatar.com\\\/avatar\\\/5d9dfb95700bd0c503ed088d29de94822b5cc66a74cb0362774e6fc534823d07?s=96&d=mm&r=g\",\"caption\":\"Ricardo Rodriguez\"},\"sameAs\":[\"https:\\\/\\\/foreverfutbol.com.ec\\\/radio\"],\"url\":\"https:\\\/\\\/foreverfutbol.com.ec\\\/radio\\\/author\\\/superdmin\\\/\"}]}<\/script>\n<!-- \/ Yoast SEO plugin. -->","yoast_head_json":{"title":"Hasta 14 horas sin agua: estas zonas de Guayaquil y cantones vecinos ser\u00e1n afectadas - 92.5 FOREVER Radio","description":"Corte de agua en Guayaquil este domingo 9 de noviembre afectar\u00e1 a sectores del norte, centro, sur, v\u00eda a la costa y cantones vecinos","robots":{"index":"index","follow":"follow","max-snippet":"max-snippet:-1","max-image-preview":"max-image-preview:large","max-video-preview":"max-video-preview:-1"},"canonical":"https:\/\/foreverfutbol.com.ec\/radio\/sucesos\/hasta-14-horas-sin-agua-estas-zonas-de-guayaquil-y-cantones-vecinos-seran-afectadas\/","og_locale":"es_ES","og_type":"article","og_title":"Hasta 14 horas sin agua: estas zonas de Guayaquil y cantones vecinos ser\u00e1n afectadas - 92.5 FOREVER Radio","og_description":"Corte de agua en Guayaquil este domingo 9 de noviembre afectar\u00e1 a sectores del norte, centro, sur, v\u00eda a la costa y cantones vecinos","og_url":"https:\/\/foreverfutbol.com.ec\/radio\/sucesos\/hasta-14-horas-sin-agua-estas-zonas-de-guayaquil-y-cantones-vecinos-seran-afectadas\/","og_site_name":"92.5 FOREVER Radio","article_publisher":"https:\/\/www.facebook.com\/profile.php?id=100063550693491","article_published_time":"2025-11-06T19:26:19+00:00","article_modified_time":"2025-11-06T19:26:20+00:00","og_image":[{"width":893,"height":670,"url":"https:\/\/foreverfutbol.com.ec\/radio\/wp-content\/uploads\/2025\/11\/image-84-1.webp","type":"image\/webp"}],"author":"Ricardo Rodriguez","twitter_card":"summary_large_image","twitter_creator":"@925forever","twitter_site":"@925forever","twitter_misc":{"Escrito por":"Ricardo Rodriguez","Tiempo de lectura":"3 minutos"},"schema":{"@context":"https:\/\/schema.org","@graph":[{"@type":"Article","@id":"https:\/\/foreverfutbol.com.ec\/radio\/sucesos\/hasta-14-horas-sin-agua-estas-zonas-de-guayaquil-y-cantones-vecinos-seran-afectadas\/#article","isPartOf":{"@id":"https:\/\/foreverfutbol.com.ec\/radio\/sucesos\/hasta-14-horas-sin-agua-estas-zonas-de-guayaquil-y-cantones-vecinos-seran-afectadas\/"},"author":{"name":"Ricardo Rodriguez","@id":"https:\/\/foreverfutbol.com.ec\/radio\/#\/schema\/person\/2f679dd16f889ac00df6e7b648062a01"},"headline":"Hasta 14 horas sin agua: estas zonas de Guayaquil y cantones vecinos ser\u00e1n afectadas","datePublished":"2025-11-06T19:26:19+00:00","dateModified":"2025-11-06T19:26:20+00:00","mainEntityOfPage":{"@id":"https:\/\/foreverfutbol.com.ec\/radio\/sucesos\/hasta-14-horas-sin-agua-estas-zonas-de-guayaquil-y-cantones-vecinos-seran-afectadas\/"},"wordCount":647,"commentCount":0,"publisher":{"@id":"https:\/\/foreverfutbol.com.ec\/radio\/#organization"},"image":{"@id":"https:\/\/foreverfutbol.com.ec\/radio\/sucesos\/hasta-14-horas-sin-agua-estas-zonas-de-guayaquil-y-cantones-vecinos-seran-afectadas\/#primaryimage"},"thumbnailUrl":"https:\/\/foreverfutbol.com.ec\/radio\/wp-content\/uploads\/2025\/11\/image-84-1.webp","articleSection":["Sucesos"],"inLanguage":"es","potentialAction":[{"@type":"CommentAction","name":"Comment","target":["https:\/\/foreverfutbol.com.ec\/radio\/sucesos\/hasta-14-horas-sin-agua-estas-zonas-de-guayaquil-y-cantones-vecinos-seran-afectadas\/#respond"]}]},{"@type":"WebPage","@id":"https:\/\/foreverfutbol.com.ec\/radio\/sucesos\/hasta-14-horas-sin-agua-estas-zonas-de-guayaquil-y-cantones-vecinos-seran-afectadas\/","url":"https:\/\/foreverfutbol.com.ec\/radio\/sucesos\/hasta-14-horas-sin-agua-estas-zonas-de-guayaquil-y-cantones-vecinos-seran-afectadas\/","name":"Hasta 14 horas sin agua: estas zonas de Guayaquil y cantones vecinos ser\u00e1n afectadas - 92.5 FOREVER Radio","isPartOf":{"@id":"https:\/\/foreverfutbol.com.ec\/radio\/#website"},"primaryImageOfPage":{"@id":"https:\/\/foreverfutbol.com.ec\/radio\/sucesos\/hasta-14-horas-sin-agua-estas-zonas-de-guayaquil-y-cantones-vecinos-seran-afectadas\/#primaryimage"},"image":{"@id":"https:\/\/foreverfutbol.com.ec\/radio\/sucesos\/hasta-14-horas-sin-agua-estas-zonas-de-guayaquil-y-cantones-vecinos-seran-afectadas\/#primaryimage"},"thumbnailUrl":"https:\/\/foreverfutbol.com.ec\/radio\/wp-content\/uploads\/2025\/11\/image-84-1.webp","datePublished":"2025-11-06T19:26:19+00:00","dateModified":"2025-11-06T19:26:20+00:00","description":"Corte de agua en Guayaquil este domingo 9 de noviembre afectar\u00e1 a sectores del norte, centro, sur, v\u00eda a la costa y cantones vecinos","breadcrumb":{"@id":"https:\/\/foreverfutbol.com.ec\/radio\/sucesos\/hasta-14-horas-sin-agua-estas-zonas-de-guayaquil-y-cantones-vecinos-seran-afectadas\/#breadcrumb"},"inLanguage":"es","potentialAction":[{"@type":"ReadAction","target":["https:\/\/foreverfutbol.com.ec\/radio\/sucesos\/hasta-14-horas-sin-agua-estas-zonas-de-guayaquil-y-cantones-vecinos-seran-afectadas\/"]}]},{"@type":"ImageObject","inLanguage":"es","@id":"https:\/\/foreverfutbol.com.ec\/radio\/sucesos\/hasta-14-horas-sin-agua-estas-zonas-de-guayaquil-y-cantones-vecinos-seran-afectadas\/#primaryimage","url":"https:\/\/foreverfutbol.com.ec\/radio\/wp-content\/uploads\/2025\/11\/image-84-1.webp","contentUrl":"https:\/\/foreverfutbol.com.ec\/radio\/wp-content\/uploads\/2025\/11\/image-84-1.webp","width":893,"height":670},{"@type":"BreadcrumbList","@id":"https:\/\/foreverfutbol.com.ec\/radio\/sucesos\/hasta-14-horas-sin-agua-estas-zonas-de-guayaquil-y-cantones-vecinos-seran-afectadas\/#breadcrumb","itemListElement":[{"@type":"ListItem","position":1,"name":"Portada","item":"https:\/\/foreverfutbol.com.ec\/radio\/"},{"@type":"ListItem","position":2,"name":"Hasta 14 horas sin agua: estas zonas de Guayaquil y cantones vecinos ser\u00e1n afectadas"}]},{"@type":"WebSite","@id":"https:\/\/foreverfutbol.com.ec\/radio\/#website","url":"https:\/\/foreverfutbol.com.ec\/radio\/","name":"92.5 FOREVER Radio","description":"","publisher":{"@id":"https:\/\/foreverfutbol.com.ec\/radio\/#organization"},"potentialAction":[{"@type":"SearchAction","target":{"@type":"EntryPoint","urlTemplate":"https:\/\/foreverfutbol.com.ec\/radio\/?s={search_term_string}"},"query-input":{"@type":"PropertyValueSpecification","valueRequired":true,"valueName":"search_term_string"}}],"inLanguage":"es"},{"@type":"Organization","@id":"https:\/\/foreverfutbol.com.ec\/radio\/#organization","name":"92.5 FOREVER Radio","url":"https:\/\/foreverfutbol.com.ec\/radio\/","logo":{"@type":"ImageObject","inLanguage":"es","@id":"https:\/\/foreverfutbol.com.ec\/radio\/#\/schema\/logo\/image\/","url":"https:\/\/foreverfutbol.com.ec\/radio\/wp-content\/uploads\/2024\/01\/cropped-logo-forever.png","contentUrl":"https:\/\/foreverfutbol.com.ec\/radio\/wp-content\/uploads\/2024\/01\/cropped-logo-forever.png","width":180,"height":154,"caption":"92.5 FOREVER Radio"},"image":{"@id":"https:\/\/foreverfutbol.com.ec\/radio\/#\/schema\/logo\/image\/"},"sameAs":["https:\/\/www.facebook.com\/profile.php?id=100063550693491","https:\/\/x.com\/925forever","https:\/\/www.instagram.com\/radioforever925\/"]},{"@type":"Person","@id":"https:\/\/foreverfutbol.com.ec\/radio\/#\/schema\/person\/2f679dd16f889ac00df6e7b648062a01","name":"Ricardo Rodriguez","image":{"@type":"ImageObject","inLanguage":"es","@id":"https:\/\/secure.gravatar.com\/avatar\/5d9dfb95700bd0c503ed088d29de94822b5cc66a74cb0362774e6fc534823d07?s=96&d=mm&r=g","url":"https:\/\/secure.gravatar.com\/avatar\/5d9dfb95700bd0c503ed088d29de94822b5cc66a74cb0362774e6fc534823d07?s=96&d=mm&r=g","contentUrl":"https:\/\/secure.gravatar.com\/avatar\/5d9dfb95700bd0c503ed088d29de94822b5cc66a74cb0362774e6fc534823d07?s=96&d=mm&r=g","caption":"Ricardo Rodriguez"},"sameAs":["https:\/\/foreverfutbol.com.ec\/radio"],"url":"https:\/\/foreverfutbol.com.ec\/radio\/author\/superdmin\/"}]}},"_links":{"self":[{"href":"https:\/\/foreverfutbol.com.ec\/radio\/wp-json\/wp\/v2\/posts\/23789","targetHints":{"allow":["GET"]}}],"collection":[{"href":"https:\/\/foreverfutbol.com.ec\/radio\/wp-json\/wp\/v2\/posts"}],"about":[{"href":"https:\/\/foreverfutbol.com.ec\/radio\/wp-json\/wp\/v2\/types\/post"}],"author":[{"embeddable":true,"href":"https:\/\/foreverfutbol.com.ec\/radio\/wp-json\/wp\/v2\/users\/1"}],"replies":[{"embeddable":true,"href":"https:\/\/foreverfutbol.com.ec\/radio\/wp-json\/wp\/v2\/comments?post=23789"}],"version-history":[{"count":1,"href":"https:\/\/foreverfutbol.com.ec\/radio\/wp-json\/wp\/v2\/posts\/23789\/revisions"}],"predecessor-version":[{"id":23791,"href":"https:\/\/foreverfutbol.com.ec\/radio\/wp-json\/wp\/v2\/posts\/23789\/revisions\/23791"}],"wp:featuredmedia":[{"embeddable":true,"href":"https:\/\/foreverfutbol.com.ec\/radio\/wp-json\/wp\/v2\/media\/23790"}],"wp:attachment":[{"href":"https:\/\/foreverfutbol.com.ec\/radio\/wp-json\/wp\/v2\/media?parent=23789"}],"wp:term":[{"taxonomy":"category","embeddable":true,"href":"https:\/\/foreverfutbol.com.ec\/radio\/wp-json\/wp\/v2\/categories?post=23789"},{"taxonomy":"post_tag","embeddable":true,"href":"https:\/\/foreverfutbol.com.ec\/radio\/wp-json\/wp\/v2\/tags?post=23789"}],"curies":[{"name":"wp","href":"https:\/\/api.w.org\/{rel}","templated":true}]}}