{"id":23040,"date":"2025-10-16T15:21:00","date_gmt":"2025-10-16T20:21:00","guid":{"rendered":"https:\/\/foreverfutbol.com.ec\/radio\/?p=23040"},"modified":"2026-05-11T15:13:31","modified_gmt":"2026-05-11T20:13:31","slug":"sube-a-70-la-cifra-de-muertos-por-inundaciones-y-deslaves-mexico","status":"publish","type":"post","link":"https:\/\/foreverfutbol.com.ec\/radio\/internacional\/sube-a-70-la-cifra-de-muertos-por-inundaciones-y-deslaves-mexico\/","title":{"rendered":"Sube a 70 la cifra de muertos por inundaciones y deslaves  M\u00e9xico"},"content":{"rendered":"\n<h2 class=\"wp-block-heading\"><strong>Contexto general del desastre: cifras alarmantes<\/strong><\/h2>\n\n\n\n<p class=\"wp-block-paragraph\">En los \u00faltimos d\u00edas, <strong>M\u00e9xico vive una de sus peores tragedias clim\u00e1ticas recientes<\/strong>. Las intensas lluvias han desatado inundaciones y deslaves que han cobrado la vida de <strong>70 personas confirmadas<\/strong> y mantienen desaparecidas a unas <strong>72 personas<\/strong>, seg\u00fan el balance oficial. La presidenta Claudia Sheinbaum inform\u00f3 que la distribuci\u00f3n de las muertes es la siguiente: <strong>30 en Veracruz, 21 en Hidalgo, 18 en Puebla y una en Quer\u00e9taro<\/strong>.<\/p>\n\n\n\n<p class=\"wp-block-paragraph\">Adem\u00e1s, unas <strong>160 localidades<\/strong> permanecen aisladas, sin conexi\u00f3n vial ni acceso efectivo a servicios b\u00e1sicos, debido a da\u00f1os severos en carreteras, puentes y v\u00edas de comunicaci\u00f3n. El estado de <strong>Hidalgo<\/strong>, situado en una regi\u00f3n monta\u00f1osa cercana a la capital, acumula el mayor n\u00famero de municipios incomunicados: <strong>84 en total<\/strong>. Esta cat\u00e1strofe ha desbordado la capacidad de respuesta local y evidencia la magnitud del desastre.<\/p>\n\n\n\n<h2 class=\"wp-block-heading\"><strong>Estados m\u00e1s afectados: Veracruz, Hidalgo y Puebla en crisis<\/strong><\/h2>\n\n\n\n<h3 class=\"wp-block-heading\"><strong>Veracruz: inundaciones fulminantes y municipios devastados<\/strong><\/h3>\n\n\n\n<p class=\"wp-block-paragraph\">Veracruz, con su extensa costa en el Golfo de M\u00e9xico, fue uno de los territorios m\u00e1s golpeados. Sus \u201cr\u00edos de respuesta r\u00e1pida\u201d \u2014cursos de agua que pueden elevar su caudal en cuesti\u00f3n de horas\u2014 se desbordaron abruptamente y arrastraron viviendas y cultivos. Diversas localidades veracruzanas quedaron sumergidas, con p\u00e9rdidas de bienes materiales, cultivos y vidas humanas. La geograf\u00eda costera y el clima tropical convierten a Veracruz en zona vulnerable ante lluvias extremas.<\/p>\n\n\n\n<h3 class=\"wp-block-heading\"><strong>Hidalgo: aislamiento, deslaves y da\u00f1os estructurales<\/strong><\/h3>\n\n\n\n<p class=\"wp-block-paragraph\">El territorio hidalguense concentra el mayor n\u00famero de municipios sin acceso. Las monta\u00f1as que definen esta regi\u00f3n son propensas a deslizamientos, cuando la tierra saturada cede y arrastra fragmentos de monta\u00f1a carretera abajo. El efecto se traduce en carreteras destruidas, puentes colapsados e imposibilidad de llevar ayuda. Las comunidades serranas han perdido su patrimonio: viviendas colapsadas, reservas alimentarias arruinadas, ganado perdido y severa falta de servicios m\u00e9dicos.<\/p>\n\n\n\n<h3 class=\"wp-block-heading\"><strong>Puebla y Quer\u00e9taro: efectos secundarios del fen\u00f3meno clim\u00e1tico<\/strong><\/h3>\n\n\n\n<p class=\"wp-block-paragraph\">Puebla, vecino de Hidalgo, sufri\u00f3 tambi\u00e9n deslaves e inundaciones menores, que terminaron en <strong>18 muertes confirmadas<\/strong>. Sus municipios fronterizos con la Sierra mantuvieron rutas bloqueadas y evacuaciones urgentes. En Quer\u00e9taro, aunque el n\u00famero es menor (una persona fallecida), se reportan da\u00f1os en infraestructura y cortes carreteros.<\/p>\n\n\n\n<h2 class=\"wp-block-heading\"><strong>Causas profundas del desastre: lluvias extremas y vulnerabilidad territorial<\/strong><\/h2>\n\n\n\n<h3 class=\"wp-block-heading\"><strong>Fen\u00f3meno meteorol\u00f3gico inusual<\/strong><\/h3>\n\n\n\n<p class=\"wp-block-paragraph\">El origen de esta tragedia es una sequ\u00eda prolongada seguida de precipitaciones at\u00edpicamente intensas durante varios d\u00edas consecutivos. Los modelos meteorol\u00f3gicos indican que sistemas frontales y canales de baja presi\u00f3n convergieron en el centro y este del pa\u00eds, generando lluvias que superaron los par\u00e1metros hist\u00f3ricos en muchos sitios.<\/p>\n\n\n\n<h3 class=\"wp-block-heading\"><strong>Deficiencias en planificaci\u00f3n urbana y ordenamiento territorial<\/strong><\/h3>\n\n\n\n<p class=\"wp-block-paragraph\">Muchas de las localidades m\u00e1s golpeadas crecieron sin ordenamiento del suelo ni estudios de riesgo. Casas construidas en laderas, riberas de r\u00edos o zonas de derrumbe se volvieron altamente vulnerables ante la saturaci\u00f3n del suelo y la fuerza del agua. La carencia de infraestructura de drenaje adecuada y de barreras naturales de contenci\u00f3n (vegetaci\u00f3n, muros de contenci\u00f3n) intensific\u00f3 los efectos destructivos.<\/p>\n\n\n\n<h3 class=\"wp-block-heading\"><strong>Desgaste de ecosistemas y cambio clim\u00e1tico acelerado<\/strong><\/h3>\n\n\n\n<p class=\"wp-block-paragraph\">El cambio clim\u00e1tico agrava la frecuencia y severidad de lluvias extremas. Al mismo tiempo, la deforestaci\u00f3n, la miner\u00eda y la urbanizaci\u00f3n impiden que el suelo retenga agua, incrementando el escurrimiento superficial. Las cuencas hidrogr\u00e1ficas degradadas no amortiguan las avenidas pluviales, volvi\u00e9ndolas m\u00e1s abruptas y peligrosas.<\/p>\n\n\n\n<h2 class=\"wp-block-heading\"><strong>Respuesta estatal y federal: esfuerzos, logros y retos pendientes<\/strong><\/h2>\n\n\n\n<h3 class=\"wp-block-heading\"><strong>Despliegue masivo de fuerzas armadas y log\u00edsticas<\/strong><\/h3>\n\n\n\n<p class=\"wp-block-paragraph\">El gobierno ha desplegado m\u00e1s de <strong>12 700 militares del Ej\u00e9rcito y de la Marina<\/strong> para asistir en rescates, distribuci\u00f3n de v\u00edveres y apoyo log\u00edstico. Se han establecido <strong>puentes a\u00e9reos y mar\u00edtimos<\/strong> para trasladar alimentos, medicinas y equipos a las poblaciones inaccesibles. Esta estrategia ha permitido llegar a zonas aisladas y reducir el tiempo de auxilio.<\/p>\n\n\n\n<h3 class=\"wp-block-heading\"><strong>Coordinaci\u00f3n interinstitucional y evaluaciones emergentes<\/strong><\/h3>\n\n\n\n<p class=\"wp-block-paragraph\">Conjuntamente con gobiernos estatales y municipales, la Secretar\u00eda de Seguridad, Protecci\u00f3n Civil y otros organismos han desplegado brigadas de evaluaci\u00f3n estructural, monitoreo de r\u00edos y puesta en marcha de refugios temporales. El mapeo r\u00e1pido de zonas cr\u00edticas ha sido prioritario para anticipar nuevos deslaves o crecidas.<\/p>\n\n\n\n<h3 class=\"wp-block-heading\"><strong>Desaf\u00edos persistentes: log\u00edstica, recursos y rehabilitaci\u00f3n<\/strong><\/h3>\n\n\n\n<p class=\"wp-block-paragraph\">A pesar de los esfuerzos, persisten limitaciones: caminos destruidos dificultan el paso de cargamentos pesados, y muchas comunidades rurales no cuentan con rutas alternas. La reconstrucci\u00f3n estructural requerir\u00e1 recursos millonarios, plazos extendidos y planes de resiliencia para futuras contingencias.<\/p>\n\n\n\n<h2 class=\"wp-block-heading\"><strong>Impacto humano y social: drama de millones y llamados urgentes<\/strong><\/h2>\n\n\n\n<h3 class=\"wp-block-heading\"><strong>P\u00e9rdidas humanas y familias afectadas<\/strong><\/h3>\n\n\n\n<p class=\"wp-block-paragraph\">Las cifras oficiales (70 muertos, 72 desaparecidos) apenas comienzan a dimensionar la tragedia. Detr\u00e1s de esos n\u00fameros hay familias devastadas, hu\u00e9rfanos, desplazados y comunidades enteras sin techo ni sustento. Muchas personas perdieron todo en cuesti\u00f3n de minutos: vivienda, documentos, cultivos, animales dom\u00e9sticos.<\/p>\n\n\n\n<h3 class=\"wp-block-heading\"><strong>Aislamiento social y crisis humanitaria<\/strong><\/h3>\n\n\n\n<p class=\"wp-block-paragraph\">Las localidades incomunicadas viven una emergencia humanitaria. La falta de acceso a alimentos, agua potable, atenci\u00f3n m\u00e9dica y servicios b\u00e1sicos agrava el sufrimiento. En zonas monta\u00f1osas, la geograf\u00eda misma impone costosos traslados de apoyo, lo que ralentiza las acciones y aumenta la sensaci\u00f3n de abandono.<\/p>\n\n\n\n<h3 class=\"wp-block-heading\"><strong>Apoyo comunitario y resiliencia local<\/strong><\/h3>\n\n\n\n<p class=\"wp-block-paragraph\">En muchos pueblos, las propias comunidades se autorganizan: los vecinos colaboran en limpieza de escombros, apertura de senderos provisionales, alojamiento emergente y vigilancia mutua. Esa solidaridad local es clave mientras llega el auxilio externo.<\/p>\n","protected":false},"excerpt":{"rendered":"<p>Contexto general del desastre: cifras alarmantes En los \u00faltimos d\u00edas, M\u00e9xico vive una de sus peores tragedias clim\u00e1ticas recientes. Las intensas lluvias han desatado inundaciones y deslaves que han cobrado la vida de 70 personas confirmadas y mantienen desaparecidas a unas 72 personas, seg\u00fan el balance oficial. La presidenta Claudia Sheinbaum inform\u00f3 que la distribuci\u00f3n [&hellip;]<\/p>\n","protected":false},"author":1,"featured_media":23041,"comment_status":"open","ping_status":"open","sticky":false,"template":"","format":"standard","meta":{"footnotes":""},"categories":[183,54],"tags":[],"class_list":["post-23040","post","type-post","status-publish","format-standard","has-post-thumbnail","hentry","category-claudia-sheinbaum","category-internacional"],"yoast_head":"<!-- This site is optimized with the Yoast SEO plugin v28.3 - https:\/\/yoast.com\/product\/yoast-seo-wordpress\/ -->\n<title>Sube a 70 la cifra de muertos por inundaciones y deslaves M\u00e9xico - 92.5 FOREVER Radio<\/title>\n<meta name=\"description\" content=\"La cifra de muertos por las devastadoras inundaciones y deslaves en M\u00e9xico sube a 70, con m\u00e1s de 70 personas desaparecidas y comunidades\" \/>\n<meta name=\"robots\" content=\"index, follow, max-snippet:-1, max-image-preview:large, max-video-preview:-1\" \/>\n<link rel=\"canonical\" href=\"https:\/\/foreverfutbol.com.ec\/radio\/internacional\/sube-a-70-la-cifra-de-muertos-por-inundaciones-y-deslaves-mexico\/\" \/>\n<meta property=\"og:locale\" content=\"es_ES\" \/>\n<meta property=\"og:type\" content=\"article\" \/>\n<meta property=\"og:title\" content=\"Sube a 70 la cifra de muertos por inundaciones y deslaves M\u00e9xico - 92.5 FOREVER Radio\" \/>\n<meta property=\"og:description\" content=\"La cifra de muertos por las devastadoras inundaciones y deslaves en M\u00e9xico sube a 70, con m\u00e1s de 70 personas desaparecidas y comunidades\" \/>\n<meta property=\"og:url\" content=\"https:\/\/foreverfutbol.com.ec\/radio\/internacional\/sube-a-70-la-cifra-de-muertos-por-inundaciones-y-deslaves-mexico\/\" \/>\n<meta property=\"og:site_name\" content=\"92.5 FOREVER Radio\" \/>\n<meta property=\"article:publisher\" content=\"https:\/\/www.facebook.com\/profile.php?id=100063550693491\" \/>\n<meta property=\"article:published_time\" content=\"2025-10-16T20:21:00+00:00\" \/>\n<meta property=\"article:modified_time\" content=\"2026-05-11T20:13:31+00:00\" \/>\n<meta property=\"og:image\" content=\"https:\/\/foreverfutbol.com.ec\/radio\/wp-content\/uploads\/2025\/10\/image-38.png\" \/>\n\t<meta property=\"og:image:width\" content=\"1005\" \/>\n\t<meta property=\"og:image:height\" content=\"670\" \/>\n\t<meta property=\"og:image:type\" content=\"image\/png\" \/>\n<meta name=\"author\" content=\"Ricardo Rodriguez\" \/>\n<meta name=\"twitter:card\" content=\"summary_large_image\" \/>\n<meta name=\"twitter:creator\" content=\"@925forever\" \/>\n<meta name=\"twitter:site\" content=\"@925forever\" \/>\n<meta name=\"twitter:label1\" content=\"Escrito por\" \/>\n\t<meta name=\"twitter:data1\" content=\"Ricardo Rodriguez\" \/>\n\t<meta name=\"twitter:label2\" content=\"Tiempo de lectura\" \/>\n\t<meta name=\"twitter:data2\" content=\"5 minutos\" \/>\n<script type=\"application\/ld+json\" class=\"yoast-schema-graph\">{\"@context\":\"https:\\\/\\\/schema.org\",\"@graph\":[{\"@type\":\"Article\",\"@id\":\"https:\\\/\\\/foreverfutbol.com.ec\\\/radio\\\/internacional\\\/sube-a-70-la-cifra-de-muertos-por-inundaciones-y-deslaves-mexico\\\/#article\",\"isPartOf\":{\"@id\":\"https:\\\/\\\/foreverfutbol.com.ec\\\/radio\\\/internacional\\\/sube-a-70-la-cifra-de-muertos-por-inundaciones-y-deslaves-mexico\\\/\"},\"author\":{\"name\":\"Ricardo Rodriguez\",\"@id\":\"https:\\\/\\\/foreverfutbol.com.ec\\\/radio\\\/#\\\/schema\\\/person\\\/2f679dd16f889ac00df6e7b648062a01\"},\"headline\":\"Sube a 70 la cifra de muertos por inundaciones y deslaves M\u00e9xico\",\"datePublished\":\"2025-10-16T20:21:00+00:00\",\"dateModified\":\"2026-05-11T20:13:31+00:00\",\"mainEntityOfPage\":{\"@id\":\"https:\\\/\\\/foreverfutbol.com.ec\\\/radio\\\/internacional\\\/sube-a-70-la-cifra-de-muertos-por-inundaciones-y-deslaves-mexico\\\/\"},\"wordCount\":939,\"commentCount\":0,\"publisher\":{\"@id\":\"https:\\\/\\\/foreverfutbol.com.ec\\\/radio\\\/#organization\"},\"image\":{\"@id\":\"https:\\\/\\\/foreverfutbol.com.ec\\\/radio\\\/internacional\\\/sube-a-70-la-cifra-de-muertos-por-inundaciones-y-deslaves-mexico\\\/#primaryimage\"},\"thumbnailUrl\":\"https:\\\/\\\/foreverfutbol.com.ec\\\/radio\\\/wp-content\\\/uploads\\\/2025\\\/10\\\/image-38.png\",\"articleSection\":[\"Claudia Sheinbaum\",\"Internacional\"],\"inLanguage\":\"es\",\"potentialAction\":[{\"@type\":\"CommentAction\",\"name\":\"Comment\",\"target\":[\"https:\\\/\\\/foreverfutbol.com.ec\\\/radio\\\/internacional\\\/sube-a-70-la-cifra-de-muertos-por-inundaciones-y-deslaves-mexico\\\/#respond\"]}]},{\"@type\":\"WebPage\",\"@id\":\"https:\\\/\\\/foreverfutbol.com.ec\\\/radio\\\/internacional\\\/sube-a-70-la-cifra-de-muertos-por-inundaciones-y-deslaves-mexico\\\/\",\"url\":\"https:\\\/\\\/foreverfutbol.com.ec\\\/radio\\\/internacional\\\/sube-a-70-la-cifra-de-muertos-por-inundaciones-y-deslaves-mexico\\\/\",\"name\":\"Sube a 70 la cifra de muertos por inundaciones y deslaves M\u00e9xico - 92.5 FOREVER Radio\",\"isPartOf\":{\"@id\":\"https:\\\/\\\/foreverfutbol.com.ec\\\/radio\\\/#website\"},\"primaryImageOfPage\":{\"@id\":\"https:\\\/\\\/foreverfutbol.com.ec\\\/radio\\\/internacional\\\/sube-a-70-la-cifra-de-muertos-por-inundaciones-y-deslaves-mexico\\\/#primaryimage\"},\"image\":{\"@id\":\"https:\\\/\\\/foreverfutbol.com.ec\\\/radio\\\/internacional\\\/sube-a-70-la-cifra-de-muertos-por-inundaciones-y-deslaves-mexico\\\/#primaryimage\"},\"thumbnailUrl\":\"https:\\\/\\\/foreverfutbol.com.ec\\\/radio\\\/wp-content\\\/uploads\\\/2025\\\/10\\\/image-38.png\",\"datePublished\":\"2025-10-16T20:21:00+00:00\",\"dateModified\":\"2026-05-11T20:13:31+00:00\",\"description\":\"La cifra de muertos por las devastadoras inundaciones y deslaves en M\u00e9xico sube a 70, con m\u00e1s de 70 personas desaparecidas y comunidades\",\"breadcrumb\":{\"@id\":\"https:\\\/\\\/foreverfutbol.com.ec\\\/radio\\\/internacional\\\/sube-a-70-la-cifra-de-muertos-por-inundaciones-y-deslaves-mexico\\\/#breadcrumb\"},\"inLanguage\":\"es\",\"potentialAction\":[{\"@type\":\"ReadAction\",\"target\":[\"https:\\\/\\\/foreverfutbol.com.ec\\\/radio\\\/internacional\\\/sube-a-70-la-cifra-de-muertos-por-inundaciones-y-deslaves-mexico\\\/\"]}]},{\"@type\":\"ImageObject\",\"inLanguage\":\"es\",\"@id\":\"https:\\\/\\\/foreverfutbol.com.ec\\\/radio\\\/internacional\\\/sube-a-70-la-cifra-de-muertos-por-inundaciones-y-deslaves-mexico\\\/#primaryimage\",\"url\":\"https:\\\/\\\/foreverfutbol.com.ec\\\/radio\\\/wp-content\\\/uploads\\\/2025\\\/10\\\/image-38.png\",\"contentUrl\":\"https:\\\/\\\/foreverfutbol.com.ec\\\/radio\\\/wp-content\\\/uploads\\\/2025\\\/10\\\/image-38.png\",\"width\":1005,\"height\":670},{\"@type\":\"BreadcrumbList\",\"@id\":\"https:\\\/\\\/foreverfutbol.com.ec\\\/radio\\\/internacional\\\/sube-a-70-la-cifra-de-muertos-por-inundaciones-y-deslaves-mexico\\\/#breadcrumb\",\"itemListElement\":[{\"@type\":\"ListItem\",\"position\":1,\"name\":\"Portada\",\"item\":\"https:\\\/\\\/foreverfutbol.com.ec\\\/radio\\\/\"},{\"@type\":\"ListItem\",\"position\":2,\"name\":\"Sube a 70 la cifra de muertos por inundaciones y deslaves M\u00e9xico\"}]},{\"@type\":\"WebSite\",\"@id\":\"https:\\\/\\\/foreverfutbol.com.ec\\\/radio\\\/#website\",\"url\":\"https:\\\/\\\/foreverfutbol.com.ec\\\/radio\\\/\",\"name\":\"92.5 FOREVER Radio\",\"description\":\"\",\"publisher\":{\"@id\":\"https:\\\/\\\/foreverfutbol.com.ec\\\/radio\\\/#organization\"},\"potentialAction\":[{\"@type\":\"SearchAction\",\"target\":{\"@type\":\"EntryPoint\",\"urlTemplate\":\"https:\\\/\\\/foreverfutbol.com.ec\\\/radio\\\/?s={search_term_string}\"},\"query-input\":{\"@type\":\"PropertyValueSpecification\",\"valueRequired\":true,\"valueName\":\"search_term_string\"}}],\"inLanguage\":\"es\"},{\"@type\":\"Organization\",\"@id\":\"https:\\\/\\\/foreverfutbol.com.ec\\\/radio\\\/#organization\",\"name\":\"92.5 FOREVER Radio\",\"url\":\"https:\\\/\\\/foreverfutbol.com.ec\\\/radio\\\/\",\"logo\":{\"@type\":\"ImageObject\",\"inLanguage\":\"es\",\"@id\":\"https:\\\/\\\/foreverfutbol.com.ec\\\/radio\\\/#\\\/schema\\\/logo\\\/image\\\/\",\"url\":\"https:\\\/\\\/foreverfutbol.com.ec\\\/radio\\\/wp-content\\\/uploads\\\/2024\\\/01\\\/cropped-logo-forever.png\",\"contentUrl\":\"https:\\\/\\\/foreverfutbol.com.ec\\\/radio\\\/wp-content\\\/uploads\\\/2024\\\/01\\\/cropped-logo-forever.png\",\"width\":180,\"height\":154,\"caption\":\"92.5 FOREVER Radio\"},\"image\":{\"@id\":\"https:\\\/\\\/foreverfutbol.com.ec\\\/radio\\\/#\\\/schema\\\/logo\\\/image\\\/\"},\"sameAs\":[\"https:\\\/\\\/www.facebook.com\\\/profile.php?id=100063550693491\",\"https:\\\/\\\/x.com\\\/925forever\",\"https:\\\/\\\/www.instagram.com\\\/radioforever925\\\/\"]},{\"@type\":\"Person\",\"@id\":\"https:\\\/\\\/foreverfutbol.com.ec\\\/radio\\\/#\\\/schema\\\/person\\\/2f679dd16f889ac00df6e7b648062a01\",\"name\":\"Ricardo Rodriguez\",\"image\":{\"@type\":\"ImageObject\",\"inLanguage\":\"es\",\"@id\":\"https:\\\/\\\/secure.gravatar.com\\\/avatar\\\/5d9dfb95700bd0c503ed088d29de94822b5cc66a74cb0362774e6fc534823d07?s=96&d=mm&r=g\",\"url\":\"https:\\\/\\\/secure.gravatar.com\\\/avatar\\\/5d9dfb95700bd0c503ed088d29de94822b5cc66a74cb0362774e6fc534823d07?s=96&d=mm&r=g\",\"contentUrl\":\"https:\\\/\\\/secure.gravatar.com\\\/avatar\\\/5d9dfb95700bd0c503ed088d29de94822b5cc66a74cb0362774e6fc534823d07?s=96&d=mm&r=g\",\"caption\":\"Ricardo Rodriguez\"},\"sameAs\":[\"https:\\\/\\\/foreverfutbol.com.ec\\\/radio\"],\"url\":\"https:\\\/\\\/foreverfutbol.com.ec\\\/radio\\\/author\\\/superdmin\\\/\"}]}<\/script>\n<!-- \/ Yoast SEO plugin. -->","yoast_head_json":{"title":"Sube a 70 la cifra de muertos por inundaciones y deslaves M\u00e9xico - 92.5 FOREVER Radio","description":"La cifra de muertos por las devastadoras inundaciones y deslaves en M\u00e9xico sube a 70, con m\u00e1s de 70 personas desaparecidas y comunidades","robots":{"index":"index","follow":"follow","max-snippet":"max-snippet:-1","max-image-preview":"max-image-preview:large","max-video-preview":"max-video-preview:-1"},"canonical":"https:\/\/foreverfutbol.com.ec\/radio\/internacional\/sube-a-70-la-cifra-de-muertos-por-inundaciones-y-deslaves-mexico\/","og_locale":"es_ES","og_type":"article","og_title":"Sube a 70 la cifra de muertos por inundaciones y deslaves M\u00e9xico - 92.5 FOREVER Radio","og_description":"La cifra de muertos por las devastadoras inundaciones y deslaves en M\u00e9xico sube a 70, con m\u00e1s de 70 personas desaparecidas y comunidades","og_url":"https:\/\/foreverfutbol.com.ec\/radio\/internacional\/sube-a-70-la-cifra-de-muertos-por-inundaciones-y-deslaves-mexico\/","og_site_name":"92.5 FOREVER Radio","article_publisher":"https:\/\/www.facebook.com\/profile.php?id=100063550693491","article_published_time":"2025-10-16T20:21:00+00:00","article_modified_time":"2026-05-11T20:13:31+00:00","og_image":[{"width":1005,"height":670,"url":"https:\/\/foreverfutbol.com.ec\/radio\/wp-content\/uploads\/2025\/10\/image-38.png","type":"image\/png"}],"author":"Ricardo Rodriguez","twitter_card":"summary_large_image","twitter_creator":"@925forever","twitter_site":"@925forever","twitter_misc":{"Escrito por":"Ricardo Rodriguez","Tiempo de lectura":"5 minutos"},"schema":{"@context":"https:\/\/schema.org","@graph":[{"@type":"Article","@id":"https:\/\/foreverfutbol.com.ec\/radio\/internacional\/sube-a-70-la-cifra-de-muertos-por-inundaciones-y-deslaves-mexico\/#article","isPartOf":{"@id":"https:\/\/foreverfutbol.com.ec\/radio\/internacional\/sube-a-70-la-cifra-de-muertos-por-inundaciones-y-deslaves-mexico\/"},"author":{"name":"Ricardo Rodriguez","@id":"https:\/\/foreverfutbol.com.ec\/radio\/#\/schema\/person\/2f679dd16f889ac00df6e7b648062a01"},"headline":"Sube a 70 la cifra de muertos por inundaciones y deslaves M\u00e9xico","datePublished":"2025-10-16T20:21:00+00:00","dateModified":"2026-05-11T20:13:31+00:00","mainEntityOfPage":{"@id":"https:\/\/foreverfutbol.com.ec\/radio\/internacional\/sube-a-70-la-cifra-de-muertos-por-inundaciones-y-deslaves-mexico\/"},"wordCount":939,"commentCount":0,"publisher":{"@id":"https:\/\/foreverfutbol.com.ec\/radio\/#organization"},"image":{"@id":"https:\/\/foreverfutbol.com.ec\/radio\/internacional\/sube-a-70-la-cifra-de-muertos-por-inundaciones-y-deslaves-mexico\/#primaryimage"},"thumbnailUrl":"https:\/\/foreverfutbol.com.ec\/radio\/wp-content\/uploads\/2025\/10\/image-38.png","articleSection":["Claudia Sheinbaum","Internacional"],"inLanguage":"es","potentialAction":[{"@type":"CommentAction","name":"Comment","target":["https:\/\/foreverfutbol.com.ec\/radio\/internacional\/sube-a-70-la-cifra-de-muertos-por-inundaciones-y-deslaves-mexico\/#respond"]}]},{"@type":"WebPage","@id":"https:\/\/foreverfutbol.com.ec\/radio\/internacional\/sube-a-70-la-cifra-de-muertos-por-inundaciones-y-deslaves-mexico\/","url":"https:\/\/foreverfutbol.com.ec\/radio\/internacional\/sube-a-70-la-cifra-de-muertos-por-inundaciones-y-deslaves-mexico\/","name":"Sube a 70 la cifra de muertos por inundaciones y deslaves M\u00e9xico - 92.5 FOREVER Radio","isPartOf":{"@id":"https:\/\/foreverfutbol.com.ec\/radio\/#website"},"primaryImageOfPage":{"@id":"https:\/\/foreverfutbol.com.ec\/radio\/internacional\/sube-a-70-la-cifra-de-muertos-por-inundaciones-y-deslaves-mexico\/#primaryimage"},"image":{"@id":"https:\/\/foreverfutbol.com.ec\/radio\/internacional\/sube-a-70-la-cifra-de-muertos-por-inundaciones-y-deslaves-mexico\/#primaryimage"},"thumbnailUrl":"https:\/\/foreverfutbol.com.ec\/radio\/wp-content\/uploads\/2025\/10\/image-38.png","datePublished":"2025-10-16T20:21:00+00:00","dateModified":"2026-05-11T20:13:31+00:00","description":"La cifra de muertos por las devastadoras inundaciones y deslaves en M\u00e9xico sube a 70, con m\u00e1s de 70 personas desaparecidas y comunidades","breadcrumb":{"@id":"https:\/\/foreverfutbol.com.ec\/radio\/internacional\/sube-a-70-la-cifra-de-muertos-por-inundaciones-y-deslaves-mexico\/#breadcrumb"},"inLanguage":"es","potentialAction":[{"@type":"ReadAction","target":["https:\/\/foreverfutbol.com.ec\/radio\/internacional\/sube-a-70-la-cifra-de-muertos-por-inundaciones-y-deslaves-mexico\/"]}]},{"@type":"ImageObject","inLanguage":"es","@id":"https:\/\/foreverfutbol.com.ec\/radio\/internacional\/sube-a-70-la-cifra-de-muertos-por-inundaciones-y-deslaves-mexico\/#primaryimage","url":"https:\/\/foreverfutbol.com.ec\/radio\/wp-content\/uploads\/2025\/10\/image-38.png","contentUrl":"https:\/\/foreverfutbol.com.ec\/radio\/wp-content\/uploads\/2025\/10\/image-38.png","width":1005,"height":670},{"@type":"BreadcrumbList","@id":"https:\/\/foreverfutbol.com.ec\/radio\/internacional\/sube-a-70-la-cifra-de-muertos-por-inundaciones-y-deslaves-mexico\/#breadcrumb","itemListElement":[{"@type":"ListItem","position":1,"name":"Portada","item":"https:\/\/foreverfutbol.com.ec\/radio\/"},{"@type":"ListItem","position":2,"name":"Sube a 70 la cifra de muertos por inundaciones y deslaves M\u00e9xico"}]},{"@type":"WebSite","@id":"https:\/\/foreverfutbol.com.ec\/radio\/#website","url":"https:\/\/foreverfutbol.com.ec\/radio\/","name":"92.5 FOREVER Radio","description":"","publisher":{"@id":"https:\/\/foreverfutbol.com.ec\/radio\/#organization"},"potentialAction":[{"@type":"SearchAction","target":{"@type":"EntryPoint","urlTemplate":"https:\/\/foreverfutbol.com.ec\/radio\/?s={search_term_string}"},"query-input":{"@type":"PropertyValueSpecification","valueRequired":true,"valueName":"search_term_string"}}],"inLanguage":"es"},{"@type":"Organization","@id":"https:\/\/foreverfutbol.com.ec\/radio\/#organization","name":"92.5 FOREVER Radio","url":"https:\/\/foreverfutbol.com.ec\/radio\/","logo":{"@type":"ImageObject","inLanguage":"es","@id":"https:\/\/foreverfutbol.com.ec\/radio\/#\/schema\/logo\/image\/","url":"https:\/\/foreverfutbol.com.ec\/radio\/wp-content\/uploads\/2024\/01\/cropped-logo-forever.png","contentUrl":"https:\/\/foreverfutbol.com.ec\/radio\/wp-content\/uploads\/2024\/01\/cropped-logo-forever.png","width":180,"height":154,"caption":"92.5 FOREVER Radio"},"image":{"@id":"https:\/\/foreverfutbol.com.ec\/radio\/#\/schema\/logo\/image\/"},"sameAs":["https:\/\/www.facebook.com\/profile.php?id=100063550693491","https:\/\/x.com\/925forever","https:\/\/www.instagram.com\/radioforever925\/"]},{"@type":"Person","@id":"https:\/\/foreverfutbol.com.ec\/radio\/#\/schema\/person\/2f679dd16f889ac00df6e7b648062a01","name":"Ricardo Rodriguez","image":{"@type":"ImageObject","inLanguage":"es","@id":"https:\/\/secure.gravatar.com\/avatar\/5d9dfb95700bd0c503ed088d29de94822b5cc66a74cb0362774e6fc534823d07?s=96&d=mm&r=g","url":"https:\/\/secure.gravatar.com\/avatar\/5d9dfb95700bd0c503ed088d29de94822b5cc66a74cb0362774e6fc534823d07?s=96&d=mm&r=g","contentUrl":"https:\/\/secure.gravatar.com\/avatar\/5d9dfb95700bd0c503ed088d29de94822b5cc66a74cb0362774e6fc534823d07?s=96&d=mm&r=g","caption":"Ricardo Rodriguez"},"sameAs":["https:\/\/foreverfutbol.com.ec\/radio"],"url":"https:\/\/foreverfutbol.com.ec\/radio\/author\/superdmin\/"}]}},"_links":{"self":[{"href":"https:\/\/foreverfutbol.com.ec\/radio\/wp-json\/wp\/v2\/posts\/23040","targetHints":{"allow":["GET"]}}],"collection":[{"href":"https:\/\/foreverfutbol.com.ec\/radio\/wp-json\/wp\/v2\/posts"}],"about":[{"href":"https:\/\/foreverfutbol.com.ec\/radio\/wp-json\/wp\/v2\/types\/post"}],"author":[{"embeddable":true,"href":"https:\/\/foreverfutbol.com.ec\/radio\/wp-json\/wp\/v2\/users\/1"}],"replies":[{"embeddable":true,"href":"https:\/\/foreverfutbol.com.ec\/radio\/wp-json\/wp\/v2\/comments?post=23040"}],"version-history":[{"count":1,"href":"https:\/\/foreverfutbol.com.ec\/radio\/wp-json\/wp\/v2\/posts\/23040\/revisions"}],"predecessor-version":[{"id":23042,"href":"https:\/\/foreverfutbol.com.ec\/radio\/wp-json\/wp\/v2\/posts\/23040\/revisions\/23042"}],"wp:featuredmedia":[{"embeddable":true,"href":"https:\/\/foreverfutbol.com.ec\/radio\/wp-json\/wp\/v2\/media\/23041"}],"wp:attachment":[{"href":"https:\/\/foreverfutbol.com.ec\/radio\/wp-json\/wp\/v2\/media?parent=23040"}],"wp:term":[{"taxonomy":"category","embeddable":true,"href":"https:\/\/foreverfutbol.com.ec\/radio\/wp-json\/wp\/v2\/categories?post=23040"},{"taxonomy":"post_tag","embeddable":true,"href":"https:\/\/foreverfutbol.com.ec\/radio\/wp-json\/wp\/v2\/tags?post=23040"}],"curies":[{"name":"wp","href":"https:\/\/api.w.org\/{rel}","templated":true}]}}