{"id":22371,"date":"2025-10-06T11:11:20","date_gmt":"2025-10-06T16:11:20","guid":{"rendered":"https:\/\/foreverfutbol.com.ec\/radio\/?p=22371"},"modified":"2025-10-06T11:11:21","modified_gmt":"2025-10-06T16:11:21","slug":"estado-excepcion-renovado-ecuador","status":"publish","type":"post","link":"https:\/\/foreverfutbol.com.ec\/radio\/politica\/estado-excepcion-renovado-ecuador\/","title":{"rendered":"Gobierno de Ecuador renueva estado de excepci\u00f3n en provincias afectadas por crimen organizado"},"content":{"rendered":"\n<p class=\"has-medium-font-size wp-block-paragraph\">El presidente de Ecuador, Daniel Noboa, ha renovado el <strong>estado de excepci\u00f3n<\/strong> por 30 d\u00edas en las provincias m\u00e1s golpeadas por el <strong>crimen organizado<\/strong> y altos \u00edndices de muertes violentas. El decreto ejecutivo, firmado el 5 de octubre de 2025, afecta a <strong>Guayas<\/strong>, <strong>El Oro<\/strong>, <strong>Los R\u00edos<\/strong>, <strong>Manab\u00ed<\/strong>, y el cant\u00f3n <strong>Echeand\u00eda<\/strong> de <strong>Bol\u00edvar<\/strong>.<\/p>\n\n\n\n<h2 class=\"wp-block-heading\">\u00bfQu\u00e9 implica la medida?<\/h2>\n\n\n\n<p class=\"wp-block-paragraph\">La renovaci\u00f3n del <strong>estado de excepci\u00f3n<\/strong> tiene como objetivo restaurar el orden p\u00fablico, la paz social y la convivencia pac\u00edfica. Durante este periodo, se suspender\u00e1n los derechos a la inviolabilidad del domicilio y de la correspondencia en las provincias mencionadas. A diferencia de otras ocasiones, no se impondr\u00e1 un toque de queda, pero se autorizar\u00e1n allanamientos, operativos e inspecciones por parte de las <strong>Fuerzas Armadas<\/strong> y la <strong>Polic\u00eda Nacional<\/strong>.<\/p>\n\n\n\n<h2 class=\"wp-block-heading\">Razones para la renovaci\u00f3n<\/h2>\n\n\n\n<p class=\"wp-block-paragraph\">El Gobierno justifica la medida debido a los continuos hechos violentos en estas zonas, como homicidios y ataques con explosivos. A pesar de las medidas anteriores, los <strong>grupos criminales<\/strong> siguen generando incertidumbre y temor en la poblaci\u00f3n. En el \u00faltimo mes, se registraron incidentes como el atentado al director de la <strong>c\u00e1rcel regional de Guayas<\/strong> y ataques con explosivos en <strong>Esmeraldas<\/strong>.<\/p>\n\n\n\n<p class=\"has-medium-font-size wp-block-paragraph\">La renovaci\u00f3n de esta medida se basa en informes de inteligencia y an\u00e1lisis policiales que demuestran la persistencia de la violencia. Adem\u00e1s, la <strong>Corte Constitucional<\/strong> de Ecuador aval\u00f3 la medida, excluyendo a ciertos cantones como los de <strong>Cotopaxi<\/strong> y <strong>Bol\u00edvar<\/strong>.<\/p>\n\n\n\n<blockquote class=\"twitter-tweet\"><p lang=\"es\" dir=\"ltr\">A la ciudadan\u00eda: <a href=\"https:\/\/t.co\/I2luBwP4sV\">pic.twitter.com\/I2luBwP4sV<\/a><\/p>&mdash; Presidencia Ecuador \ud83c\uddea\ud83c\udde8 (@Presidencia_Ec) <a href=\"https:\/\/twitter.com\/Presidencia_Ec\/status\/1975213382015029325?ref_src=twsrc%5Etfw\">October 6, 2025<\/a><\/blockquote> <script async src=\"https:\/\/platform.twitter.com\/widgets.js\" charset=\"utf-8\"><\/script>\n","protected":false},"excerpt":{"rendered":"<p>El presidente de Ecuador, Daniel Noboa, ha renovado el estado de excepci\u00f3n por 30 d\u00edas en las provincias m\u00e1s golpeadas por el crimen organizado y altos \u00edndices de muertes violentas. El decreto ejecutivo, firmado el 5 de octubre de 2025, afecta a Guayas, El Oro, Los R\u00edos, Manab\u00ed, y el cant\u00f3n Echeand\u00eda de Bol\u00edvar. \u00bfQu\u00e9 [&hellip;]<\/p>\n","protected":false},"author":1,"featured_media":22372,"comment_status":"open","ping_status":"open","sticky":false,"template":"","format":"standard","meta":{"footnotes":""},"categories":[52],"tags":[],"class_list":["post-22371","post","type-post","status-publish","format-standard","has-post-thumbnail","hentry","category-politica"],"yoast_head":"<!-- This site is optimized with the Yoast SEO plugin v28.3 - https:\/\/yoast.com\/product\/yoast-seo-wordpress\/ -->\n<title>Gobierno de Ecuador renueva estado de excepci\u00f3n en provincias afectadas por crimen organizado - 92.5 FOREVER Radio<\/title>\n<meta name=\"description\" content=\"El presidente Daniel Noboa renueva el estado de excepci\u00f3n por 30 d\u00edas en cinco provincias de Ecuador para combatir el crimen organizado y la violencia.\" \/>\n<meta name=\"robots\" content=\"index, follow, max-snippet:-1, max-image-preview:large, max-video-preview:-1\" \/>\n<link rel=\"canonical\" href=\"https:\/\/foreverfutbol.com.ec\/radio\/politica\/estado-excepcion-renovado-ecuador\/\" \/>\n<meta property=\"og:locale\" content=\"es_ES\" \/>\n<meta property=\"og:type\" content=\"article\" \/>\n<meta property=\"og:title\" content=\"Gobierno de Ecuador renueva estado de excepci\u00f3n en provincias afectadas por crimen organizado - 92.5 FOREVER Radio\" \/>\n<meta property=\"og:description\" content=\"El presidente Daniel Noboa renueva el estado de excepci\u00f3n por 30 d\u00edas en cinco provincias de Ecuador para combatir el crimen organizado y la violencia.\" \/>\n<meta property=\"og:url\" content=\"https:\/\/foreverfutbol.com.ec\/radio\/politica\/estado-excepcion-renovado-ecuador\/\" \/>\n<meta property=\"og:site_name\" content=\"92.5 FOREVER Radio\" \/>\n<meta property=\"article:publisher\" content=\"https:\/\/www.facebook.com\/profile.php?id=100063550693491\" \/>\n<meta property=\"article:published_time\" content=\"2025-10-06T16:11:20+00:00\" \/>\n<meta property=\"article:modified_time\" content=\"2025-10-06T16:11:21+00:00\" \/>\n<meta property=\"og:image\" content=\"https:\/\/foreverfutbol.com.ec\/radio\/wp-content\/uploads\/2025\/10\/Diseno-sin-titulo-82.webp\" \/>\n\t<meta property=\"og:image:width\" content=\"720\" \/>\n\t<meta property=\"og:image:height\" content=\"720\" \/>\n\t<meta property=\"og:image:type\" content=\"image\/webp\" \/>\n<meta name=\"author\" content=\"Ricardo Rodriguez\" \/>\n<meta name=\"twitter:card\" content=\"summary_large_image\" \/>\n<meta name=\"twitter:creator\" content=\"@925forever\" \/>\n<meta name=\"twitter:site\" content=\"@925forever\" \/>\n<meta name=\"twitter:label1\" content=\"Escrito por\" \/>\n\t<meta name=\"twitter:data1\" content=\"Ricardo Rodriguez\" \/>\n\t<meta name=\"twitter:label2\" content=\"Tiempo de lectura\" \/>\n\t<meta name=\"twitter:data2\" content=\"2 minutos\" \/>\n<script type=\"application\/ld+json\" class=\"yoast-schema-graph\">{\"@context\":\"https:\\\/\\\/schema.org\",\"@graph\":[{\"@type\":\"Article\",\"@id\":\"https:\\\/\\\/foreverfutbol.com.ec\\\/radio\\\/politica\\\/estado-excepcion-renovado-ecuador\\\/#article\",\"isPartOf\":{\"@id\":\"https:\\\/\\\/foreverfutbol.com.ec\\\/radio\\\/politica\\\/estado-excepcion-renovado-ecuador\\\/\"},\"author\":{\"name\":\"Ricardo Rodriguez\",\"@id\":\"https:\\\/\\\/foreverfutbol.com.ec\\\/radio\\\/#\\\/schema\\\/person\\\/2f679dd16f889ac00df6e7b648062a01\"},\"headline\":\"Gobierno de Ecuador renueva estado de excepci\u00f3n en provincias afectadas por crimen organizado\",\"datePublished\":\"2025-10-06T16:11:20+00:00\",\"dateModified\":\"2025-10-06T16:11:21+00:00\",\"mainEntityOfPage\":{\"@id\":\"https:\\\/\\\/foreverfutbol.com.ec\\\/radio\\\/politica\\\/estado-excepcion-renovado-ecuador\\\/\"},\"wordCount\":280,\"commentCount\":0,\"publisher\":{\"@id\":\"https:\\\/\\\/foreverfutbol.com.ec\\\/radio\\\/#organization\"},\"image\":{\"@id\":\"https:\\\/\\\/foreverfutbol.com.ec\\\/radio\\\/politica\\\/estado-excepcion-renovado-ecuador\\\/#primaryimage\"},\"thumbnailUrl\":\"https:\\\/\\\/foreverfutbol.com.ec\\\/radio\\\/wp-content\\\/uploads\\\/2025\\\/10\\\/Diseno-sin-titulo-82.webp\",\"articleSection\":[\"Pol\u00edtica\"],\"inLanguage\":\"es\",\"potentialAction\":[{\"@type\":\"CommentAction\",\"name\":\"Comment\",\"target\":[\"https:\\\/\\\/foreverfutbol.com.ec\\\/radio\\\/politica\\\/estado-excepcion-renovado-ecuador\\\/#respond\"]}]},{\"@type\":\"WebPage\",\"@id\":\"https:\\\/\\\/foreverfutbol.com.ec\\\/radio\\\/politica\\\/estado-excepcion-renovado-ecuador\\\/\",\"url\":\"https:\\\/\\\/foreverfutbol.com.ec\\\/radio\\\/politica\\\/estado-excepcion-renovado-ecuador\\\/\",\"name\":\"Gobierno de Ecuador renueva estado de excepci\u00f3n en provincias afectadas por crimen organizado - 92.5 FOREVER Radio\",\"isPartOf\":{\"@id\":\"https:\\\/\\\/foreverfutbol.com.ec\\\/radio\\\/#website\"},\"primaryImageOfPage\":{\"@id\":\"https:\\\/\\\/foreverfutbol.com.ec\\\/radio\\\/politica\\\/estado-excepcion-renovado-ecuador\\\/#primaryimage\"},\"image\":{\"@id\":\"https:\\\/\\\/foreverfutbol.com.ec\\\/radio\\\/politica\\\/estado-excepcion-renovado-ecuador\\\/#primaryimage\"},\"thumbnailUrl\":\"https:\\\/\\\/foreverfutbol.com.ec\\\/radio\\\/wp-content\\\/uploads\\\/2025\\\/10\\\/Diseno-sin-titulo-82.webp\",\"datePublished\":\"2025-10-06T16:11:20+00:00\",\"dateModified\":\"2025-10-06T16:11:21+00:00\",\"description\":\"El presidente Daniel Noboa renueva el estado de excepci\u00f3n por 30 d\u00edas en cinco provincias de Ecuador para combatir el crimen organizado y la violencia.\",\"breadcrumb\":{\"@id\":\"https:\\\/\\\/foreverfutbol.com.ec\\\/radio\\\/politica\\\/estado-excepcion-renovado-ecuador\\\/#breadcrumb\"},\"inLanguage\":\"es\",\"potentialAction\":[{\"@type\":\"ReadAction\",\"target\":[\"https:\\\/\\\/foreverfutbol.com.ec\\\/radio\\\/politica\\\/estado-excepcion-renovado-ecuador\\\/\"]}]},{\"@type\":\"ImageObject\",\"inLanguage\":\"es\",\"@id\":\"https:\\\/\\\/foreverfutbol.com.ec\\\/radio\\\/politica\\\/estado-excepcion-renovado-ecuador\\\/#primaryimage\",\"url\":\"https:\\\/\\\/foreverfutbol.com.ec\\\/radio\\\/wp-content\\\/uploads\\\/2025\\\/10\\\/Diseno-sin-titulo-82.webp\",\"contentUrl\":\"https:\\\/\\\/foreverfutbol.com.ec\\\/radio\\\/wp-content\\\/uploads\\\/2025\\\/10\\\/Diseno-sin-titulo-82.webp\",\"width\":720,\"height\":720},{\"@type\":\"BreadcrumbList\",\"@id\":\"https:\\\/\\\/foreverfutbol.com.ec\\\/radio\\\/politica\\\/estado-excepcion-renovado-ecuador\\\/#breadcrumb\",\"itemListElement\":[{\"@type\":\"ListItem\",\"position\":1,\"name\":\"Portada\",\"item\":\"https:\\\/\\\/foreverfutbol.com.ec\\\/radio\\\/\"},{\"@type\":\"ListItem\",\"position\":2,\"name\":\"Gobierno de Ecuador renueva estado de excepci\u00f3n en provincias afectadas por crimen organizado\"}]},{\"@type\":\"WebSite\",\"@id\":\"https:\\\/\\\/foreverfutbol.com.ec\\\/radio\\\/#website\",\"url\":\"https:\\\/\\\/foreverfutbol.com.ec\\\/radio\\\/\",\"name\":\"92.5 FOREVER Radio\",\"description\":\"\",\"publisher\":{\"@id\":\"https:\\\/\\\/foreverfutbol.com.ec\\\/radio\\\/#organization\"},\"potentialAction\":[{\"@type\":\"SearchAction\",\"target\":{\"@type\":\"EntryPoint\",\"urlTemplate\":\"https:\\\/\\\/foreverfutbol.com.ec\\\/radio\\\/?s={search_term_string}\"},\"query-input\":{\"@type\":\"PropertyValueSpecification\",\"valueRequired\":true,\"valueName\":\"search_term_string\"}}],\"inLanguage\":\"es\"},{\"@type\":\"Organization\",\"@id\":\"https:\\\/\\\/foreverfutbol.com.ec\\\/radio\\\/#organization\",\"name\":\"92.5 FOREVER Radio\",\"url\":\"https:\\\/\\\/foreverfutbol.com.ec\\\/radio\\\/\",\"logo\":{\"@type\":\"ImageObject\",\"inLanguage\":\"es\",\"@id\":\"https:\\\/\\\/foreverfutbol.com.ec\\\/radio\\\/#\\\/schema\\\/logo\\\/image\\\/\",\"url\":\"https:\\\/\\\/foreverfutbol.com.ec\\\/radio\\\/wp-content\\\/uploads\\\/2024\\\/01\\\/cropped-logo-forever.png\",\"contentUrl\":\"https:\\\/\\\/foreverfutbol.com.ec\\\/radio\\\/wp-content\\\/uploads\\\/2024\\\/01\\\/cropped-logo-forever.png\",\"width\":180,\"height\":154,\"caption\":\"92.5 FOREVER Radio\"},\"image\":{\"@id\":\"https:\\\/\\\/foreverfutbol.com.ec\\\/radio\\\/#\\\/schema\\\/logo\\\/image\\\/\"},\"sameAs\":[\"https:\\\/\\\/www.facebook.com\\\/profile.php?id=100063550693491\",\"https:\\\/\\\/x.com\\\/925forever\",\"https:\\\/\\\/www.instagram.com\\\/radioforever925\\\/\"]},{\"@type\":\"Person\",\"@id\":\"https:\\\/\\\/foreverfutbol.com.ec\\\/radio\\\/#\\\/schema\\\/person\\\/2f679dd16f889ac00df6e7b648062a01\",\"name\":\"Ricardo Rodriguez\",\"image\":{\"@type\":\"ImageObject\",\"inLanguage\":\"es\",\"@id\":\"https:\\\/\\\/secure.gravatar.com\\\/avatar\\\/5d9dfb95700bd0c503ed088d29de94822b5cc66a74cb0362774e6fc534823d07?s=96&d=mm&r=g\",\"url\":\"https:\\\/\\\/secure.gravatar.com\\\/avatar\\\/5d9dfb95700bd0c503ed088d29de94822b5cc66a74cb0362774e6fc534823d07?s=96&d=mm&r=g\",\"contentUrl\":\"https:\\\/\\\/secure.gravatar.com\\\/avatar\\\/5d9dfb95700bd0c503ed088d29de94822b5cc66a74cb0362774e6fc534823d07?s=96&d=mm&r=g\",\"caption\":\"Ricardo Rodriguez\"},\"sameAs\":[\"https:\\\/\\\/foreverfutbol.com.ec\\\/radio\"],\"url\":\"https:\\\/\\\/foreverfutbol.com.ec\\\/radio\\\/author\\\/superdmin\\\/\"}]}<\/script>\n<!-- \/ Yoast SEO plugin. -->","yoast_head_json":{"title":"Gobierno de Ecuador renueva estado de excepci\u00f3n en provincias afectadas por crimen organizado - 92.5 FOREVER Radio","description":"El presidente Daniel Noboa renueva el estado de excepci\u00f3n por 30 d\u00edas en cinco provincias de Ecuador para combatir el crimen organizado y la violencia.","robots":{"index":"index","follow":"follow","max-snippet":"max-snippet:-1","max-image-preview":"max-image-preview:large","max-video-preview":"max-video-preview:-1"},"canonical":"https:\/\/foreverfutbol.com.ec\/radio\/politica\/estado-excepcion-renovado-ecuador\/","og_locale":"es_ES","og_type":"article","og_title":"Gobierno de Ecuador renueva estado de excepci\u00f3n en provincias afectadas por crimen organizado - 92.5 FOREVER Radio","og_description":"El presidente Daniel Noboa renueva el estado de excepci\u00f3n por 30 d\u00edas en cinco provincias de Ecuador para combatir el crimen organizado y la violencia.","og_url":"https:\/\/foreverfutbol.com.ec\/radio\/politica\/estado-excepcion-renovado-ecuador\/","og_site_name":"92.5 FOREVER Radio","article_publisher":"https:\/\/www.facebook.com\/profile.php?id=100063550693491","article_published_time":"2025-10-06T16:11:20+00:00","article_modified_time":"2025-10-06T16:11:21+00:00","og_image":[{"width":720,"height":720,"url":"https:\/\/foreverfutbol.com.ec\/radio\/wp-content\/uploads\/2025\/10\/Diseno-sin-titulo-82.webp","type":"image\/webp"}],"author":"Ricardo Rodriguez","twitter_card":"summary_large_image","twitter_creator":"@925forever","twitter_site":"@925forever","twitter_misc":{"Escrito por":"Ricardo Rodriguez","Tiempo de lectura":"2 minutos"},"schema":{"@context":"https:\/\/schema.org","@graph":[{"@type":"Article","@id":"https:\/\/foreverfutbol.com.ec\/radio\/politica\/estado-excepcion-renovado-ecuador\/#article","isPartOf":{"@id":"https:\/\/foreverfutbol.com.ec\/radio\/politica\/estado-excepcion-renovado-ecuador\/"},"author":{"name":"Ricardo Rodriguez","@id":"https:\/\/foreverfutbol.com.ec\/radio\/#\/schema\/person\/2f679dd16f889ac00df6e7b648062a01"},"headline":"Gobierno de Ecuador renueva estado de excepci\u00f3n en provincias afectadas por crimen organizado","datePublished":"2025-10-06T16:11:20+00:00","dateModified":"2025-10-06T16:11:21+00:00","mainEntityOfPage":{"@id":"https:\/\/foreverfutbol.com.ec\/radio\/politica\/estado-excepcion-renovado-ecuador\/"},"wordCount":280,"commentCount":0,"publisher":{"@id":"https:\/\/foreverfutbol.com.ec\/radio\/#organization"},"image":{"@id":"https:\/\/foreverfutbol.com.ec\/radio\/politica\/estado-excepcion-renovado-ecuador\/#primaryimage"},"thumbnailUrl":"https:\/\/foreverfutbol.com.ec\/radio\/wp-content\/uploads\/2025\/10\/Diseno-sin-titulo-82.webp","articleSection":["Pol\u00edtica"],"inLanguage":"es","potentialAction":[{"@type":"CommentAction","name":"Comment","target":["https:\/\/foreverfutbol.com.ec\/radio\/politica\/estado-excepcion-renovado-ecuador\/#respond"]}]},{"@type":"WebPage","@id":"https:\/\/foreverfutbol.com.ec\/radio\/politica\/estado-excepcion-renovado-ecuador\/","url":"https:\/\/foreverfutbol.com.ec\/radio\/politica\/estado-excepcion-renovado-ecuador\/","name":"Gobierno de Ecuador renueva estado de excepci\u00f3n en provincias afectadas por crimen organizado - 92.5 FOREVER Radio","isPartOf":{"@id":"https:\/\/foreverfutbol.com.ec\/radio\/#website"},"primaryImageOfPage":{"@id":"https:\/\/foreverfutbol.com.ec\/radio\/politica\/estado-excepcion-renovado-ecuador\/#primaryimage"},"image":{"@id":"https:\/\/foreverfutbol.com.ec\/radio\/politica\/estado-excepcion-renovado-ecuador\/#primaryimage"},"thumbnailUrl":"https:\/\/foreverfutbol.com.ec\/radio\/wp-content\/uploads\/2025\/10\/Diseno-sin-titulo-82.webp","datePublished":"2025-10-06T16:11:20+00:00","dateModified":"2025-10-06T16:11:21+00:00","description":"El presidente Daniel Noboa renueva el estado de excepci\u00f3n por 30 d\u00edas en cinco provincias de Ecuador para combatir el crimen organizado y la violencia.","breadcrumb":{"@id":"https:\/\/foreverfutbol.com.ec\/radio\/politica\/estado-excepcion-renovado-ecuador\/#breadcrumb"},"inLanguage":"es","potentialAction":[{"@type":"ReadAction","target":["https:\/\/foreverfutbol.com.ec\/radio\/politica\/estado-excepcion-renovado-ecuador\/"]}]},{"@type":"ImageObject","inLanguage":"es","@id":"https:\/\/foreverfutbol.com.ec\/radio\/politica\/estado-excepcion-renovado-ecuador\/#primaryimage","url":"https:\/\/foreverfutbol.com.ec\/radio\/wp-content\/uploads\/2025\/10\/Diseno-sin-titulo-82.webp","contentUrl":"https:\/\/foreverfutbol.com.ec\/radio\/wp-content\/uploads\/2025\/10\/Diseno-sin-titulo-82.webp","width":720,"height":720},{"@type":"BreadcrumbList","@id":"https:\/\/foreverfutbol.com.ec\/radio\/politica\/estado-excepcion-renovado-ecuador\/#breadcrumb","itemListElement":[{"@type":"ListItem","position":1,"name":"Portada","item":"https:\/\/foreverfutbol.com.ec\/radio\/"},{"@type":"ListItem","position":2,"name":"Gobierno de Ecuador renueva estado de excepci\u00f3n en provincias afectadas por crimen organizado"}]},{"@type":"WebSite","@id":"https:\/\/foreverfutbol.com.ec\/radio\/#website","url":"https:\/\/foreverfutbol.com.ec\/radio\/","name":"92.5 FOREVER Radio","description":"","publisher":{"@id":"https:\/\/foreverfutbol.com.ec\/radio\/#organization"},"potentialAction":[{"@type":"SearchAction","target":{"@type":"EntryPoint","urlTemplate":"https:\/\/foreverfutbol.com.ec\/radio\/?s={search_term_string}"},"query-input":{"@type":"PropertyValueSpecification","valueRequired":true,"valueName":"search_term_string"}}],"inLanguage":"es"},{"@type":"Organization","@id":"https:\/\/foreverfutbol.com.ec\/radio\/#organization","name":"92.5 FOREVER Radio","url":"https:\/\/foreverfutbol.com.ec\/radio\/","logo":{"@type":"ImageObject","inLanguage":"es","@id":"https:\/\/foreverfutbol.com.ec\/radio\/#\/schema\/logo\/image\/","url":"https:\/\/foreverfutbol.com.ec\/radio\/wp-content\/uploads\/2024\/01\/cropped-logo-forever.png","contentUrl":"https:\/\/foreverfutbol.com.ec\/radio\/wp-content\/uploads\/2024\/01\/cropped-logo-forever.png","width":180,"height":154,"caption":"92.5 FOREVER Radio"},"image":{"@id":"https:\/\/foreverfutbol.com.ec\/radio\/#\/schema\/logo\/image\/"},"sameAs":["https:\/\/www.facebook.com\/profile.php?id=100063550693491","https:\/\/x.com\/925forever","https:\/\/www.instagram.com\/radioforever925\/"]},{"@type":"Person","@id":"https:\/\/foreverfutbol.com.ec\/radio\/#\/schema\/person\/2f679dd16f889ac00df6e7b648062a01","name":"Ricardo Rodriguez","image":{"@type":"ImageObject","inLanguage":"es","@id":"https:\/\/secure.gravatar.com\/avatar\/5d9dfb95700bd0c503ed088d29de94822b5cc66a74cb0362774e6fc534823d07?s=96&d=mm&r=g","url":"https:\/\/secure.gravatar.com\/avatar\/5d9dfb95700bd0c503ed088d29de94822b5cc66a74cb0362774e6fc534823d07?s=96&d=mm&r=g","contentUrl":"https:\/\/secure.gravatar.com\/avatar\/5d9dfb95700bd0c503ed088d29de94822b5cc66a74cb0362774e6fc534823d07?s=96&d=mm&r=g","caption":"Ricardo Rodriguez"},"sameAs":["https:\/\/foreverfutbol.com.ec\/radio"],"url":"https:\/\/foreverfutbol.com.ec\/radio\/author\/superdmin\/"}]}},"_links":{"self":[{"href":"https:\/\/foreverfutbol.com.ec\/radio\/wp-json\/wp\/v2\/posts\/22371","targetHints":{"allow":["GET"]}}],"collection":[{"href":"https:\/\/foreverfutbol.com.ec\/radio\/wp-json\/wp\/v2\/posts"}],"about":[{"href":"https:\/\/foreverfutbol.com.ec\/radio\/wp-json\/wp\/v2\/types\/post"}],"author":[{"embeddable":true,"href":"https:\/\/foreverfutbol.com.ec\/radio\/wp-json\/wp\/v2\/users\/1"}],"replies":[{"embeddable":true,"href":"https:\/\/foreverfutbol.com.ec\/radio\/wp-json\/wp\/v2\/comments?post=22371"}],"version-history":[{"count":1,"href":"https:\/\/foreverfutbol.com.ec\/radio\/wp-json\/wp\/v2\/posts\/22371\/revisions"}],"predecessor-version":[{"id":22373,"href":"https:\/\/foreverfutbol.com.ec\/radio\/wp-json\/wp\/v2\/posts\/22371\/revisions\/22373"}],"wp:featuredmedia":[{"embeddable":true,"href":"https:\/\/foreverfutbol.com.ec\/radio\/wp-json\/wp\/v2\/media\/22372"}],"wp:attachment":[{"href":"https:\/\/foreverfutbol.com.ec\/radio\/wp-json\/wp\/v2\/media?parent=22371"}],"wp:term":[{"taxonomy":"category","embeddable":true,"href":"https:\/\/foreverfutbol.com.ec\/radio\/wp-json\/wp\/v2\/categories?post=22371"},{"taxonomy":"post_tag","embeddable":true,"href":"https:\/\/foreverfutbol.com.ec\/radio\/wp-json\/wp\/v2\/tags?post=22371"}],"curies":[{"name":"wp","href":"https:\/\/api.w.org\/{rel}","templated":true}]}}