{"id":22202,"date":"2025-10-02T17:06:21","date_gmt":"2025-10-02T22:06:21","guid":{"rendered":"https:\/\/foreverfutbol.com.ec\/radio\/?p=22202"},"modified":"2025-10-02T17:06:22","modified_gmt":"2025-10-02T22:06:22","slug":"jorge-guzman-presidente-de-emelec-reacciona-ante-la-postura-de-los-jugadores-de-no-entrenar-no-entiendo-su-actitud","status":"publish","type":"post","link":"https:\/\/foreverfutbol.com.ec\/radio\/ultimas-noticias\/jorge-guzman-presidente-de-emelec-reacciona-ante-la-postura-de-los-jugadores-de-no-entrenar-no-entiendo-su-actitud\/","title":{"rendered":"Jorge Guzm\u00e1n, presidente de Emelec, reacciona ante la postura de los jugadores de no entrenar: \u201cNo entiendo su actitud\u201d"},"content":{"rendered":"\n<p class=\"wp-block-paragraph\">El <strong>Club Sport Emelec<\/strong> atraviesa uno de los momentos m\u00e1s delicados de su historia reciente. La relaci\u00f3n entre la <strong>directiva presidida por Jorge Guzm\u00e1n Mancilla<\/strong> y el primer plantel se ha tensado de manera evidente luego de que los jugadores anunciaran p\u00fablicamente su decisi\u00f3n de <strong>no entrenar hasta que se cumplan los compromisos econ\u00f3micos pendientes<\/strong>.<\/p>\n\n\n\n<p class=\"wp-block-paragraph\">La situaci\u00f3n ha generado un fuerte debate en torno a la administraci\u00f3n del club, la postura del plantel y el futuro inmediato del equipo en el campeonato nacional. A continuaci\u00f3n, desglosamos los puntos m\u00e1s relevantes de este conflicto que mantiene en vilo a la hinchada azul.<\/p>\n\n\n\n<hr class=\"wp-block-separator has-alpha-channel-opacity\"\/>\n\n\n\n<h2 class=\"wp-block-heading\"><strong>El comunicado de los jugadores de Emelec<\/strong><\/h2>\n\n\n\n<p class=\"wp-block-paragraph\">En voz del capit\u00e1n <strong>Luis Fernando Le\u00f3n<\/strong>, los futbolistas emitieron un pronunciamiento contundente: <strong>no entrenar\u00e1n<\/strong> hasta que la dirigencia cumpla con los pagos que, seg\u00fan ellos, llevan un retraso de <strong>tres, cinco, siete y hasta ocho meses<\/strong>.<\/p>\n\n\n\n<p class=\"wp-block-paragraph\">El mensaje fue claro y dej\u00f3 en evidencia la magnitud del malestar dentro del camerino. \u201c<strong>Siempre hemos priorizado la estabilidad del club y los objetivos trazados, pero hemos decidido no entrenar hasta que se nos cumplan los compromisos establecidos con los dirigentes<\/strong>\u201d, se\u00f1al\u00f3 Le\u00f3n, quien adem\u00e1s recalc\u00f3 que esta medida cuenta con el <strong>respaldo un\u00e1nime de todo el plantel profesional<\/strong>.<\/p>\n\n\n\n<p class=\"wp-block-paragraph\">Este comunicado golpe\u00f3 directamente la preparaci\u00f3n del equipo, que enfrenta semanas cruciales en el calendario del campeonato ecuatoriano y que adem\u00e1s busca recuperar posiciones en la tabla.<\/p>\n\n\n\n<hr class=\"wp-block-separator has-alpha-channel-opacity\"\/>\n\n\n\n<h2 class=\"wp-block-heading\"><strong>La respuesta inmediata de Jorge Guzm\u00e1n Mancilla<\/strong><\/h2>\n\n\n\n<p class=\"wp-block-paragraph\">El presidente de Emelec, <strong>Jorge Guzm\u00e1n<\/strong>, no tard\u00f3 en responder y mostr\u00f3 su sorpresa ante la medida adoptada por los jugadores. En declaraciones para la emisora WQ, sostuvo que la directiva <strong>s\u00ed ha cumplido con acuerdos de pago<\/strong> y que, incluso, se han cancelado premios adicionales que no se han visto reflejados en el rendimiento deportivo.<\/p>\n\n\n\n<p class=\"wp-block-paragraph\">\u201c<strong>Hemos hecho acuerdo de pago con ellos, adem\u00e1s ellos han cobrado premios que lamentablemente no se reflejan en los resultados porque los premios son por la obtenci\u00f3n de algo<\/strong>\u201d, manifest\u00f3 el dirigente, dejando entrever que la situaci\u00f3n financiera no es tan cr\u00edtica como se\u00f1alan los jugadores.<\/p>\n\n\n\n<p class=\"wp-block-paragraph\">Asimismo, Guzm\u00e1n revel\u00f3 que tuvo una conversaci\u00f3n directa con el capit\u00e1n del equipo: \u201c<strong>No entiendo la actitud de los jugadores, he hablado hace unos minutos con Le\u00f3n y le he explicado que nosotros no tenemos esos meses de deuda, y que lo que s\u00ed quer\u00edamos era pagarle<\/strong>\u201d.<\/p>\n\n\n\n<hr class=\"wp-block-separator has-alpha-channel-opacity\"\/>\n\n\n\n<h2 class=\"wp-block-heading\"><strong>Un conflicto que refleja la crisis econ\u00f3mica del f\u00fatbol ecuatoriano<\/strong><\/h2>\n\n\n\n<p class=\"wp-block-paragraph\">Este cruce de declaraciones evidencia un problema estructural que no solo afecta a Emelec, sino tambi\u00e9n a varios clubes en el pa\u00eds: la <strong>falta de liquidez y retrasos en los pagos<\/strong>.<\/p>\n\n\n\n<p class=\"wp-block-paragraph\">El f\u00fatbol ecuatoriano ha experimentado una reducci\u00f3n en los ingresos provenientes de derechos de televisi\u00f3n, patrocinadores y taquilla, factores que golpean directamente la capacidad de los clubes para cumplir puntualmente con sus plantillas.<\/p>\n\n\n\n<p class=\"wp-block-paragraph\">En este contexto, la decisi\u00f3n de los jugadores de <strong>suspender entrenamientos<\/strong> no es un hecho aislado, sino un reflejo de una problem\u00e1tica recurrente que amenaza con deteriorar la competitividad de los equipos.<\/p>\n\n\n\n<hr class=\"wp-block-separator has-alpha-channel-opacity\"\/>\n\n\n\n<h2 class=\"wp-block-heading\"><strong>Impacto deportivo en la campa\u00f1a de Emelec<\/strong><\/h2>\n\n\n\n<p class=\"wp-block-paragraph\">La medida tomada por los jugadores llega en un momento clave de la temporada. El <strong>equipo el\u00e9ctrico<\/strong> necesita sumar puntos de manera urgente para no quedar rezagado en la tabla de posiciones y seguir en la lucha por un cupo internacional.<\/p>\n\n\n\n<p class=\"wp-block-paragraph\">La falta de entrenamientos podr\u00eda generar un impacto directo en el <strong>rendimiento f\u00edsico y t\u00e1ctico del plantel<\/strong>, debilitando la preparaci\u00f3n para los pr\u00f3ximos compromisos oficiales. Adem\u00e1s, la incertidumbre generada podr\u00eda influir negativamente en la moral del equipo y, en consecuencia, en los resultados dentro del campo de juego.<\/p>\n\n\n\n<p class=\"wp-block-paragraph\">La hinchada azul, acostumbrada a exigir resultados inmediatos, observa con preocupaci\u00f3n esta disputa que amenaza con convertirse en una crisis institucional prolongada.<\/p>\n\n\n\n<hr class=\"wp-block-separator has-alpha-channel-opacity\"\/>\n\n\n\n<h2 class=\"wp-block-heading\"><strong>El rol del capit\u00e1n y la uni\u00f3n del grupo<\/strong><\/h2>\n\n\n\n<p class=\"wp-block-paragraph\">El liderazgo de <strong>Luis Fernando Le\u00f3n<\/strong> ha sido determinante en este conflicto. Como capit\u00e1n, ha puesto la voz de los jugadores por encima de los intereses individuales, marcando una postura firme en nombre de sus compa\u00f1eros.<\/p>\n\n\n\n<p class=\"wp-block-paragraph\">El hecho de que el pronunciamiento cuente con el <strong>respaldo total del plantel<\/strong> refleja una uni\u00f3n interna que fortalece la medida, aunque al mismo tiempo complica las posibilidades de la dirigencia de resolver el problema mediante negociaciones individuales.<\/p>\n\n\n\n<hr class=\"wp-block-separator has-alpha-channel-opacity\"\/>\n\n\n\n<h2 class=\"wp-block-heading\"><strong>La posici\u00f3n de la directiva y los pr\u00f3ximos pasos<\/strong><\/h2>\n\n\n\n<p class=\"wp-block-paragraph\">Jorge Guzm\u00e1n ha dejado claro que la dirigencia est\u00e1 dispuesta a <strong>honrar los compromisos<\/strong>, pero rechaza la afirmaci\u00f3n de que existan deudas de hasta ocho meses. Seg\u00fan su versi\u00f3n, los pagos se han realizado bajo acuerdos pactados y, en algunos casos, con incentivos adicionales.<\/p>\n\n\n\n<p class=\"wp-block-paragraph\">Sin embargo, los pr\u00f3ximos d\u00edas ser\u00e1n cruciales para determinar si existe un <strong>punto de encuentro entre directiva y jugadores<\/strong>, o si el conflicto se prolonga, comprometiendo el futuro deportivo e institucional del club.<\/p>\n\n\n\n<p class=\"wp-block-paragraph\">Una eventual mediaci\u00f3n de la <strong>Federaci\u00f3n Ecuatoriana de F\u00fatbol (FEF)<\/strong> o de la <strong>LigaPro<\/strong> podr\u00eda ser necesaria para encaminar una soluci\u00f3n y evitar que la situaci\u00f3n se agrave.<\/p>\n\n\n\n<hr class=\"wp-block-separator has-alpha-channel-opacity\"\/>\n\n\n\n<h2 class=\"wp-block-heading\"><strong>Repercusiones en la hinchada y en la imagen del club<\/strong><\/h2>\n\n\n\n<p class=\"wp-block-paragraph\">El conflicto no solo impacta en lo deportivo y lo econ\u00f3mico, sino tambi\u00e9n en la <strong>imagen institucional de Emelec<\/strong>. El club, hist\u00f3ricamente reconocido por su solidez y competitividad, enfrenta ahora un escenario que proyecta inestabilidad hacia los medios y los aficionados.<\/p>\n\n\n\n<p class=\"wp-block-paragraph\">La hinchada, siempre exigente y apasionada, ha reaccionado en redes sociales dividi\u00e9ndose entre quienes respaldan a los jugadores por exigir lo que les corresponde y quienes defienden a la directiva por intentar mantener la estabilidad administrativa.<\/p>\n\n\n\n<p class=\"wp-block-paragraph\">La credibilidad del club se encuentra en juego, y la forma en que se resuelva este conflicto ser\u00e1 determinante para su <strong>reputaci\u00f3n futura<\/strong>.<\/p>\n\n\n\n<p class=\"wp-block-paragraph\"><\/p>\n","protected":false},"excerpt":{"rendered":"<p>El Club Sport Emelec atraviesa uno de los momentos m\u00e1s delicados de su historia reciente. La relaci\u00f3n entre la directiva presidida por Jorge Guzm\u00e1n Mancilla y el primer plantel se ha tensado de manera evidente luego de que los jugadores anunciaran p\u00fablicamente su decisi\u00f3n de no entrenar hasta que se cumplan los compromisos econ\u00f3micos pendientes. [&hellip;]<\/p>\n","protected":false},"author":1,"featured_media":22203,"comment_status":"open","ping_status":"open","sticky":false,"template":"","format":"standard","meta":{"footnotes":""},"categories":[1],"tags":[],"class_list":["post-22202","post","type-post","status-publish","format-standard","has-post-thumbnail","hentry","category-ultimas-noticias"],"yoast_head":"<!-- This site is optimized with the Yoast SEO plugin v28.3 - https:\/\/yoast.com\/product\/yoast-seo-wordpress\/ -->\n<title>Jorge Guzm\u00e1n, presidente de Emelec, reacciona ante la postura de los jugadores de no entrenar: \u201cNo entiendo su actitud\u201d - 92.5 FOREVER Radio<\/title>\n<meta name=\"description\" content=\"El presidente de Emelec, Jorge Guzm\u00e1n, responde al plantel tras su decisi\u00f3n de no entrenar por deudas pendientes. Conoce los detalles del conflicto\" \/>\n<meta name=\"robots\" content=\"index, follow, max-snippet:-1, max-image-preview:large, max-video-preview:-1\" \/>\n<link rel=\"canonical\" href=\"https:\/\/foreverfutbol.com.ec\/radio\/ultimas-noticias\/jorge-guzman-presidente-de-emelec-reacciona-ante-la-postura-de-los-jugadores-de-no-entrenar-no-entiendo-su-actitud\/\" \/>\n<meta property=\"og:locale\" content=\"es_ES\" \/>\n<meta property=\"og:type\" content=\"article\" \/>\n<meta property=\"og:title\" content=\"Jorge Guzm\u00e1n, presidente de Emelec, reacciona ante la postura de los jugadores de no entrenar: \u201cNo entiendo su actitud\u201d - 92.5 FOREVER Radio\" \/>\n<meta property=\"og:description\" content=\"El presidente de Emelec, Jorge Guzm\u00e1n, responde al plantel tras su decisi\u00f3n de no entrenar por deudas pendientes. Conoce los detalles del conflicto\" \/>\n<meta property=\"og:url\" content=\"https:\/\/foreverfutbol.com.ec\/radio\/ultimas-noticias\/jorge-guzman-presidente-de-emelec-reacciona-ante-la-postura-de-los-jugadores-de-no-entrenar-no-entiendo-su-actitud\/\" \/>\n<meta property=\"og:site_name\" content=\"92.5 FOREVER Radio\" \/>\n<meta property=\"article:publisher\" content=\"https:\/\/www.facebook.com\/profile.php?id=100063550693491\" \/>\n<meta property=\"article:published_time\" content=\"2025-10-02T22:06:21+00:00\" \/>\n<meta property=\"article:modified_time\" content=\"2025-10-02T22:06:22+00:00\" \/>\n<meta property=\"og:image\" content=\"https:\/\/foreverfutbol.com.ec\/radio\/wp-content\/uploads\/2025\/10\/image-26-13.webp\" \/>\n\t<meta property=\"og:image:width\" content=\"1301\" \/>\n\t<meta property=\"og:image:height\" content=\"1005\" \/>\n\t<meta property=\"og:image:type\" content=\"image\/webp\" \/>\n<meta name=\"author\" content=\"Ricardo Rodriguez\" \/>\n<meta name=\"twitter:card\" content=\"summary_large_image\" \/>\n<meta name=\"twitter:creator\" content=\"@925forever\" \/>\n<meta name=\"twitter:site\" content=\"@925forever\" \/>\n<meta name=\"twitter:label1\" content=\"Escrito por\" \/>\n\t<meta name=\"twitter:data1\" content=\"Ricardo Rodriguez\" \/>\n\t<meta name=\"twitter:label2\" content=\"Tiempo de lectura\" \/>\n\t<meta name=\"twitter:data2\" content=\"5 minutos\" \/>\n<script type=\"application\/ld+json\" class=\"yoast-schema-graph\">{\"@context\":\"https:\\\/\\\/schema.org\",\"@graph\":[{\"@type\":\"Article\",\"@id\":\"https:\\\/\\\/foreverfutbol.com.ec\\\/radio\\\/ultimas-noticias\\\/jorge-guzman-presidente-de-emelec-reacciona-ante-la-postura-de-los-jugadores-de-no-entrenar-no-entiendo-su-actitud\\\/#article\",\"isPartOf\":{\"@id\":\"https:\\\/\\\/foreverfutbol.com.ec\\\/radio\\\/ultimas-noticias\\\/jorge-guzman-presidente-de-emelec-reacciona-ante-la-postura-de-los-jugadores-de-no-entrenar-no-entiendo-su-actitud\\\/\"},\"author\":{\"name\":\"Ricardo Rodriguez\",\"@id\":\"https:\\\/\\\/foreverfutbol.com.ec\\\/radio\\\/#\\\/schema\\\/person\\\/2f679dd16f889ac00df6e7b648062a01\"},\"headline\":\"Jorge Guzm\u00e1n, presidente de Emelec, reacciona ante la postura de los jugadores de no entrenar: \u201cNo entiendo su actitud\u201d\",\"datePublished\":\"2025-10-02T22:06:21+00:00\",\"dateModified\":\"2025-10-02T22:06:22+00:00\",\"mainEntityOfPage\":{\"@id\":\"https:\\\/\\\/foreverfutbol.com.ec\\\/radio\\\/ultimas-noticias\\\/jorge-guzman-presidente-de-emelec-reacciona-ante-la-postura-de-los-jugadores-de-no-entrenar-no-entiendo-su-actitud\\\/\"},\"wordCount\":1016,\"commentCount\":0,\"publisher\":{\"@id\":\"https:\\\/\\\/foreverfutbol.com.ec\\\/radio\\\/#organization\"},\"image\":{\"@id\":\"https:\\\/\\\/foreverfutbol.com.ec\\\/radio\\\/ultimas-noticias\\\/jorge-guzman-presidente-de-emelec-reacciona-ante-la-postura-de-los-jugadores-de-no-entrenar-no-entiendo-su-actitud\\\/#primaryimage\"},\"thumbnailUrl\":\"https:\\\/\\\/foreverfutbol.com.ec\\\/radio\\\/wp-content\\\/uploads\\\/2025\\\/10\\\/image-26-13.webp\",\"articleSection\":[\"ultimas-noticias\"],\"inLanguage\":\"es\",\"potentialAction\":[{\"@type\":\"CommentAction\",\"name\":\"Comment\",\"target\":[\"https:\\\/\\\/foreverfutbol.com.ec\\\/radio\\\/ultimas-noticias\\\/jorge-guzman-presidente-de-emelec-reacciona-ante-la-postura-de-los-jugadores-de-no-entrenar-no-entiendo-su-actitud\\\/#respond\"]}]},{\"@type\":\"WebPage\",\"@id\":\"https:\\\/\\\/foreverfutbol.com.ec\\\/radio\\\/ultimas-noticias\\\/jorge-guzman-presidente-de-emelec-reacciona-ante-la-postura-de-los-jugadores-de-no-entrenar-no-entiendo-su-actitud\\\/\",\"url\":\"https:\\\/\\\/foreverfutbol.com.ec\\\/radio\\\/ultimas-noticias\\\/jorge-guzman-presidente-de-emelec-reacciona-ante-la-postura-de-los-jugadores-de-no-entrenar-no-entiendo-su-actitud\\\/\",\"name\":\"Jorge Guzm\u00e1n, presidente de Emelec, reacciona ante la postura de los jugadores de no entrenar: \u201cNo entiendo su actitud\u201d - 92.5 FOREVER Radio\",\"isPartOf\":{\"@id\":\"https:\\\/\\\/foreverfutbol.com.ec\\\/radio\\\/#website\"},\"primaryImageOfPage\":{\"@id\":\"https:\\\/\\\/foreverfutbol.com.ec\\\/radio\\\/ultimas-noticias\\\/jorge-guzman-presidente-de-emelec-reacciona-ante-la-postura-de-los-jugadores-de-no-entrenar-no-entiendo-su-actitud\\\/#primaryimage\"},\"image\":{\"@id\":\"https:\\\/\\\/foreverfutbol.com.ec\\\/radio\\\/ultimas-noticias\\\/jorge-guzman-presidente-de-emelec-reacciona-ante-la-postura-de-los-jugadores-de-no-entrenar-no-entiendo-su-actitud\\\/#primaryimage\"},\"thumbnailUrl\":\"https:\\\/\\\/foreverfutbol.com.ec\\\/radio\\\/wp-content\\\/uploads\\\/2025\\\/10\\\/image-26-13.webp\",\"datePublished\":\"2025-10-02T22:06:21+00:00\",\"dateModified\":\"2025-10-02T22:06:22+00:00\",\"description\":\"El presidente de Emelec, Jorge Guzm\u00e1n, responde al plantel tras su decisi\u00f3n de no entrenar por deudas pendientes. Conoce los detalles del conflicto\",\"breadcrumb\":{\"@id\":\"https:\\\/\\\/foreverfutbol.com.ec\\\/radio\\\/ultimas-noticias\\\/jorge-guzman-presidente-de-emelec-reacciona-ante-la-postura-de-los-jugadores-de-no-entrenar-no-entiendo-su-actitud\\\/#breadcrumb\"},\"inLanguage\":\"es\",\"potentialAction\":[{\"@type\":\"ReadAction\",\"target\":[\"https:\\\/\\\/foreverfutbol.com.ec\\\/radio\\\/ultimas-noticias\\\/jorge-guzman-presidente-de-emelec-reacciona-ante-la-postura-de-los-jugadores-de-no-entrenar-no-entiendo-su-actitud\\\/\"]}]},{\"@type\":\"ImageObject\",\"inLanguage\":\"es\",\"@id\":\"https:\\\/\\\/foreverfutbol.com.ec\\\/radio\\\/ultimas-noticias\\\/jorge-guzman-presidente-de-emelec-reacciona-ante-la-postura-de-los-jugadores-de-no-entrenar-no-entiendo-su-actitud\\\/#primaryimage\",\"url\":\"https:\\\/\\\/foreverfutbol.com.ec\\\/radio\\\/wp-content\\\/uploads\\\/2025\\\/10\\\/image-26-13.webp\",\"contentUrl\":\"https:\\\/\\\/foreverfutbol.com.ec\\\/radio\\\/wp-content\\\/uploads\\\/2025\\\/10\\\/image-26-13.webp\",\"width\":1301,\"height\":1005,\"caption\":\"Jorge Guzm\u00e1n, presidente de Emelec, reacciona ante la postura de los jugadores de no entrenar: \u201cNo entiendo su actitud\u201d\"},{\"@type\":\"BreadcrumbList\",\"@id\":\"https:\\\/\\\/foreverfutbol.com.ec\\\/radio\\\/ultimas-noticias\\\/jorge-guzman-presidente-de-emelec-reacciona-ante-la-postura-de-los-jugadores-de-no-entrenar-no-entiendo-su-actitud\\\/#breadcrumb\",\"itemListElement\":[{\"@type\":\"ListItem\",\"position\":1,\"name\":\"Portada\",\"item\":\"https:\\\/\\\/foreverfutbol.com.ec\\\/radio\\\/\"},{\"@type\":\"ListItem\",\"position\":2,\"name\":\"Jorge Guzm\u00e1n, presidente de Emelec, reacciona ante la postura de los jugadores de no entrenar: \u201cNo entiendo su actitud\u201d\"}]},{\"@type\":\"WebSite\",\"@id\":\"https:\\\/\\\/foreverfutbol.com.ec\\\/radio\\\/#website\",\"url\":\"https:\\\/\\\/foreverfutbol.com.ec\\\/radio\\\/\",\"name\":\"92.5 FOREVER Radio\",\"description\":\"\",\"publisher\":{\"@id\":\"https:\\\/\\\/foreverfutbol.com.ec\\\/radio\\\/#organization\"},\"potentialAction\":[{\"@type\":\"SearchAction\",\"target\":{\"@type\":\"EntryPoint\",\"urlTemplate\":\"https:\\\/\\\/foreverfutbol.com.ec\\\/radio\\\/?s={search_term_string}\"},\"query-input\":{\"@type\":\"PropertyValueSpecification\",\"valueRequired\":true,\"valueName\":\"search_term_string\"}}],\"inLanguage\":\"es\"},{\"@type\":\"Organization\",\"@id\":\"https:\\\/\\\/foreverfutbol.com.ec\\\/radio\\\/#organization\",\"name\":\"92.5 FOREVER Radio\",\"url\":\"https:\\\/\\\/foreverfutbol.com.ec\\\/radio\\\/\",\"logo\":{\"@type\":\"ImageObject\",\"inLanguage\":\"es\",\"@id\":\"https:\\\/\\\/foreverfutbol.com.ec\\\/radio\\\/#\\\/schema\\\/logo\\\/image\\\/\",\"url\":\"https:\\\/\\\/foreverfutbol.com.ec\\\/radio\\\/wp-content\\\/uploads\\\/2024\\\/01\\\/cropped-logo-forever.png\",\"contentUrl\":\"https:\\\/\\\/foreverfutbol.com.ec\\\/radio\\\/wp-content\\\/uploads\\\/2024\\\/01\\\/cropped-logo-forever.png\",\"width\":180,\"height\":154,\"caption\":\"92.5 FOREVER Radio\"},\"image\":{\"@id\":\"https:\\\/\\\/foreverfutbol.com.ec\\\/radio\\\/#\\\/schema\\\/logo\\\/image\\\/\"},\"sameAs\":[\"https:\\\/\\\/www.facebook.com\\\/profile.php?id=100063550693491\",\"https:\\\/\\\/x.com\\\/925forever\",\"https:\\\/\\\/www.instagram.com\\\/radioforever925\\\/\"]},{\"@type\":\"Person\",\"@id\":\"https:\\\/\\\/foreverfutbol.com.ec\\\/radio\\\/#\\\/schema\\\/person\\\/2f679dd16f889ac00df6e7b648062a01\",\"name\":\"Ricardo Rodriguez\",\"image\":{\"@type\":\"ImageObject\",\"inLanguage\":\"es\",\"@id\":\"https:\\\/\\\/secure.gravatar.com\\\/avatar\\\/5d9dfb95700bd0c503ed088d29de94822b5cc66a74cb0362774e6fc534823d07?s=96&d=mm&r=g\",\"url\":\"https:\\\/\\\/secure.gravatar.com\\\/avatar\\\/5d9dfb95700bd0c503ed088d29de94822b5cc66a74cb0362774e6fc534823d07?s=96&d=mm&r=g\",\"contentUrl\":\"https:\\\/\\\/secure.gravatar.com\\\/avatar\\\/5d9dfb95700bd0c503ed088d29de94822b5cc66a74cb0362774e6fc534823d07?s=96&d=mm&r=g\",\"caption\":\"Ricardo Rodriguez\"},\"sameAs\":[\"https:\\\/\\\/foreverfutbol.com.ec\\\/radio\"],\"url\":\"https:\\\/\\\/foreverfutbol.com.ec\\\/radio\\\/author\\\/superdmin\\\/\"}]}<\/script>\n<!-- \/ Yoast SEO plugin. -->","yoast_head_json":{"title":"Jorge Guzm\u00e1n, presidente de Emelec, reacciona ante la postura de los jugadores de no entrenar: \u201cNo entiendo su actitud\u201d - 92.5 FOREVER Radio","description":"El presidente de Emelec, Jorge Guzm\u00e1n, responde al plantel tras su decisi\u00f3n de no entrenar por deudas pendientes. Conoce los detalles del conflicto","robots":{"index":"index","follow":"follow","max-snippet":"max-snippet:-1","max-image-preview":"max-image-preview:large","max-video-preview":"max-video-preview:-1"},"canonical":"https:\/\/foreverfutbol.com.ec\/radio\/ultimas-noticias\/jorge-guzman-presidente-de-emelec-reacciona-ante-la-postura-de-los-jugadores-de-no-entrenar-no-entiendo-su-actitud\/","og_locale":"es_ES","og_type":"article","og_title":"Jorge Guzm\u00e1n, presidente de Emelec, reacciona ante la postura de los jugadores de no entrenar: \u201cNo entiendo su actitud\u201d - 92.5 FOREVER Radio","og_description":"El presidente de Emelec, Jorge Guzm\u00e1n, responde al plantel tras su decisi\u00f3n de no entrenar por deudas pendientes. Conoce los detalles del conflicto","og_url":"https:\/\/foreverfutbol.com.ec\/radio\/ultimas-noticias\/jorge-guzman-presidente-de-emelec-reacciona-ante-la-postura-de-los-jugadores-de-no-entrenar-no-entiendo-su-actitud\/","og_site_name":"92.5 FOREVER Radio","article_publisher":"https:\/\/www.facebook.com\/profile.php?id=100063550693491","article_published_time":"2025-10-02T22:06:21+00:00","article_modified_time":"2025-10-02T22:06:22+00:00","og_image":[{"width":1301,"height":1005,"url":"https:\/\/foreverfutbol.com.ec\/radio\/wp-content\/uploads\/2025\/10\/image-26-13.webp","type":"image\/webp"}],"author":"Ricardo Rodriguez","twitter_card":"summary_large_image","twitter_creator":"@925forever","twitter_site":"@925forever","twitter_misc":{"Escrito por":"Ricardo Rodriguez","Tiempo de lectura":"5 minutos"},"schema":{"@context":"https:\/\/schema.org","@graph":[{"@type":"Article","@id":"https:\/\/foreverfutbol.com.ec\/radio\/ultimas-noticias\/jorge-guzman-presidente-de-emelec-reacciona-ante-la-postura-de-los-jugadores-de-no-entrenar-no-entiendo-su-actitud\/#article","isPartOf":{"@id":"https:\/\/foreverfutbol.com.ec\/radio\/ultimas-noticias\/jorge-guzman-presidente-de-emelec-reacciona-ante-la-postura-de-los-jugadores-de-no-entrenar-no-entiendo-su-actitud\/"},"author":{"name":"Ricardo Rodriguez","@id":"https:\/\/foreverfutbol.com.ec\/radio\/#\/schema\/person\/2f679dd16f889ac00df6e7b648062a01"},"headline":"Jorge Guzm\u00e1n, presidente de Emelec, reacciona ante la postura de los jugadores de no entrenar: \u201cNo entiendo su actitud\u201d","datePublished":"2025-10-02T22:06:21+00:00","dateModified":"2025-10-02T22:06:22+00:00","mainEntityOfPage":{"@id":"https:\/\/foreverfutbol.com.ec\/radio\/ultimas-noticias\/jorge-guzman-presidente-de-emelec-reacciona-ante-la-postura-de-los-jugadores-de-no-entrenar-no-entiendo-su-actitud\/"},"wordCount":1016,"commentCount":0,"publisher":{"@id":"https:\/\/foreverfutbol.com.ec\/radio\/#organization"},"image":{"@id":"https:\/\/foreverfutbol.com.ec\/radio\/ultimas-noticias\/jorge-guzman-presidente-de-emelec-reacciona-ante-la-postura-de-los-jugadores-de-no-entrenar-no-entiendo-su-actitud\/#primaryimage"},"thumbnailUrl":"https:\/\/foreverfutbol.com.ec\/radio\/wp-content\/uploads\/2025\/10\/image-26-13.webp","articleSection":["ultimas-noticias"],"inLanguage":"es","potentialAction":[{"@type":"CommentAction","name":"Comment","target":["https:\/\/foreverfutbol.com.ec\/radio\/ultimas-noticias\/jorge-guzman-presidente-de-emelec-reacciona-ante-la-postura-de-los-jugadores-de-no-entrenar-no-entiendo-su-actitud\/#respond"]}]},{"@type":"WebPage","@id":"https:\/\/foreverfutbol.com.ec\/radio\/ultimas-noticias\/jorge-guzman-presidente-de-emelec-reacciona-ante-la-postura-de-los-jugadores-de-no-entrenar-no-entiendo-su-actitud\/","url":"https:\/\/foreverfutbol.com.ec\/radio\/ultimas-noticias\/jorge-guzman-presidente-de-emelec-reacciona-ante-la-postura-de-los-jugadores-de-no-entrenar-no-entiendo-su-actitud\/","name":"Jorge Guzm\u00e1n, presidente de Emelec, reacciona ante la postura de los jugadores de no entrenar: \u201cNo entiendo su actitud\u201d - 92.5 FOREVER Radio","isPartOf":{"@id":"https:\/\/foreverfutbol.com.ec\/radio\/#website"},"primaryImageOfPage":{"@id":"https:\/\/foreverfutbol.com.ec\/radio\/ultimas-noticias\/jorge-guzman-presidente-de-emelec-reacciona-ante-la-postura-de-los-jugadores-de-no-entrenar-no-entiendo-su-actitud\/#primaryimage"},"image":{"@id":"https:\/\/foreverfutbol.com.ec\/radio\/ultimas-noticias\/jorge-guzman-presidente-de-emelec-reacciona-ante-la-postura-de-los-jugadores-de-no-entrenar-no-entiendo-su-actitud\/#primaryimage"},"thumbnailUrl":"https:\/\/foreverfutbol.com.ec\/radio\/wp-content\/uploads\/2025\/10\/image-26-13.webp","datePublished":"2025-10-02T22:06:21+00:00","dateModified":"2025-10-02T22:06:22+00:00","description":"El presidente de Emelec, Jorge Guzm\u00e1n, responde al plantel tras su decisi\u00f3n de no entrenar por deudas pendientes. Conoce los detalles del conflicto","breadcrumb":{"@id":"https:\/\/foreverfutbol.com.ec\/radio\/ultimas-noticias\/jorge-guzman-presidente-de-emelec-reacciona-ante-la-postura-de-los-jugadores-de-no-entrenar-no-entiendo-su-actitud\/#breadcrumb"},"inLanguage":"es","potentialAction":[{"@type":"ReadAction","target":["https:\/\/foreverfutbol.com.ec\/radio\/ultimas-noticias\/jorge-guzman-presidente-de-emelec-reacciona-ante-la-postura-de-los-jugadores-de-no-entrenar-no-entiendo-su-actitud\/"]}]},{"@type":"ImageObject","inLanguage":"es","@id":"https:\/\/foreverfutbol.com.ec\/radio\/ultimas-noticias\/jorge-guzman-presidente-de-emelec-reacciona-ante-la-postura-de-los-jugadores-de-no-entrenar-no-entiendo-su-actitud\/#primaryimage","url":"https:\/\/foreverfutbol.com.ec\/radio\/wp-content\/uploads\/2025\/10\/image-26-13.webp","contentUrl":"https:\/\/foreverfutbol.com.ec\/radio\/wp-content\/uploads\/2025\/10\/image-26-13.webp","width":1301,"height":1005,"caption":"Jorge Guzm\u00e1n, presidente de Emelec, reacciona ante la postura de los jugadores de no entrenar: \u201cNo entiendo su actitud\u201d"},{"@type":"BreadcrumbList","@id":"https:\/\/foreverfutbol.com.ec\/radio\/ultimas-noticias\/jorge-guzman-presidente-de-emelec-reacciona-ante-la-postura-de-los-jugadores-de-no-entrenar-no-entiendo-su-actitud\/#breadcrumb","itemListElement":[{"@type":"ListItem","position":1,"name":"Portada","item":"https:\/\/foreverfutbol.com.ec\/radio\/"},{"@type":"ListItem","position":2,"name":"Jorge Guzm\u00e1n, presidente de Emelec, reacciona ante la postura de los jugadores de no entrenar: \u201cNo entiendo su actitud\u201d"}]},{"@type":"WebSite","@id":"https:\/\/foreverfutbol.com.ec\/radio\/#website","url":"https:\/\/foreverfutbol.com.ec\/radio\/","name":"92.5 FOREVER Radio","description":"","publisher":{"@id":"https:\/\/foreverfutbol.com.ec\/radio\/#organization"},"potentialAction":[{"@type":"SearchAction","target":{"@type":"EntryPoint","urlTemplate":"https:\/\/foreverfutbol.com.ec\/radio\/?s={search_term_string}"},"query-input":{"@type":"PropertyValueSpecification","valueRequired":true,"valueName":"search_term_string"}}],"inLanguage":"es"},{"@type":"Organization","@id":"https:\/\/foreverfutbol.com.ec\/radio\/#organization","name":"92.5 FOREVER Radio","url":"https:\/\/foreverfutbol.com.ec\/radio\/","logo":{"@type":"ImageObject","inLanguage":"es","@id":"https:\/\/foreverfutbol.com.ec\/radio\/#\/schema\/logo\/image\/","url":"https:\/\/foreverfutbol.com.ec\/radio\/wp-content\/uploads\/2024\/01\/cropped-logo-forever.png","contentUrl":"https:\/\/foreverfutbol.com.ec\/radio\/wp-content\/uploads\/2024\/01\/cropped-logo-forever.png","width":180,"height":154,"caption":"92.5 FOREVER Radio"},"image":{"@id":"https:\/\/foreverfutbol.com.ec\/radio\/#\/schema\/logo\/image\/"},"sameAs":["https:\/\/www.facebook.com\/profile.php?id=100063550693491","https:\/\/x.com\/925forever","https:\/\/www.instagram.com\/radioforever925\/"]},{"@type":"Person","@id":"https:\/\/foreverfutbol.com.ec\/radio\/#\/schema\/person\/2f679dd16f889ac00df6e7b648062a01","name":"Ricardo Rodriguez","image":{"@type":"ImageObject","inLanguage":"es","@id":"https:\/\/secure.gravatar.com\/avatar\/5d9dfb95700bd0c503ed088d29de94822b5cc66a74cb0362774e6fc534823d07?s=96&d=mm&r=g","url":"https:\/\/secure.gravatar.com\/avatar\/5d9dfb95700bd0c503ed088d29de94822b5cc66a74cb0362774e6fc534823d07?s=96&d=mm&r=g","contentUrl":"https:\/\/secure.gravatar.com\/avatar\/5d9dfb95700bd0c503ed088d29de94822b5cc66a74cb0362774e6fc534823d07?s=96&d=mm&r=g","caption":"Ricardo Rodriguez"},"sameAs":["https:\/\/foreverfutbol.com.ec\/radio"],"url":"https:\/\/foreverfutbol.com.ec\/radio\/author\/superdmin\/"}]}},"_links":{"self":[{"href":"https:\/\/foreverfutbol.com.ec\/radio\/wp-json\/wp\/v2\/posts\/22202","targetHints":{"allow":["GET"]}}],"collection":[{"href":"https:\/\/foreverfutbol.com.ec\/radio\/wp-json\/wp\/v2\/posts"}],"about":[{"href":"https:\/\/foreverfutbol.com.ec\/radio\/wp-json\/wp\/v2\/types\/post"}],"author":[{"embeddable":true,"href":"https:\/\/foreverfutbol.com.ec\/radio\/wp-json\/wp\/v2\/users\/1"}],"replies":[{"embeddable":true,"href":"https:\/\/foreverfutbol.com.ec\/radio\/wp-json\/wp\/v2\/comments?post=22202"}],"version-history":[{"count":1,"href":"https:\/\/foreverfutbol.com.ec\/radio\/wp-json\/wp\/v2\/posts\/22202\/revisions"}],"predecessor-version":[{"id":22204,"href":"https:\/\/foreverfutbol.com.ec\/radio\/wp-json\/wp\/v2\/posts\/22202\/revisions\/22204"}],"wp:featuredmedia":[{"embeddable":true,"href":"https:\/\/foreverfutbol.com.ec\/radio\/wp-json\/wp\/v2\/media\/22203"}],"wp:attachment":[{"href":"https:\/\/foreverfutbol.com.ec\/radio\/wp-json\/wp\/v2\/media?parent=22202"}],"wp:term":[{"taxonomy":"category","embeddable":true,"href":"https:\/\/foreverfutbol.com.ec\/radio\/wp-json\/wp\/v2\/categories?post=22202"},{"taxonomy":"post_tag","embeddable":true,"href":"https:\/\/foreverfutbol.com.ec\/radio\/wp-json\/wp\/v2\/tags?post=22202"}],"curies":[{"name":"wp","href":"https:\/\/api.w.org\/{rel}","templated":true}]}}