{"id":19793,"date":"2025-08-13T10:06:14","date_gmt":"2025-08-13T15:06:14","guid":{"rendered":"https:\/\/foreverfutbol.com.ec\/radio\/?p=19793"},"modified":"2025-08-13T10:06:15","modified_gmt":"2025-08-13T15:06:15","slug":"ministro-de-salud-aclara-que-fallecimiento-de-12-neonatos","status":"publish","type":"post","link":"https:\/\/foreverfutbol.com.ec\/radio\/salud\/ministro-de-salud-aclara-que-fallecimiento-de-12-neonatos\/","title":{"rendered":"Ministro de Salud aclara que fallecimiento de 12 neonatos"},"content":{"rendered":"\n<p class=\"wp-block-paragraph\">El reciente caso del <strong>fallecimiento de doce neonatos en el Hospital Universitario de Guayaquil<\/strong> ha generado una profunda preocupaci\u00f3n en la ciudadan\u00eda y en el sistema de salud ecuatoriano. En medio de rumores y versiones contradictorias, el <strong>ministro de Salud, Jimmy Martin<\/strong>, compareci\u00f3 ante la <strong>Comisi\u00f3n de Salud de la Asamblea Nacional<\/strong> para entregar detalles precisos sobre lo sucedido y despejar dudas sobre las verdaderas causas de las muertes.<\/p>\n\n\n\n<h2 class=\"wp-block-heading\"><strong>Desmentido categ\u00f3rico a la versi\u00f3n de reutilizaci\u00f3n de c\u00e1nulas nasales<\/strong><\/h2>\n\n\n\n<p class=\"wp-block-paragraph\">Durante su intervenci\u00f3n, el ministro fue enf\u00e1tico:<\/p>\n\n\n\n<blockquote class=\"wp-block-quote is-layout-flow wp-block-quote-is-layout-flow\">\n<p class=\"wp-block-paragraph\">\u201cTodos los que dijeron e hicieron eco de que se hab\u00edan reutilizado las c\u00e1nulas, le han mentido a la ciudadan\u00eda\u201d.<\/p>\n<\/blockquote>\n\n\n\n<p class=\"wp-block-paragraph\">Esta declaraci\u00f3n busca frenar la propagaci\u00f3n de versiones no oficiales que se\u00f1alaban a la <strong>falta de insumos m\u00e9dicos<\/strong> como principal causa. <strong>Humberto Plaza<\/strong>, gobernador del Guayas, ya hab\u00eda negado d\u00edas antes cualquier relaci\u00f3n entre el hecho y un desabastecimiento de material m\u00e9dico, particularmente de <strong>c\u00e1nulas nasales<\/strong> utilizadas en la Unidad de Cuidados Intensivos Neonatales (UCIN).<\/p>\n\n\n\n<h2 class=\"wp-block-heading\"><strong>Confirmaci\u00f3n de brote epidemiol\u00f3gico por Klebsiella pneumoniae<\/strong><\/h2>\n\n\n\n<p class=\"wp-block-paragraph\">Seg\u00fan explic\u00f3 <strong>Jimmy Martin<\/strong>, las muertes se atribuyen a un <strong>brote epidemiol\u00f3gico<\/strong> causado por la bacteria <strong>Klebsiella pneumoniae<\/strong>, un microorganismo conocido por su resistencia a m\u00faltiples antibi\u00f3ticos y por provocar infecciones graves en pacientes con sistemas inmunitarios vulnerables, como los reci\u00e9n nacidos prematuros.<\/p>\n\n\n\n<p class=\"wp-block-paragraph\">El ministro record\u00f3 que este tipo de brotes pueden ocurrir en <strong>cualquier Unidad de Cuidados Intensivos Neonatales<\/strong>, tanto a nivel nacional como internacional, y que las medidas de control epidemiol\u00f3gico fueron activadas inmediatamente al detectarse la presencia de la bacteria.<\/p>\n\n\n\n<h2 class=\"wp-block-heading\"><strong>Medidas adoptadas para controlar el brote<\/strong><\/h2>\n\n\n\n<p class=\"wp-block-paragraph\">El titular de la cartera de Salud inform\u00f3 que el brote ya est\u00e1 <strong>bajo control<\/strong> y que se est\u00e1n implementando protocolos reforzados para evitar que situaciones similares vuelvan a ocurrir. Entre las acciones tomadas se encuentran:<\/p>\n\n\n\n<ul class=\"wp-block-list\">\n<li><strong>Refuerzo de los protocolos de asepsia y antisepsia<\/strong> en todas las \u00e1reas cr\u00edticas del hospital.<\/li>\n\n\n\n<li><strong>Aislamiento de pacientes<\/strong> afectados para evitar la propagaci\u00f3n bacteriana.<\/li>\n\n\n\n<li><strong>Auditor\u00edas internas y externas<\/strong> a los procesos de esterilizaci\u00f3n y manejo de insumos m\u00e9dicos.<\/li>\n\n\n\n<li><strong>Capacitaci\u00f3n al personal m\u00e9dico y de enfermer\u00eda<\/strong> sobre prevenci\u00f3n y control de infecciones intrahospitalarias.<\/li>\n<\/ul>\n\n\n\n<p class=\"wp-block-paragraph\">Martin recalc\u00f3 que las <strong>fuentes de contagio est\u00e1n siendo investigadas<\/strong> y que se aplicar\u00e1n sanciones si se determina alguna negligencia.<\/p>\n\n\n\n<h2 class=\"wp-block-heading\"><strong>Hospital Universitario descarta contaminaci\u00f3n generalizada en la UCIN<\/strong><\/h2>\n\n\n\n<p class=\"wp-block-paragraph\">En un comunicado oficial, el <strong>Hospital Universitario de Guayaquil<\/strong> se\u00f1al\u00f3 que las causas de fallecimiento fueron <strong>multifactoriales<\/strong>. La mayor\u00eda de los neonatos presentaban <strong>complicaciones derivadas de nacimientos prematuros o muy prematuros<\/strong>, lo que aumenta su vulnerabilidad ante infecciones.<\/p>\n\n\n\n<p class=\"wp-block-paragraph\">De los doce casos, <strong>dos fueron atribuidos directamente<\/strong> a la infecci\u00f3n por <em>Klebsiella pneumoniae<\/em>. El resto present\u00f3 condiciones cl\u00ednicas complejas previas que dificultaron su recuperaci\u00f3n. Asimismo, la instituci\u00f3n descart\u00f3 cualquier <strong>contaminaci\u00f3n masiva en la UCIN<\/strong> y neg\u00f3 rotundamente la <strong>reutilizaci\u00f3n de insumos m\u00e9dicos<\/strong>.<\/p>\n\n\n\n<h2 class=\"wp-block-heading\"><strong>La Klebsiella pneumoniae y su impacto en neonatos<\/strong><\/h2>\n\n\n\n<p class=\"wp-block-paragraph\">La <em>Klebsiella pneumoniae<\/em> es una bacteria que se encuentra en entornos hospitalarios y que puede provocar infecciones graves como neumon\u00eda, septicemia y meningitis. En <strong>neonatos prematuros<\/strong>, el riesgo es mayor debido a su sistema inmunol\u00f3gico inmaduro.<\/p>\n\n\n\n<p class=\"wp-block-paragraph\">Esta bacteria suele transmitirse por contacto directo con superficies contaminadas, instrumentos m\u00e9dicos o personal de salud que no ha seguido de forma estricta los protocolos de higiene. La <strong>prevenci\u00f3n<\/strong> es clave y requiere de medidas rigurosas de <strong>esterilizaci\u00f3n y control de infecciones<\/strong>.<\/p>\n\n\n\n<h2 class=\"wp-block-heading\"><strong>Reacciones de autoridades y llamado a la calma<\/strong><\/h2>\n\n\n\n<p class=\"wp-block-paragraph\">Tanto el Ministerio de Salud como el Gobierno del Guayas han hecho un llamado a <strong>mantener la calma<\/strong> y confiar en la investigaci\u00f3n oficial. El ministro insisti\u00f3 en que <strong>no hubo negligencia en el suministro de insumos<\/strong> y que se actu\u00f3 con celeridad para contener el brote.<\/p>\n\n\n\n<p class=\"wp-block-paragraph\">Por su parte, expertos en salud p\u00fablica se\u00f1alan que la transparencia en este tipo de casos es esencial para evitar la desinformaci\u00f3n y fortalecer la confianza ciudadana en el sistema sanitario.<\/p>\n\n\n\n<h2 class=\"wp-block-heading\"><strong>Fortalecimiento de la bioseguridad en hospitales del pa\u00eds<\/strong><\/h2>\n\n\n\n<p class=\"wp-block-paragraph\">El caso ha encendido las alarmas en todo el pa\u00eds, motivando a que otros hospitales revisen sus <strong>protocolos de bioseguridad<\/strong>. El Ministerio de Salud ha instruido que se realicen:<\/p>\n\n\n\n<ul class=\"wp-block-list\">\n<li><strong>Controles bacteriol\u00f3gicos peri\u00f3dicos<\/strong> en todas las UCIN.<\/li>\n\n\n\n<li><strong>Supervisi\u00f3n estricta<\/strong> del cumplimiento de normas de esterilizaci\u00f3n.<\/li>\n\n\n\n<li><strong>Revisi\u00f3n de procedimientos de manipulaci\u00f3n de equipos<\/strong> como incubadoras, respiradores y c\u00e1nulas.<\/li>\n<\/ul>\n\n\n\n<p class=\"wp-block-paragraph\">Estas acciones buscan <strong>prevenir nuevos brotes epidemiol\u00f3gicos<\/strong> y garantizar entornos hospitalarios m\u00e1s seguros para pacientes de alto riesgo.<\/p>\n\n\n\n<h2 class=\"wp-block-heading\"><strong>Transparencia y seguimiento del caso<\/strong><\/h2>\n\n\n\n<p class=\"wp-block-paragraph\">El Ministerio de Salud se comprometi\u00f3 a <strong>informar p\u00fablicamente<\/strong> los resultados de las investigaciones. Adem\u00e1s, se llevar\u00e1 un <strong>seguimiento a los familiares<\/strong> de los neonatos fallecidos para brindar apoyo m\u00e9dico y psicol\u00f3gico.<\/p>\n\n\n\n<p class=\"wp-block-paragraph\">Jimmy Martin reiter\u00f3 que la <strong>prioridad del sistema de salud<\/strong> es proteger la vida de los pacientes m\u00e1s vulnerables y que los recursos estar\u00e1n disponibles para reforzar las \u00e1reas cr\u00edticas en todos los hospitales p\u00fablicos.<\/p>\n\n\n\n<p class=\"wp-block-paragraph\"><\/p>\n","protected":false},"excerpt":{"rendered":"<p>El reciente caso del fallecimiento de doce neonatos en el Hospital Universitario de Guayaquil ha generado una profunda preocupaci\u00f3n en la ciudadan\u00eda y en el sistema de salud ecuatoriano. En medio de rumores y versiones contradictorias, el ministro de Salud, Jimmy Martin, compareci\u00f3 ante la Comisi\u00f3n de Salud de la Asamblea Nacional para entregar detalles [&hellip;]<\/p>\n","protected":false},"author":1,"featured_media":19794,"comment_status":"open","ping_status":"open","sticky":false,"template":"","format":"standard","meta":{"footnotes":""},"categories":[165,55],"tags":[],"class_list":["post-19793","post","type-post","status-publish","format-standard","has-post-thumbnail","hentry","category-salud","category-social"],"yoast_head":"<!-- This site is optimized with the Yoast SEO plugin v28.3 - https:\/\/yoast.com\/product\/yoast-seo-wordpress\/ -->\n<title>Ministro de Salud aclara que fallecimiento de 12 neonatos - 92.5 FOREVER Radio<\/title>\n<meta name=\"description\" content=\"El ministro de Salud, Jimmy Martin, confirm\u00f3 que la muerte de 12 neonatos en el Hospital Universitario de Guayaquil fue causada por un brote\" \/>\n<meta name=\"robots\" content=\"index, follow, max-snippet:-1, max-image-preview:large, max-video-preview:-1\" \/>\n<link rel=\"canonical\" href=\"https:\/\/foreverfutbol.com.ec\/radio\/salud\/ministro-de-salud-aclara-que-fallecimiento-de-12-neonatos\/\" \/>\n<meta property=\"og:locale\" content=\"es_ES\" \/>\n<meta property=\"og:type\" content=\"article\" \/>\n<meta property=\"og:title\" content=\"Ministro de Salud aclara que fallecimiento de 12 neonatos - 92.5 FOREVER Radio\" \/>\n<meta property=\"og:description\" content=\"El ministro de Salud, Jimmy Martin, confirm\u00f3 que la muerte de 12 neonatos en el Hospital Universitario de Guayaquil fue causada por un brote\" \/>\n<meta property=\"og:url\" content=\"https:\/\/foreverfutbol.com.ec\/radio\/salud\/ministro-de-salud-aclara-que-fallecimiento-de-12-neonatos\/\" \/>\n<meta property=\"og:site_name\" content=\"92.5 FOREVER Radio\" \/>\n<meta property=\"article:publisher\" content=\"https:\/\/www.facebook.com\/profile.php?id=100063550693491\" \/>\n<meta property=\"article:published_time\" content=\"2025-08-13T15:06:14+00:00\" \/>\n<meta property=\"article:modified_time\" content=\"2025-08-13T15:06:15+00:00\" \/>\n<meta property=\"og:image\" content=\"https:\/\/foreverfutbol.com.ec\/radio\/wp-content\/uploads\/2025\/08\/image-12-4-1.webp\" \/>\n\t<meta property=\"og:image:width\" content=\"1508\" \/>\n\t<meta property=\"og:image:height\" content=\"1005\" \/>\n\t<meta property=\"og:image:type\" content=\"image\/webp\" \/>\n<meta name=\"author\" content=\"Ricardo Rodriguez\" \/>\n<meta name=\"twitter:card\" content=\"summary_large_image\" \/>\n<meta name=\"twitter:creator\" content=\"@925forever\" \/>\n<meta name=\"twitter:site\" content=\"@925forever\" \/>\n<meta name=\"twitter:label1\" content=\"Escrito por\" \/>\n\t<meta name=\"twitter:data1\" content=\"Ricardo Rodriguez\" \/>\n\t<meta name=\"twitter:label2\" content=\"Tiempo de lectura\" \/>\n\t<meta name=\"twitter:data2\" content=\"4 minutos\" \/>\n<script type=\"application\/ld+json\" class=\"yoast-schema-graph\">{\"@context\":\"https:\\\/\\\/schema.org\",\"@graph\":[{\"@type\":\"Article\",\"@id\":\"https:\\\/\\\/foreverfutbol.com.ec\\\/radio\\\/salud\\\/ministro-de-salud-aclara-que-fallecimiento-de-12-neonatos\\\/#article\",\"isPartOf\":{\"@id\":\"https:\\\/\\\/foreverfutbol.com.ec\\\/radio\\\/salud\\\/ministro-de-salud-aclara-que-fallecimiento-de-12-neonatos\\\/\"},\"author\":{\"name\":\"Ricardo Rodriguez\",\"@id\":\"https:\\\/\\\/foreverfutbol.com.ec\\\/radio\\\/#\\\/schema\\\/person\\\/2f679dd16f889ac00df6e7b648062a01\"},\"headline\":\"Ministro de Salud aclara que fallecimiento de 12 neonatos\",\"datePublished\":\"2025-08-13T15:06:14+00:00\",\"dateModified\":\"2025-08-13T15:06:15+00:00\",\"mainEntityOfPage\":{\"@id\":\"https:\\\/\\\/foreverfutbol.com.ec\\\/radio\\\/salud\\\/ministro-de-salud-aclara-que-fallecimiento-de-12-neonatos\\\/\"},\"wordCount\":867,\"commentCount\":0,\"publisher\":{\"@id\":\"https:\\\/\\\/foreverfutbol.com.ec\\\/radio\\\/#organization\"},\"image\":{\"@id\":\"https:\\\/\\\/foreverfutbol.com.ec\\\/radio\\\/salud\\\/ministro-de-salud-aclara-que-fallecimiento-de-12-neonatos\\\/#primaryimage\"},\"thumbnailUrl\":\"https:\\\/\\\/foreverfutbol.com.ec\\\/radio\\\/wp-content\\\/uploads\\\/2025\\\/08\\\/image-12-4-1.webp\",\"articleSection\":[\"salud\",\"Social\"],\"inLanguage\":\"es\",\"potentialAction\":[{\"@type\":\"CommentAction\",\"name\":\"Comment\",\"target\":[\"https:\\\/\\\/foreverfutbol.com.ec\\\/radio\\\/salud\\\/ministro-de-salud-aclara-que-fallecimiento-de-12-neonatos\\\/#respond\"]}]},{\"@type\":\"WebPage\",\"@id\":\"https:\\\/\\\/foreverfutbol.com.ec\\\/radio\\\/salud\\\/ministro-de-salud-aclara-que-fallecimiento-de-12-neonatos\\\/\",\"url\":\"https:\\\/\\\/foreverfutbol.com.ec\\\/radio\\\/salud\\\/ministro-de-salud-aclara-que-fallecimiento-de-12-neonatos\\\/\",\"name\":\"Ministro de Salud aclara que fallecimiento de 12 neonatos - 92.5 FOREVER Radio\",\"isPartOf\":{\"@id\":\"https:\\\/\\\/foreverfutbol.com.ec\\\/radio\\\/#website\"},\"primaryImageOfPage\":{\"@id\":\"https:\\\/\\\/foreverfutbol.com.ec\\\/radio\\\/salud\\\/ministro-de-salud-aclara-que-fallecimiento-de-12-neonatos\\\/#primaryimage\"},\"image\":{\"@id\":\"https:\\\/\\\/foreverfutbol.com.ec\\\/radio\\\/salud\\\/ministro-de-salud-aclara-que-fallecimiento-de-12-neonatos\\\/#primaryimage\"},\"thumbnailUrl\":\"https:\\\/\\\/foreverfutbol.com.ec\\\/radio\\\/wp-content\\\/uploads\\\/2025\\\/08\\\/image-12-4-1.webp\",\"datePublished\":\"2025-08-13T15:06:14+00:00\",\"dateModified\":\"2025-08-13T15:06:15+00:00\",\"description\":\"El ministro de Salud, Jimmy Martin, confirm\u00f3 que la muerte de 12 neonatos en el Hospital Universitario de Guayaquil fue causada por un brote\",\"breadcrumb\":{\"@id\":\"https:\\\/\\\/foreverfutbol.com.ec\\\/radio\\\/salud\\\/ministro-de-salud-aclara-que-fallecimiento-de-12-neonatos\\\/#breadcrumb\"},\"inLanguage\":\"es\",\"potentialAction\":[{\"@type\":\"ReadAction\",\"target\":[\"https:\\\/\\\/foreverfutbol.com.ec\\\/radio\\\/salud\\\/ministro-de-salud-aclara-que-fallecimiento-de-12-neonatos\\\/\"]}]},{\"@type\":\"ImageObject\",\"inLanguage\":\"es\",\"@id\":\"https:\\\/\\\/foreverfutbol.com.ec\\\/radio\\\/salud\\\/ministro-de-salud-aclara-que-fallecimiento-de-12-neonatos\\\/#primaryimage\",\"url\":\"https:\\\/\\\/foreverfutbol.com.ec\\\/radio\\\/wp-content\\\/uploads\\\/2025\\\/08\\\/image-12-4-1.webp\",\"contentUrl\":\"https:\\\/\\\/foreverfutbol.com.ec\\\/radio\\\/wp-content\\\/uploads\\\/2025\\\/08\\\/image-12-4-1.webp\",\"width\":1508,\"height\":1005},{\"@type\":\"BreadcrumbList\",\"@id\":\"https:\\\/\\\/foreverfutbol.com.ec\\\/radio\\\/salud\\\/ministro-de-salud-aclara-que-fallecimiento-de-12-neonatos\\\/#breadcrumb\",\"itemListElement\":[{\"@type\":\"ListItem\",\"position\":1,\"name\":\"Portada\",\"item\":\"https:\\\/\\\/foreverfutbol.com.ec\\\/radio\\\/\"},{\"@type\":\"ListItem\",\"position\":2,\"name\":\"Ministro de Salud aclara que fallecimiento de 12 neonatos\"}]},{\"@type\":\"WebSite\",\"@id\":\"https:\\\/\\\/foreverfutbol.com.ec\\\/radio\\\/#website\",\"url\":\"https:\\\/\\\/foreverfutbol.com.ec\\\/radio\\\/\",\"name\":\"92.5 FOREVER Radio\",\"description\":\"\",\"publisher\":{\"@id\":\"https:\\\/\\\/foreverfutbol.com.ec\\\/radio\\\/#organization\"},\"potentialAction\":[{\"@type\":\"SearchAction\",\"target\":{\"@type\":\"EntryPoint\",\"urlTemplate\":\"https:\\\/\\\/foreverfutbol.com.ec\\\/radio\\\/?s={search_term_string}\"},\"query-input\":{\"@type\":\"PropertyValueSpecification\",\"valueRequired\":true,\"valueName\":\"search_term_string\"}}],\"inLanguage\":\"es\"},{\"@type\":\"Organization\",\"@id\":\"https:\\\/\\\/foreverfutbol.com.ec\\\/radio\\\/#organization\",\"name\":\"92.5 FOREVER Radio\",\"url\":\"https:\\\/\\\/foreverfutbol.com.ec\\\/radio\\\/\",\"logo\":{\"@type\":\"ImageObject\",\"inLanguage\":\"es\",\"@id\":\"https:\\\/\\\/foreverfutbol.com.ec\\\/radio\\\/#\\\/schema\\\/logo\\\/image\\\/\",\"url\":\"https:\\\/\\\/foreverfutbol.com.ec\\\/radio\\\/wp-content\\\/uploads\\\/2024\\\/01\\\/cropped-logo-forever.png\",\"contentUrl\":\"https:\\\/\\\/foreverfutbol.com.ec\\\/radio\\\/wp-content\\\/uploads\\\/2024\\\/01\\\/cropped-logo-forever.png\",\"width\":180,\"height\":154,\"caption\":\"92.5 FOREVER Radio\"},\"image\":{\"@id\":\"https:\\\/\\\/foreverfutbol.com.ec\\\/radio\\\/#\\\/schema\\\/logo\\\/image\\\/\"},\"sameAs\":[\"https:\\\/\\\/www.facebook.com\\\/profile.php?id=100063550693491\",\"https:\\\/\\\/x.com\\\/925forever\",\"https:\\\/\\\/www.instagram.com\\\/radioforever925\\\/\"]},{\"@type\":\"Person\",\"@id\":\"https:\\\/\\\/foreverfutbol.com.ec\\\/radio\\\/#\\\/schema\\\/person\\\/2f679dd16f889ac00df6e7b648062a01\",\"name\":\"Ricardo Rodriguez\",\"image\":{\"@type\":\"ImageObject\",\"inLanguage\":\"es\",\"@id\":\"https:\\\/\\\/secure.gravatar.com\\\/avatar\\\/5d9dfb95700bd0c503ed088d29de94822b5cc66a74cb0362774e6fc534823d07?s=96&d=mm&r=g\",\"url\":\"https:\\\/\\\/secure.gravatar.com\\\/avatar\\\/5d9dfb95700bd0c503ed088d29de94822b5cc66a74cb0362774e6fc534823d07?s=96&d=mm&r=g\",\"contentUrl\":\"https:\\\/\\\/secure.gravatar.com\\\/avatar\\\/5d9dfb95700bd0c503ed088d29de94822b5cc66a74cb0362774e6fc534823d07?s=96&d=mm&r=g\",\"caption\":\"Ricardo Rodriguez\"},\"sameAs\":[\"https:\\\/\\\/foreverfutbol.com.ec\\\/radio\"],\"url\":\"https:\\\/\\\/foreverfutbol.com.ec\\\/radio\\\/author\\\/superdmin\\\/\"}]}<\/script>\n<!-- \/ Yoast SEO plugin. -->","yoast_head_json":{"title":"Ministro de Salud aclara que fallecimiento de 12 neonatos - 92.5 FOREVER Radio","description":"El ministro de Salud, Jimmy Martin, confirm\u00f3 que la muerte de 12 neonatos en el Hospital Universitario de Guayaquil fue causada por un brote","robots":{"index":"index","follow":"follow","max-snippet":"max-snippet:-1","max-image-preview":"max-image-preview:large","max-video-preview":"max-video-preview:-1"},"canonical":"https:\/\/foreverfutbol.com.ec\/radio\/salud\/ministro-de-salud-aclara-que-fallecimiento-de-12-neonatos\/","og_locale":"es_ES","og_type":"article","og_title":"Ministro de Salud aclara que fallecimiento de 12 neonatos - 92.5 FOREVER Radio","og_description":"El ministro de Salud, Jimmy Martin, confirm\u00f3 que la muerte de 12 neonatos en el Hospital Universitario de Guayaquil fue causada por un brote","og_url":"https:\/\/foreverfutbol.com.ec\/radio\/salud\/ministro-de-salud-aclara-que-fallecimiento-de-12-neonatos\/","og_site_name":"92.5 FOREVER Radio","article_publisher":"https:\/\/www.facebook.com\/profile.php?id=100063550693491","article_published_time":"2025-08-13T15:06:14+00:00","article_modified_time":"2025-08-13T15:06:15+00:00","og_image":[{"width":1508,"height":1005,"url":"https:\/\/foreverfutbol.com.ec\/radio\/wp-content\/uploads\/2025\/08\/image-12-4-1.webp","type":"image\/webp"}],"author":"Ricardo Rodriguez","twitter_card":"summary_large_image","twitter_creator":"@925forever","twitter_site":"@925forever","twitter_misc":{"Escrito por":"Ricardo Rodriguez","Tiempo de lectura":"4 minutos"},"schema":{"@context":"https:\/\/schema.org","@graph":[{"@type":"Article","@id":"https:\/\/foreverfutbol.com.ec\/radio\/salud\/ministro-de-salud-aclara-que-fallecimiento-de-12-neonatos\/#article","isPartOf":{"@id":"https:\/\/foreverfutbol.com.ec\/radio\/salud\/ministro-de-salud-aclara-que-fallecimiento-de-12-neonatos\/"},"author":{"name":"Ricardo Rodriguez","@id":"https:\/\/foreverfutbol.com.ec\/radio\/#\/schema\/person\/2f679dd16f889ac00df6e7b648062a01"},"headline":"Ministro de Salud aclara que fallecimiento de 12 neonatos","datePublished":"2025-08-13T15:06:14+00:00","dateModified":"2025-08-13T15:06:15+00:00","mainEntityOfPage":{"@id":"https:\/\/foreverfutbol.com.ec\/radio\/salud\/ministro-de-salud-aclara-que-fallecimiento-de-12-neonatos\/"},"wordCount":867,"commentCount":0,"publisher":{"@id":"https:\/\/foreverfutbol.com.ec\/radio\/#organization"},"image":{"@id":"https:\/\/foreverfutbol.com.ec\/radio\/salud\/ministro-de-salud-aclara-que-fallecimiento-de-12-neonatos\/#primaryimage"},"thumbnailUrl":"https:\/\/foreverfutbol.com.ec\/radio\/wp-content\/uploads\/2025\/08\/image-12-4-1.webp","articleSection":["salud","Social"],"inLanguage":"es","potentialAction":[{"@type":"CommentAction","name":"Comment","target":["https:\/\/foreverfutbol.com.ec\/radio\/salud\/ministro-de-salud-aclara-que-fallecimiento-de-12-neonatos\/#respond"]}]},{"@type":"WebPage","@id":"https:\/\/foreverfutbol.com.ec\/radio\/salud\/ministro-de-salud-aclara-que-fallecimiento-de-12-neonatos\/","url":"https:\/\/foreverfutbol.com.ec\/radio\/salud\/ministro-de-salud-aclara-que-fallecimiento-de-12-neonatos\/","name":"Ministro de Salud aclara que fallecimiento de 12 neonatos - 92.5 FOREVER Radio","isPartOf":{"@id":"https:\/\/foreverfutbol.com.ec\/radio\/#website"},"primaryImageOfPage":{"@id":"https:\/\/foreverfutbol.com.ec\/radio\/salud\/ministro-de-salud-aclara-que-fallecimiento-de-12-neonatos\/#primaryimage"},"image":{"@id":"https:\/\/foreverfutbol.com.ec\/radio\/salud\/ministro-de-salud-aclara-que-fallecimiento-de-12-neonatos\/#primaryimage"},"thumbnailUrl":"https:\/\/foreverfutbol.com.ec\/radio\/wp-content\/uploads\/2025\/08\/image-12-4-1.webp","datePublished":"2025-08-13T15:06:14+00:00","dateModified":"2025-08-13T15:06:15+00:00","description":"El ministro de Salud, Jimmy Martin, confirm\u00f3 que la muerte de 12 neonatos en el Hospital Universitario de Guayaquil fue causada por un brote","breadcrumb":{"@id":"https:\/\/foreverfutbol.com.ec\/radio\/salud\/ministro-de-salud-aclara-que-fallecimiento-de-12-neonatos\/#breadcrumb"},"inLanguage":"es","potentialAction":[{"@type":"ReadAction","target":["https:\/\/foreverfutbol.com.ec\/radio\/salud\/ministro-de-salud-aclara-que-fallecimiento-de-12-neonatos\/"]}]},{"@type":"ImageObject","inLanguage":"es","@id":"https:\/\/foreverfutbol.com.ec\/radio\/salud\/ministro-de-salud-aclara-que-fallecimiento-de-12-neonatos\/#primaryimage","url":"https:\/\/foreverfutbol.com.ec\/radio\/wp-content\/uploads\/2025\/08\/image-12-4-1.webp","contentUrl":"https:\/\/foreverfutbol.com.ec\/radio\/wp-content\/uploads\/2025\/08\/image-12-4-1.webp","width":1508,"height":1005},{"@type":"BreadcrumbList","@id":"https:\/\/foreverfutbol.com.ec\/radio\/salud\/ministro-de-salud-aclara-que-fallecimiento-de-12-neonatos\/#breadcrumb","itemListElement":[{"@type":"ListItem","position":1,"name":"Portada","item":"https:\/\/foreverfutbol.com.ec\/radio\/"},{"@type":"ListItem","position":2,"name":"Ministro de Salud aclara que fallecimiento de 12 neonatos"}]},{"@type":"WebSite","@id":"https:\/\/foreverfutbol.com.ec\/radio\/#website","url":"https:\/\/foreverfutbol.com.ec\/radio\/","name":"92.5 FOREVER Radio","description":"","publisher":{"@id":"https:\/\/foreverfutbol.com.ec\/radio\/#organization"},"potentialAction":[{"@type":"SearchAction","target":{"@type":"EntryPoint","urlTemplate":"https:\/\/foreverfutbol.com.ec\/radio\/?s={search_term_string}"},"query-input":{"@type":"PropertyValueSpecification","valueRequired":true,"valueName":"search_term_string"}}],"inLanguage":"es"},{"@type":"Organization","@id":"https:\/\/foreverfutbol.com.ec\/radio\/#organization","name":"92.5 FOREVER Radio","url":"https:\/\/foreverfutbol.com.ec\/radio\/","logo":{"@type":"ImageObject","inLanguage":"es","@id":"https:\/\/foreverfutbol.com.ec\/radio\/#\/schema\/logo\/image\/","url":"https:\/\/foreverfutbol.com.ec\/radio\/wp-content\/uploads\/2024\/01\/cropped-logo-forever.png","contentUrl":"https:\/\/foreverfutbol.com.ec\/radio\/wp-content\/uploads\/2024\/01\/cropped-logo-forever.png","width":180,"height":154,"caption":"92.5 FOREVER Radio"},"image":{"@id":"https:\/\/foreverfutbol.com.ec\/radio\/#\/schema\/logo\/image\/"},"sameAs":["https:\/\/www.facebook.com\/profile.php?id=100063550693491","https:\/\/x.com\/925forever","https:\/\/www.instagram.com\/radioforever925\/"]},{"@type":"Person","@id":"https:\/\/foreverfutbol.com.ec\/radio\/#\/schema\/person\/2f679dd16f889ac00df6e7b648062a01","name":"Ricardo Rodriguez","image":{"@type":"ImageObject","inLanguage":"es","@id":"https:\/\/secure.gravatar.com\/avatar\/5d9dfb95700bd0c503ed088d29de94822b5cc66a74cb0362774e6fc534823d07?s=96&d=mm&r=g","url":"https:\/\/secure.gravatar.com\/avatar\/5d9dfb95700bd0c503ed088d29de94822b5cc66a74cb0362774e6fc534823d07?s=96&d=mm&r=g","contentUrl":"https:\/\/secure.gravatar.com\/avatar\/5d9dfb95700bd0c503ed088d29de94822b5cc66a74cb0362774e6fc534823d07?s=96&d=mm&r=g","caption":"Ricardo Rodriguez"},"sameAs":["https:\/\/foreverfutbol.com.ec\/radio"],"url":"https:\/\/foreverfutbol.com.ec\/radio\/author\/superdmin\/"}]}},"_links":{"self":[{"href":"https:\/\/foreverfutbol.com.ec\/radio\/wp-json\/wp\/v2\/posts\/19793","targetHints":{"allow":["GET"]}}],"collection":[{"href":"https:\/\/foreverfutbol.com.ec\/radio\/wp-json\/wp\/v2\/posts"}],"about":[{"href":"https:\/\/foreverfutbol.com.ec\/radio\/wp-json\/wp\/v2\/types\/post"}],"author":[{"embeddable":true,"href":"https:\/\/foreverfutbol.com.ec\/radio\/wp-json\/wp\/v2\/users\/1"}],"replies":[{"embeddable":true,"href":"https:\/\/foreverfutbol.com.ec\/radio\/wp-json\/wp\/v2\/comments?post=19793"}],"version-history":[{"count":1,"href":"https:\/\/foreverfutbol.com.ec\/radio\/wp-json\/wp\/v2\/posts\/19793\/revisions"}],"predecessor-version":[{"id":19795,"href":"https:\/\/foreverfutbol.com.ec\/radio\/wp-json\/wp\/v2\/posts\/19793\/revisions\/19795"}],"wp:featuredmedia":[{"embeddable":true,"href":"https:\/\/foreverfutbol.com.ec\/radio\/wp-json\/wp\/v2\/media\/19794"}],"wp:attachment":[{"href":"https:\/\/foreverfutbol.com.ec\/radio\/wp-json\/wp\/v2\/media?parent=19793"}],"wp:term":[{"taxonomy":"category","embeddable":true,"href":"https:\/\/foreverfutbol.com.ec\/radio\/wp-json\/wp\/v2\/categories?post=19793"},{"taxonomy":"post_tag","embeddable":true,"href":"https:\/\/foreverfutbol.com.ec\/radio\/wp-json\/wp\/v2\/tags?post=19793"}],"curies":[{"name":"wp","href":"https:\/\/api.w.org\/{rel}","templated":true}]}}