{"id":17442,"date":"2025-06-25T09:54:39","date_gmt":"2025-06-25T14:54:39","guid":{"rendered":"https:\/\/foreverfutbol.com.ec\/radio\/?p=17442"},"modified":"2025-06-25T09:54:40","modified_gmt":"2025-06-25T14:54:40","slug":"orquesta-sinfonica-nacional-del-ecuador-rinde-homenaje-sinfonico-a-studio-ghibli-en-quito","status":"publish","type":"post","link":"https:\/\/foreverfutbol.com.ec\/radio\/entretenimiento\/orquesta-sinfonica-nacional-del-ecuador-rinde-homenaje-sinfonico-a-studio-ghibli-en-quito\/","title":{"rendered":"Orquesta Sinf\u00f3nica Nacional del Ecuador rinde homenaje sinf\u00f3nico a Studio Ghibli en Quito"},"content":{"rendered":"\n<p class=\"wp-block-paragraph\">La m\u00fasica, la animaci\u00f3n y la emoci\u00f3n se encontrar\u00e1n este <strong>s\u00e1bado 5 de julio a las 17:00<\/strong> en el \u00c1gora de la Casa de la Cultura Ecuatoriana, con un evento \u00fanico que promete marcar la historia cultural del pa\u00eds: el <strong>Homenaje Ghibli Sinf\u00f3nico<\/strong>, un espect\u00e1culo exclusivo en Quito, interpretado por la <strong>Orquesta Sinf\u00f3nica Nacional del Ecuador<\/strong>, que celebrar\u00e1 la obra del legendario <strong>Studio Ghibli<\/strong> a trav\u00e9s de sus inolvidables bandas sonoras.<\/p>\n\n\n\n<hr class=\"wp-block-separator has-alpha-channel-opacity\"\/>\n\n\n\n<h2 class=\"wp-block-heading\"><strong>\ud83c\udfb6 Orquesta Sinf\u00f3nica Nacional del Ecuador: Protagonista de una noche m\u00e1gica<\/strong><\/h2>\n\n\n\n<p class=\"wp-block-paragraph\">La <strong>Orquesta Sinf\u00f3nica Nacional del Ecuador<\/strong> se consolida como una de las instituciones musicales m\u00e1s importantes del pa\u00eds, y lo demuestra con esta propuesta innovadora que une la potencia de la m\u00fasica sinf\u00f3nica con el imaginario visual del cine japon\u00e9s. Bajo una direcci\u00f3n de alto nivel y con m\u00fasicos de alt\u00edsima trayectoria, la OSNE se prepara para interpretar las composiciones del afamado <strong>Joe Hisaishi<\/strong>, el alma sonora de Studio Ghibli.<\/p>\n\n\n\n<p class=\"wp-block-paragraph\">La orquesta ejecutar\u00e1 piezas memorables de pel\u00edculas como:<\/p>\n\n\n\n<ul class=\"wp-block-list\">\n<li><strong>Mi vecino Totoro<\/strong><\/li>\n\n\n\n<li><strong>El viaje de Chihiro<\/strong><\/li>\n\n\n\n<li><strong>La princesa Mononoke<\/strong><\/li>\n\n\n\n<li><strong>El castillo ambulante<\/strong><\/li>\n\n\n\n<li><strong>Ponyo<\/strong><\/li>\n\n\n\n<li><strong>El chico y la garza<\/strong>, reciente ganadora del \u00d3scar a Mejor Pel\u00edcula Animada<\/li>\n<\/ul>\n\n\n\n<p class=\"wp-block-paragraph\">Cada interpretaci\u00f3n ser\u00e1 acompa\u00f1ada de <strong>proyecciones sincronizadas<\/strong>, logrando una experiencia visual y auditiva inmersiva que cautivar\u00e1 a todo el p\u00fablico.<\/p>\n\n\n\n<hr class=\"wp-block-separator has-alpha-channel-opacity\"\/>\n\n\n\n<h2 class=\"wp-block-heading\"><strong>\ud83c\udfa5 Studio Ghibli en concierto: La magia del anime se convierte en m\u00fasica viva<\/strong><\/h2>\n\n\n\n<p class=\"wp-block-paragraph\"><strong>Studio Ghibli<\/strong> es reconocido por sus historias que combinan fantas\u00eda, cr\u00edtica social, espiritualidad y un profundo respeto por la naturaleza. Obras como <em>Nausica\u00e4 del Valle del Viento<\/em>, <em>El castillo en el cielo<\/em> o <em>Kiki: entregas a domicilio<\/em> se han convertido en referentes globales de la animaci\u00f3n.<\/p>\n\n\n\n<p class=\"wp-block-paragraph\">Las bandas sonoras de estos filmes, compuestas por <strong>Joe Hisaishi<\/strong>, tienen un papel fundamental en su impacto emocional. Ahora, gracias al talento de la <strong>Orquesta Sinf\u00f3nica Nacional del Ecuador<\/strong>, el p\u00fablico ecuatoriano podr\u00e1 vivir estas melod\u00edas en toda su magnitud, en un formato sinf\u00f3nico de primer nivel.<\/p>\n\n\n\n<hr class=\"wp-block-separator has-alpha-channel-opacity\"\/>\n\n\n\n<h2 class=\"wp-block-heading\"><strong>\ud83c\udfbc Un espect\u00e1culo sinf\u00f3nico de nivel internacional<\/strong><\/h2>\n\n\n\n<p class=\"wp-block-paragraph\">La presentaci\u00f3n del <strong>Homenaje Ghibli Sinf\u00f3nico<\/strong> representa un desaf\u00edo art\u00edstico y t\u00e9cnico para la <strong>Orquesta Sinf\u00f3nica Nacional del Ecuador<\/strong>, ya que no se trata solamente de interpretar partituras: se trata de <strong>recrear la emoci\u00f3n y la narrativa<\/strong> que las pel\u00edculas transmiten a trav\u00e9s de la m\u00fasica.<\/p>\n\n\n\n<p class=\"wp-block-paragraph\">Cada comp\u00e1s se entrelazar\u00e1 con im\u00e1genes de alta calidad proyectadas en tiempo real, generando una <strong>atm\u00f3sfera multisensorial<\/strong> inigualable. Es una experiencia que va mucho m\u00e1s all\u00e1 de un concierto, acerc\u00e1ndose al concepto de performance art\u00edstica integral.<\/p>\n\n\n\n<hr class=\"wp-block-separator has-alpha-channel-opacity\"\/>\n\n\n\n<h2 class=\"wp-block-heading\"><strong>\ud83d\udccd Quito como epicentro cultural con la OSNE<\/strong><\/h2>\n\n\n\n<p class=\"wp-block-paragraph\">La <strong>Orquesta Sinf\u00f3nica Nacional del Ecuador<\/strong> ha convertido a <strong>Quito<\/strong> en una plataforma para eventos culturales de clase mundial. Este homenaje sinf\u00f3nico a Ghibli no solo promueve el arte sinf\u00f3nico, sino que tambi\u00e9n fomenta la integraci\u00f3n cultural entre Ecuador y Jap\u00f3n.<\/p>\n\n\n\n<p class=\"wp-block-paragraph\">La elecci\u00f3n del <strong>\u00c1gora de la Casa de la Cultura Ecuatoriana<\/strong> como sede del evento no es casualidad: su infraestructura, ac\u00fastica y simbolog\u00eda hist\u00f3rica lo convierten en el lugar perfecto para una cita de esta magnitud.<\/p>\n\n\n\n<hr class=\"wp-block-separator has-alpha-channel-opacity\"\/>\n\n\n\n<h2 class=\"wp-block-heading\"><strong>\ud83c\udf9f\ufe0f Entradas y recomendaciones<\/strong><\/h2>\n\n\n\n<p class=\"wp-block-paragraph\">Las entradas est\u00e1n disponibles en l\u00ednea a trav\u00e9s de las plataformas autorizadas. Se recomienda a los interesados adquirir sus boletos con antelaci\u00f3n, ya que se trata de un evento de <strong>una sola fecha<\/strong>, y con gran expectativa por parte del p\u00fablico fan\u00e1tico del anime, la m\u00fasica sinf\u00f3nica y la cultura japonesa.<\/p>\n\n\n\n<p class=\"wp-block-paragraph\">Este concierto es apto para <strong>todo p\u00fablico<\/strong>, ideal para:<\/p>\n\n\n\n<ul class=\"wp-block-list\">\n<li><strong>Familias<\/strong> que deseen compartir un momento cultural enriquecedor<\/li>\n\n\n\n<li><strong>Amantes del anime japon\u00e9s<\/strong> que valoran la m\u00fasica como parte esencial del mensaje<\/li>\n\n\n\n<li><strong>Estudiantes de m\u00fasica y arte<\/strong>, como una experiencia formativa<\/li>\n\n\n\n<li><strong>Turistas culturales<\/strong> que buscan actividades \u00fanicas en Quito<\/li>\n<\/ul>\n\n\n\n<hr class=\"wp-block-separator has-alpha-channel-opacity\"\/>\n\n\n\n<h2 class=\"wp-block-heading\"><strong>\ud83c\uddea\ud83c\udde8 La OSNE: Embajadora del arte ecuatoriano<\/strong><\/h2>\n\n\n\n<p class=\"wp-block-paragraph\">Fundada en 1949, la <strong>Orquesta Sinf\u00f3nica Nacional del Ecuador<\/strong> ha sido un pilar de la vida musical ecuatoriana. A lo largo de sus m\u00e1s de 70 a\u00f1os de historia, ha interpretado obras del repertorio universal y promovido composiciones de autores nacionales.<\/p>\n\n\n\n<p class=\"wp-block-paragraph\">Con el <strong>Homenaje Ghibli Sinf\u00f3nico<\/strong>, la OSNE demuestra su <strong>versatilidad art\u00edstica<\/strong> y su capacidad de conectar con audiencias j\u00f3venes e intergeneracionales, consolid\u00e1ndose como una de las orquestas m\u00e1s din\u00e1micas de Latinoam\u00e9rica.<\/p>\n\n\n\n<hr class=\"wp-block-separator has-alpha-channel-opacity\"\/>\n\n\n\n<h2 class=\"wp-block-heading\"><strong>\ud83c\udfbc Joe Hisaishi: El compositor que dio vida a los sue\u00f1os animados<\/strong><\/h2>\n\n\n\n<p class=\"wp-block-paragraph\">Joe Hisaishi, colaborador habitual de <strong>Hayao Miyazaki<\/strong>, es responsable de las melod\u00edas que han quedado grabadas en la memoria de millones de espectadores. Su estilo mezcla influencias cl\u00e1sicas, minimalistas y tradicionales japonesas, y ahora ser\u00e1n interpretadas con maestr\u00eda por la <strong>Orquesta Sinf\u00f3nica Nacional del Ecuador<\/strong>.<\/p>\n\n\n\n<p class=\"wp-block-paragraph\">Obras como <em>One Summer\u2019s Day<\/em>, <em>The Legend of Ashitaka<\/em> o <em>Path of the Wind<\/em> tomar\u00e1n nueva vida con los arreglos sinf\u00f3nicos preparados especialmente para este evento.<\/p>\n\n\n\n<hr class=\"wp-block-separator has-alpha-channel-opacity\"\/>\n\n\n\n<h2 class=\"wp-block-heading\"><strong>\ud83d\udcc5 Detalles del concierto que no te puedes perder<\/strong><\/h2>\n\n\n\n<ul class=\"wp-block-list\">\n<li><strong>Evento:<\/strong> Homenaje Ghibli Sinf\u00f3nico en Concierto<\/li>\n\n\n\n<li><strong>Fecha:<\/strong> S\u00e1bado 5 de julio de 2025<\/li>\n\n\n\n<li><strong>Hora:<\/strong> 17:00<\/li>\n\n\n\n<li><strong>Lugar:<\/strong> \u00c1gora de la Casa de la Cultura Ecuatoriana, Quito<\/li>\n\n\n\n<li><strong>Orquesta:<\/strong> Orquesta Sinf\u00f3nica Nacional del Ecuador<\/li>\n\n\n\n<li><strong>Contenido:<\/strong> M\u00fasica de Studio Ghibli con proyecciones sincronizadas<\/li>\n\n\n\n<li><strong>Entradas:<\/strong> Disponibles en l\u00ednea y puntos autorizados<\/li>\n<\/ul>\n\n\n\n<blockquote class=\"twitter-tweet\"><p lang=\"es\" dir=\"ltr\">\u00a1Para los amantes de Studio Ghibli!<br>La Orquesta Sinf\u00f3nica Nacional del Ecuador ofrecer\u00e1 un concierto especial titulado Homenaje Ghibli Sinf\u00f3nico el pr\u00f3ximo 5 de julio en el \u00c1gora de la Casa de la Cultura, en Quito. M\u00e1s de 40 m\u00fasicos interpretar\u00e1n en vivo las inolvidables bandas\u2026 <a href=\"https:\/\/t.co\/O2fPJs51SC\">pic.twitter.com\/O2fPJs51SC<\/a><\/p>&mdash; Radio Forever (@925forever) <a href=\"https:\/\/twitter.com\/925forever\/status\/1937678369140707615?ref_src=twsrc%5Etfw\">June 25, 2025<\/a><\/blockquote> <script async src=\"https:\/\/platform.twitter.com\/widgets.js\" charset=\"utf-8\"><\/script>\n","protected":false},"excerpt":{"rendered":"<p>La m\u00fasica, la animaci\u00f3n y la emoci\u00f3n se encontrar\u00e1n este s\u00e1bado 5 de julio a las 17:00 en el \u00c1gora de la Casa de la Cultura Ecuatoriana, con un evento \u00fanico que promete marcar la historia cultural del pa\u00eds: el Homenaje Ghibli Sinf\u00f3nico, un espect\u00e1culo exclusivo en Quito, interpretado por la Orquesta Sinf\u00f3nica Nacional del [&hellip;]<\/p>\n","protected":false},"author":1,"featured_media":17443,"comment_status":"open","ping_status":"open","sticky":false,"template":"","format":"standard","meta":{"footnotes":""},"categories":[146],"tags":[],"class_list":["post-17442","post","type-post","status-publish","format-standard","has-post-thumbnail","hentry","category-entretenimiento"],"yoast_head":"<!-- This site is optimized with the Yoast SEO plugin v28.3 - https:\/\/yoast.com\/product\/yoast-seo-wordpress\/ -->\n<title>Orquesta Sinf\u00f3nica Nacional del Ecuador rinde homenaje sinf\u00f3nico a Studio Ghibli en Quito - 92.5 FOREVER Radio<\/title>\n<meta name=\"description\" content=\"Disfruta del Homenaje Ghibli Sinf\u00f3nico con la Orquesta Sinf\u00f3nica Nacional del Ecuador este 5 de julio en Quito. \u00a1M\u00fasica, magia y animaci\u00f3n!\" \/>\n<meta name=\"robots\" content=\"index, follow, max-snippet:-1, max-image-preview:large, max-video-preview:-1\" \/>\n<link rel=\"canonical\" href=\"https:\/\/foreverfutbol.com.ec\/radio\/entretenimiento\/orquesta-sinfonica-nacional-del-ecuador-rinde-homenaje-sinfonico-a-studio-ghibli-en-quito\/\" \/>\n<meta property=\"og:locale\" content=\"es_ES\" \/>\n<meta property=\"og:type\" content=\"article\" \/>\n<meta property=\"og:title\" content=\"Orquesta Sinf\u00f3nica Nacional del Ecuador rinde homenaje sinf\u00f3nico a Studio Ghibli en Quito - 92.5 FOREVER Radio\" \/>\n<meta property=\"og:description\" content=\"Disfruta del Homenaje Ghibli Sinf\u00f3nico con la Orquesta Sinf\u00f3nica Nacional del Ecuador este 5 de julio en Quito. \u00a1M\u00fasica, magia y animaci\u00f3n!\" \/>\n<meta property=\"og:url\" content=\"https:\/\/foreverfutbol.com.ec\/radio\/entretenimiento\/orquesta-sinfonica-nacional-del-ecuador-rinde-homenaje-sinfonico-a-studio-ghibli-en-quito\/\" \/>\n<meta property=\"og:site_name\" content=\"92.5 FOREVER Radio\" \/>\n<meta property=\"article:publisher\" content=\"https:\/\/www.facebook.com\/profile.php?id=100063550693491\" \/>\n<meta property=\"article:published_time\" content=\"2025-06-25T14:54:39+00:00\" \/>\n<meta property=\"article:modified_time\" content=\"2025-06-25T14:54:40+00:00\" \/>\n<meta property=\"og:image\" content=\"https:\/\/foreverfutbol.com.ec\/radio\/wp-content\/uploads\/2025\/06\/image-46-1.webp\" \/>\n\t<meta property=\"og:image:width\" content=\"1500\" \/>\n\t<meta property=\"og:image:height\" content=\"1000\" \/>\n\t<meta property=\"og:image:type\" content=\"image\/webp\" \/>\n<meta name=\"author\" content=\"Ricardo Rodriguez\" \/>\n<meta name=\"twitter:card\" content=\"summary_large_image\" \/>\n<meta name=\"twitter:creator\" content=\"@925forever\" \/>\n<meta name=\"twitter:site\" content=\"@925forever\" \/>\n<meta name=\"twitter:label1\" content=\"Escrito por\" \/>\n\t<meta name=\"twitter:data1\" content=\"Ricardo Rodriguez\" \/>\n\t<meta name=\"twitter:label2\" content=\"Tiempo de lectura\" \/>\n\t<meta name=\"twitter:data2\" content=\"4 minutos\" \/>\n<script type=\"application\/ld+json\" class=\"yoast-schema-graph\">{\"@context\":\"https:\\\/\\\/schema.org\",\"@graph\":[{\"@type\":\"Article\",\"@id\":\"https:\\\/\\\/foreverfutbol.com.ec\\\/radio\\\/entretenimiento\\\/orquesta-sinfonica-nacional-del-ecuador-rinde-homenaje-sinfonico-a-studio-ghibli-en-quito\\\/#article\",\"isPartOf\":{\"@id\":\"https:\\\/\\\/foreverfutbol.com.ec\\\/radio\\\/entretenimiento\\\/orquesta-sinfonica-nacional-del-ecuador-rinde-homenaje-sinfonico-a-studio-ghibli-en-quito\\\/\"},\"author\":{\"name\":\"Ricardo Rodriguez\",\"@id\":\"https:\\\/\\\/foreverfutbol.com.ec\\\/radio\\\/#\\\/schema\\\/person\\\/2f679dd16f889ac00df6e7b648062a01\"},\"headline\":\"Orquesta Sinf\u00f3nica Nacional del Ecuador rinde homenaje sinf\u00f3nico a Studio Ghibli en Quito\",\"datePublished\":\"2025-06-25T14:54:39+00:00\",\"dateModified\":\"2025-06-25T14:54:40+00:00\",\"mainEntityOfPage\":{\"@id\":\"https:\\\/\\\/foreverfutbol.com.ec\\\/radio\\\/entretenimiento\\\/orquesta-sinfonica-nacional-del-ecuador-rinde-homenaje-sinfonico-a-studio-ghibli-en-quito\\\/\"},\"wordCount\":966,\"commentCount\":0,\"publisher\":{\"@id\":\"https:\\\/\\\/foreverfutbol.com.ec\\\/radio\\\/#organization\"},\"image\":{\"@id\":\"https:\\\/\\\/foreverfutbol.com.ec\\\/radio\\\/entretenimiento\\\/orquesta-sinfonica-nacional-del-ecuador-rinde-homenaje-sinfonico-a-studio-ghibli-en-quito\\\/#primaryimage\"},\"thumbnailUrl\":\"https:\\\/\\\/foreverfutbol.com.ec\\\/radio\\\/wp-content\\\/uploads\\\/2025\\\/06\\\/image-46-1.webp\",\"articleSection\":[\"Entretenimiento\"],\"inLanguage\":\"es\",\"potentialAction\":[{\"@type\":\"CommentAction\",\"name\":\"Comment\",\"target\":[\"https:\\\/\\\/foreverfutbol.com.ec\\\/radio\\\/entretenimiento\\\/orquesta-sinfonica-nacional-del-ecuador-rinde-homenaje-sinfonico-a-studio-ghibli-en-quito\\\/#respond\"]}]},{\"@type\":\"WebPage\",\"@id\":\"https:\\\/\\\/foreverfutbol.com.ec\\\/radio\\\/entretenimiento\\\/orquesta-sinfonica-nacional-del-ecuador-rinde-homenaje-sinfonico-a-studio-ghibli-en-quito\\\/\",\"url\":\"https:\\\/\\\/foreverfutbol.com.ec\\\/radio\\\/entretenimiento\\\/orquesta-sinfonica-nacional-del-ecuador-rinde-homenaje-sinfonico-a-studio-ghibli-en-quito\\\/\",\"name\":\"Orquesta Sinf\u00f3nica Nacional del Ecuador rinde homenaje sinf\u00f3nico a Studio Ghibli en Quito - 92.5 FOREVER Radio\",\"isPartOf\":{\"@id\":\"https:\\\/\\\/foreverfutbol.com.ec\\\/radio\\\/#website\"},\"primaryImageOfPage\":{\"@id\":\"https:\\\/\\\/foreverfutbol.com.ec\\\/radio\\\/entretenimiento\\\/orquesta-sinfonica-nacional-del-ecuador-rinde-homenaje-sinfonico-a-studio-ghibli-en-quito\\\/#primaryimage\"},\"image\":{\"@id\":\"https:\\\/\\\/foreverfutbol.com.ec\\\/radio\\\/entretenimiento\\\/orquesta-sinfonica-nacional-del-ecuador-rinde-homenaje-sinfonico-a-studio-ghibli-en-quito\\\/#primaryimage\"},\"thumbnailUrl\":\"https:\\\/\\\/foreverfutbol.com.ec\\\/radio\\\/wp-content\\\/uploads\\\/2025\\\/06\\\/image-46-1.webp\",\"datePublished\":\"2025-06-25T14:54:39+00:00\",\"dateModified\":\"2025-06-25T14:54:40+00:00\",\"description\":\"Disfruta del Homenaje Ghibli Sinf\u00f3nico con la Orquesta Sinf\u00f3nica Nacional del Ecuador este 5 de julio en Quito. \u00a1M\u00fasica, magia y animaci\u00f3n!\",\"breadcrumb\":{\"@id\":\"https:\\\/\\\/foreverfutbol.com.ec\\\/radio\\\/entretenimiento\\\/orquesta-sinfonica-nacional-del-ecuador-rinde-homenaje-sinfonico-a-studio-ghibli-en-quito\\\/#breadcrumb\"},\"inLanguage\":\"es\",\"potentialAction\":[{\"@type\":\"ReadAction\",\"target\":[\"https:\\\/\\\/foreverfutbol.com.ec\\\/radio\\\/entretenimiento\\\/orquesta-sinfonica-nacional-del-ecuador-rinde-homenaje-sinfonico-a-studio-ghibli-en-quito\\\/\"]}]},{\"@type\":\"ImageObject\",\"inLanguage\":\"es\",\"@id\":\"https:\\\/\\\/foreverfutbol.com.ec\\\/radio\\\/entretenimiento\\\/orquesta-sinfonica-nacional-del-ecuador-rinde-homenaje-sinfonico-a-studio-ghibli-en-quito\\\/#primaryimage\",\"url\":\"https:\\\/\\\/foreverfutbol.com.ec\\\/radio\\\/wp-content\\\/uploads\\\/2025\\\/06\\\/image-46-1.webp\",\"contentUrl\":\"https:\\\/\\\/foreverfutbol.com.ec\\\/radio\\\/wp-content\\\/uploads\\\/2025\\\/06\\\/image-46-1.webp\",\"width\":1500,\"height\":1000},{\"@type\":\"BreadcrumbList\",\"@id\":\"https:\\\/\\\/foreverfutbol.com.ec\\\/radio\\\/entretenimiento\\\/orquesta-sinfonica-nacional-del-ecuador-rinde-homenaje-sinfonico-a-studio-ghibli-en-quito\\\/#breadcrumb\",\"itemListElement\":[{\"@type\":\"ListItem\",\"position\":1,\"name\":\"Portada\",\"item\":\"https:\\\/\\\/foreverfutbol.com.ec\\\/radio\\\/\"},{\"@type\":\"ListItem\",\"position\":2,\"name\":\"Orquesta Sinf\u00f3nica Nacional del Ecuador rinde homenaje sinf\u00f3nico a Studio Ghibli en Quito\"}]},{\"@type\":\"WebSite\",\"@id\":\"https:\\\/\\\/foreverfutbol.com.ec\\\/radio\\\/#website\",\"url\":\"https:\\\/\\\/foreverfutbol.com.ec\\\/radio\\\/\",\"name\":\"92.5 FOREVER Radio\",\"description\":\"\",\"publisher\":{\"@id\":\"https:\\\/\\\/foreverfutbol.com.ec\\\/radio\\\/#organization\"},\"potentialAction\":[{\"@type\":\"SearchAction\",\"target\":{\"@type\":\"EntryPoint\",\"urlTemplate\":\"https:\\\/\\\/foreverfutbol.com.ec\\\/radio\\\/?s={search_term_string}\"},\"query-input\":{\"@type\":\"PropertyValueSpecification\",\"valueRequired\":true,\"valueName\":\"search_term_string\"}}],\"inLanguage\":\"es\"},{\"@type\":\"Organization\",\"@id\":\"https:\\\/\\\/foreverfutbol.com.ec\\\/radio\\\/#organization\",\"name\":\"92.5 FOREVER Radio\",\"url\":\"https:\\\/\\\/foreverfutbol.com.ec\\\/radio\\\/\",\"logo\":{\"@type\":\"ImageObject\",\"inLanguage\":\"es\",\"@id\":\"https:\\\/\\\/foreverfutbol.com.ec\\\/radio\\\/#\\\/schema\\\/logo\\\/image\\\/\",\"url\":\"https:\\\/\\\/foreverfutbol.com.ec\\\/radio\\\/wp-content\\\/uploads\\\/2024\\\/01\\\/cropped-logo-forever.png\",\"contentUrl\":\"https:\\\/\\\/foreverfutbol.com.ec\\\/radio\\\/wp-content\\\/uploads\\\/2024\\\/01\\\/cropped-logo-forever.png\",\"width\":180,\"height\":154,\"caption\":\"92.5 FOREVER Radio\"},\"image\":{\"@id\":\"https:\\\/\\\/foreverfutbol.com.ec\\\/radio\\\/#\\\/schema\\\/logo\\\/image\\\/\"},\"sameAs\":[\"https:\\\/\\\/www.facebook.com\\\/profile.php?id=100063550693491\",\"https:\\\/\\\/x.com\\\/925forever\",\"https:\\\/\\\/www.instagram.com\\\/radioforever925\\\/\"]},{\"@type\":\"Person\",\"@id\":\"https:\\\/\\\/foreverfutbol.com.ec\\\/radio\\\/#\\\/schema\\\/person\\\/2f679dd16f889ac00df6e7b648062a01\",\"name\":\"Ricardo Rodriguez\",\"image\":{\"@type\":\"ImageObject\",\"inLanguage\":\"es\",\"@id\":\"https:\\\/\\\/secure.gravatar.com\\\/avatar\\\/5d9dfb95700bd0c503ed088d29de94822b5cc66a74cb0362774e6fc534823d07?s=96&d=mm&r=g\",\"url\":\"https:\\\/\\\/secure.gravatar.com\\\/avatar\\\/5d9dfb95700bd0c503ed088d29de94822b5cc66a74cb0362774e6fc534823d07?s=96&d=mm&r=g\",\"contentUrl\":\"https:\\\/\\\/secure.gravatar.com\\\/avatar\\\/5d9dfb95700bd0c503ed088d29de94822b5cc66a74cb0362774e6fc534823d07?s=96&d=mm&r=g\",\"caption\":\"Ricardo Rodriguez\"},\"sameAs\":[\"https:\\\/\\\/foreverfutbol.com.ec\\\/radio\"],\"url\":\"https:\\\/\\\/foreverfutbol.com.ec\\\/radio\\\/author\\\/superdmin\\\/\"}]}<\/script>\n<!-- \/ Yoast SEO plugin. -->","yoast_head_json":{"title":"Orquesta Sinf\u00f3nica Nacional del Ecuador rinde homenaje sinf\u00f3nico a Studio Ghibli en Quito - 92.5 FOREVER Radio","description":"Disfruta del Homenaje Ghibli Sinf\u00f3nico con la Orquesta Sinf\u00f3nica Nacional del Ecuador este 5 de julio en Quito. \u00a1M\u00fasica, magia y animaci\u00f3n!","robots":{"index":"index","follow":"follow","max-snippet":"max-snippet:-1","max-image-preview":"max-image-preview:large","max-video-preview":"max-video-preview:-1"},"canonical":"https:\/\/foreverfutbol.com.ec\/radio\/entretenimiento\/orquesta-sinfonica-nacional-del-ecuador-rinde-homenaje-sinfonico-a-studio-ghibli-en-quito\/","og_locale":"es_ES","og_type":"article","og_title":"Orquesta Sinf\u00f3nica Nacional del Ecuador rinde homenaje sinf\u00f3nico a Studio Ghibli en Quito - 92.5 FOREVER Radio","og_description":"Disfruta del Homenaje Ghibli Sinf\u00f3nico con la Orquesta Sinf\u00f3nica Nacional del Ecuador este 5 de julio en Quito. \u00a1M\u00fasica, magia y animaci\u00f3n!","og_url":"https:\/\/foreverfutbol.com.ec\/radio\/entretenimiento\/orquesta-sinfonica-nacional-del-ecuador-rinde-homenaje-sinfonico-a-studio-ghibli-en-quito\/","og_site_name":"92.5 FOREVER Radio","article_publisher":"https:\/\/www.facebook.com\/profile.php?id=100063550693491","article_published_time":"2025-06-25T14:54:39+00:00","article_modified_time":"2025-06-25T14:54:40+00:00","og_image":[{"width":1500,"height":1000,"url":"https:\/\/foreverfutbol.com.ec\/radio\/wp-content\/uploads\/2025\/06\/image-46-1.webp","type":"image\/webp"}],"author":"Ricardo Rodriguez","twitter_card":"summary_large_image","twitter_creator":"@925forever","twitter_site":"@925forever","twitter_misc":{"Escrito por":"Ricardo Rodriguez","Tiempo de lectura":"4 minutos"},"schema":{"@context":"https:\/\/schema.org","@graph":[{"@type":"Article","@id":"https:\/\/foreverfutbol.com.ec\/radio\/entretenimiento\/orquesta-sinfonica-nacional-del-ecuador-rinde-homenaje-sinfonico-a-studio-ghibli-en-quito\/#article","isPartOf":{"@id":"https:\/\/foreverfutbol.com.ec\/radio\/entretenimiento\/orquesta-sinfonica-nacional-del-ecuador-rinde-homenaje-sinfonico-a-studio-ghibli-en-quito\/"},"author":{"name":"Ricardo Rodriguez","@id":"https:\/\/foreverfutbol.com.ec\/radio\/#\/schema\/person\/2f679dd16f889ac00df6e7b648062a01"},"headline":"Orquesta Sinf\u00f3nica Nacional del Ecuador rinde homenaje sinf\u00f3nico a Studio Ghibli en Quito","datePublished":"2025-06-25T14:54:39+00:00","dateModified":"2025-06-25T14:54:40+00:00","mainEntityOfPage":{"@id":"https:\/\/foreverfutbol.com.ec\/radio\/entretenimiento\/orquesta-sinfonica-nacional-del-ecuador-rinde-homenaje-sinfonico-a-studio-ghibli-en-quito\/"},"wordCount":966,"commentCount":0,"publisher":{"@id":"https:\/\/foreverfutbol.com.ec\/radio\/#organization"},"image":{"@id":"https:\/\/foreverfutbol.com.ec\/radio\/entretenimiento\/orquesta-sinfonica-nacional-del-ecuador-rinde-homenaje-sinfonico-a-studio-ghibli-en-quito\/#primaryimage"},"thumbnailUrl":"https:\/\/foreverfutbol.com.ec\/radio\/wp-content\/uploads\/2025\/06\/image-46-1.webp","articleSection":["Entretenimiento"],"inLanguage":"es","potentialAction":[{"@type":"CommentAction","name":"Comment","target":["https:\/\/foreverfutbol.com.ec\/radio\/entretenimiento\/orquesta-sinfonica-nacional-del-ecuador-rinde-homenaje-sinfonico-a-studio-ghibli-en-quito\/#respond"]}]},{"@type":"WebPage","@id":"https:\/\/foreverfutbol.com.ec\/radio\/entretenimiento\/orquesta-sinfonica-nacional-del-ecuador-rinde-homenaje-sinfonico-a-studio-ghibli-en-quito\/","url":"https:\/\/foreverfutbol.com.ec\/radio\/entretenimiento\/orquesta-sinfonica-nacional-del-ecuador-rinde-homenaje-sinfonico-a-studio-ghibli-en-quito\/","name":"Orquesta Sinf\u00f3nica Nacional del Ecuador rinde homenaje sinf\u00f3nico a Studio Ghibli en Quito - 92.5 FOREVER Radio","isPartOf":{"@id":"https:\/\/foreverfutbol.com.ec\/radio\/#website"},"primaryImageOfPage":{"@id":"https:\/\/foreverfutbol.com.ec\/radio\/entretenimiento\/orquesta-sinfonica-nacional-del-ecuador-rinde-homenaje-sinfonico-a-studio-ghibli-en-quito\/#primaryimage"},"image":{"@id":"https:\/\/foreverfutbol.com.ec\/radio\/entretenimiento\/orquesta-sinfonica-nacional-del-ecuador-rinde-homenaje-sinfonico-a-studio-ghibli-en-quito\/#primaryimage"},"thumbnailUrl":"https:\/\/foreverfutbol.com.ec\/radio\/wp-content\/uploads\/2025\/06\/image-46-1.webp","datePublished":"2025-06-25T14:54:39+00:00","dateModified":"2025-06-25T14:54:40+00:00","description":"Disfruta del Homenaje Ghibli Sinf\u00f3nico con la Orquesta Sinf\u00f3nica Nacional del Ecuador este 5 de julio en Quito. \u00a1M\u00fasica, magia y animaci\u00f3n!","breadcrumb":{"@id":"https:\/\/foreverfutbol.com.ec\/radio\/entretenimiento\/orquesta-sinfonica-nacional-del-ecuador-rinde-homenaje-sinfonico-a-studio-ghibli-en-quito\/#breadcrumb"},"inLanguage":"es","potentialAction":[{"@type":"ReadAction","target":["https:\/\/foreverfutbol.com.ec\/radio\/entretenimiento\/orquesta-sinfonica-nacional-del-ecuador-rinde-homenaje-sinfonico-a-studio-ghibli-en-quito\/"]}]},{"@type":"ImageObject","inLanguage":"es","@id":"https:\/\/foreverfutbol.com.ec\/radio\/entretenimiento\/orquesta-sinfonica-nacional-del-ecuador-rinde-homenaje-sinfonico-a-studio-ghibli-en-quito\/#primaryimage","url":"https:\/\/foreverfutbol.com.ec\/radio\/wp-content\/uploads\/2025\/06\/image-46-1.webp","contentUrl":"https:\/\/foreverfutbol.com.ec\/radio\/wp-content\/uploads\/2025\/06\/image-46-1.webp","width":1500,"height":1000},{"@type":"BreadcrumbList","@id":"https:\/\/foreverfutbol.com.ec\/radio\/entretenimiento\/orquesta-sinfonica-nacional-del-ecuador-rinde-homenaje-sinfonico-a-studio-ghibli-en-quito\/#breadcrumb","itemListElement":[{"@type":"ListItem","position":1,"name":"Portada","item":"https:\/\/foreverfutbol.com.ec\/radio\/"},{"@type":"ListItem","position":2,"name":"Orquesta Sinf\u00f3nica Nacional del Ecuador rinde homenaje sinf\u00f3nico a Studio Ghibli en Quito"}]},{"@type":"WebSite","@id":"https:\/\/foreverfutbol.com.ec\/radio\/#website","url":"https:\/\/foreverfutbol.com.ec\/radio\/","name":"92.5 FOREVER Radio","description":"","publisher":{"@id":"https:\/\/foreverfutbol.com.ec\/radio\/#organization"},"potentialAction":[{"@type":"SearchAction","target":{"@type":"EntryPoint","urlTemplate":"https:\/\/foreverfutbol.com.ec\/radio\/?s={search_term_string}"},"query-input":{"@type":"PropertyValueSpecification","valueRequired":true,"valueName":"search_term_string"}}],"inLanguage":"es"},{"@type":"Organization","@id":"https:\/\/foreverfutbol.com.ec\/radio\/#organization","name":"92.5 FOREVER Radio","url":"https:\/\/foreverfutbol.com.ec\/radio\/","logo":{"@type":"ImageObject","inLanguage":"es","@id":"https:\/\/foreverfutbol.com.ec\/radio\/#\/schema\/logo\/image\/","url":"https:\/\/foreverfutbol.com.ec\/radio\/wp-content\/uploads\/2024\/01\/cropped-logo-forever.png","contentUrl":"https:\/\/foreverfutbol.com.ec\/radio\/wp-content\/uploads\/2024\/01\/cropped-logo-forever.png","width":180,"height":154,"caption":"92.5 FOREVER Radio"},"image":{"@id":"https:\/\/foreverfutbol.com.ec\/radio\/#\/schema\/logo\/image\/"},"sameAs":["https:\/\/www.facebook.com\/profile.php?id=100063550693491","https:\/\/x.com\/925forever","https:\/\/www.instagram.com\/radioforever925\/"]},{"@type":"Person","@id":"https:\/\/foreverfutbol.com.ec\/radio\/#\/schema\/person\/2f679dd16f889ac00df6e7b648062a01","name":"Ricardo Rodriguez","image":{"@type":"ImageObject","inLanguage":"es","@id":"https:\/\/secure.gravatar.com\/avatar\/5d9dfb95700bd0c503ed088d29de94822b5cc66a74cb0362774e6fc534823d07?s=96&d=mm&r=g","url":"https:\/\/secure.gravatar.com\/avatar\/5d9dfb95700bd0c503ed088d29de94822b5cc66a74cb0362774e6fc534823d07?s=96&d=mm&r=g","contentUrl":"https:\/\/secure.gravatar.com\/avatar\/5d9dfb95700bd0c503ed088d29de94822b5cc66a74cb0362774e6fc534823d07?s=96&d=mm&r=g","caption":"Ricardo Rodriguez"},"sameAs":["https:\/\/foreverfutbol.com.ec\/radio"],"url":"https:\/\/foreverfutbol.com.ec\/radio\/author\/superdmin\/"}]}},"_links":{"self":[{"href":"https:\/\/foreverfutbol.com.ec\/radio\/wp-json\/wp\/v2\/posts\/17442","targetHints":{"allow":["GET"]}}],"collection":[{"href":"https:\/\/foreverfutbol.com.ec\/radio\/wp-json\/wp\/v2\/posts"}],"about":[{"href":"https:\/\/foreverfutbol.com.ec\/radio\/wp-json\/wp\/v2\/types\/post"}],"author":[{"embeddable":true,"href":"https:\/\/foreverfutbol.com.ec\/radio\/wp-json\/wp\/v2\/users\/1"}],"replies":[{"embeddable":true,"href":"https:\/\/foreverfutbol.com.ec\/radio\/wp-json\/wp\/v2\/comments?post=17442"}],"version-history":[{"count":1,"href":"https:\/\/foreverfutbol.com.ec\/radio\/wp-json\/wp\/v2\/posts\/17442\/revisions"}],"predecessor-version":[{"id":17444,"href":"https:\/\/foreverfutbol.com.ec\/radio\/wp-json\/wp\/v2\/posts\/17442\/revisions\/17444"}],"wp:featuredmedia":[{"embeddable":true,"href":"https:\/\/foreverfutbol.com.ec\/radio\/wp-json\/wp\/v2\/media\/17443"}],"wp:attachment":[{"href":"https:\/\/foreverfutbol.com.ec\/radio\/wp-json\/wp\/v2\/media?parent=17442"}],"wp:term":[{"taxonomy":"category","embeddable":true,"href":"https:\/\/foreverfutbol.com.ec\/radio\/wp-json\/wp\/v2\/categories?post=17442"},{"taxonomy":"post_tag","embeddable":true,"href":"https:\/\/foreverfutbol.com.ec\/radio\/wp-json\/wp\/v2\/tags?post=17442"}],"curies":[{"name":"wp","href":"https:\/\/api.w.org\/{rel}","templated":true}]}}