{"id":17438,"date":"2025-06-25T09:33:56","date_gmt":"2025-06-25T14:33:56","guid":{"rendered":"https:\/\/foreverfutbol.com.ec\/radio\/?p=17438"},"modified":"2025-06-25T09:33:57","modified_gmt":"2025-06-25T14:33:57","slug":"presidente-daniel-noboa-ecuador-esta-listo-para-liderar-el-comercio-mundial","status":"publish","type":"post","link":"https:\/\/foreverfutbol.com.ec\/radio\/politica\/presidente-daniel-noboa-ecuador-esta-listo-para-liderar-el-comercio-mundial\/","title":{"rendered":"Presidente Daniel Noboa: Ecuador est\u00e1 listo para liderar el comercio mundial"},"content":{"rendered":"\n<h2 class=\"wp-block-heading\"><strong>Un liderazgo renovado que impulsa el crecimiento econ\u00f3mico<\/strong><\/h2>\n\n\n\n<p class=\"wp-block-paragraph\">El presidente <strong>Daniel Noboa Azin<\/strong> reafirm\u00f3 la posici\u00f3n de <strong>Ecuador como actor estrat\u00e9gico<\/strong> en el nuevo orden econ\u00f3mico global durante su participaci\u00f3n en el <strong>Foro Econ\u00f3mico Mundial de Verano en Tianjin, China<\/strong>, el 25 de junio de 2025. En el marco del panel <strong>\u201cProtegiendo los Motores del Crecimiento\u201d<\/strong>, Noboa deline\u00f3 con claridad la hoja de ruta que gu\u00eda a su Gobierno hacia una econom\u00eda m\u00e1s abierta, innovadora y humana.<\/p>\n\n\n\n<p class=\"wp-block-paragraph\">Durante su intervenci\u00f3n, el mandatario subray\u00f3 que <strong>la generaci\u00f3n de empleo, la atracci\u00f3n de inversi\u00f3n extranjera<\/strong> y la apuesta por una <strong>producci\u00f3n sostenible<\/strong> son los ejes fundamentales para lograr un desarrollo con rostro humano. \u201cNo se trata solo de cifras, sino de entender los <strong>sue\u00f1os y anhelos de cada ecuatoriano<\/strong>\u201d, afirm\u00f3 enf\u00e1ticamente.<\/p>\n\n\n\n<h2 class=\"wp-block-heading\"><strong>Una visi\u00f3n centrada en la educaci\u00f3n, productividad y exportaciones<\/strong><\/h2>\n\n\n\n<p class=\"wp-block-paragraph\">El presidente destac\u00f3 el avance de <strong>sectores productivos clave<\/strong> que est\u00e1n revolucionando la imagen del pa\u00eds en los mercados internacionales. La educaci\u00f3n ha sido una de las <strong>prioridades estrat\u00e9gicas<\/strong> para garantizar una <strong>fuerza laboral preparada y competitiva<\/strong>. Bajo su liderazgo, se han fortalecido programas t\u00e9cnicos y universitarios enfocados en la demanda actual del mercado global.<\/p>\n\n\n\n<p class=\"wp-block-paragraph\">En cuanto a las <strong>exportaciones<\/strong>, Noboa resalt\u00f3 el incremento de productos con valor agregado como <strong>el cacao fino de aroma, el chocolate artesanal, los ar\u00e1ndanos, el caf\u00e9 de altura y el camar\u00f3n de cultivo sostenible<\/strong>, liderados por <strong>peque\u00f1as y medianas empresas<\/strong> que est\u00e1n conquistando mercados asi\u00e1ticos y europeos. Estos avances, seg\u00fan el mandatario, posicionan al Ecuador como un <strong>referente agroexportador de calidad<\/strong>.<\/p>\n\n\n\n<h2 class=\"wp-block-heading\"><strong>Ecuador como destino de inversi\u00f3n extranjera estrat\u00e9gica<\/strong><\/h2>\n\n\n\n<p class=\"wp-block-paragraph\">Uno de los ejes m\u00e1s relevantes del discurso presidencial fue la clara <strong>apuesta por atraer inversi\u00f3n extranjera directa<\/strong> (IED). Noboa explic\u00f3 que su administraci\u00f3n est\u00e1 comprometida con una pol\u00edtica de <strong>seguridad jur\u00eddica, transparencia institucional y est\u00edmulos fiscales<\/strong> que convierten al Ecuador en un entorno atractivo para los negocios.<\/p>\n\n\n\n<p class=\"wp-block-paragraph\">Sectores como la <strong>energ\u00eda renovable, la miner\u00eda responsable y la infraestructura verde<\/strong> son considerados pilares para un crecimiento sustentable. Adem\u00e1s, se trabaja en <strong>marcos regulatorios modernos y \u00e1giles<\/strong> que favorecen la instalaci\u00f3n de empresas tecnol\u00f3gicas, log\u00edsticas y manufactureras de alto nivel.<\/p>\n\n\n\n<h2 class=\"wp-block-heading\"><strong>Inteligencia artificial y transformaci\u00f3n digital como motores del progreso<\/strong><\/h2>\n\n\n\n<p class=\"wp-block-paragraph\">Daniel Noboa tambi\u00e9n destac\u00f3 la importancia de la <strong>modernizaci\u00f3n tecnol\u00f3gica<\/strong> como elemento clave para aumentar la productividad nacional. En su intervenci\u00f3n, explic\u00f3 c\u00f3mo el Gobierno est\u00e1 fomentando la incorporaci\u00f3n de <strong>inteligencia artificial, big data y automatizaci\u00f3n<\/strong> en procesos productivos, especialmente en sectores como <strong>el turismo, la agricultura y la log\u00edstica<\/strong>.<\/p>\n\n\n\n<p class=\"wp-block-paragraph\">Este impulso tecnol\u00f3gico ha permitido que muchas <strong>PYMES<\/strong> ecuatorianas mejoren sus servicios, optimicen costos y se adapten a los nuevos patrones de consumo digital. Adem\u00e1s, se est\u00e1n implementando <strong>centros de innovaci\u00f3n p\u00fablica-privada<\/strong> que promueven la creaci\u00f3n de soluciones tecnol\u00f3gicas adaptadas a la realidad ecuatoriana.<\/p>\n\n\n\n<h2 class=\"wp-block-heading\"><strong>Compromiso con el desarrollo sostenible y lucha contra la miner\u00eda ilegal<\/strong><\/h2>\n\n\n\n<p class=\"wp-block-paragraph\">Noboa alert\u00f3 a la comunidad internacional sobre los <strong>efectos devastadores de la miner\u00eda ilegal<\/strong>, que no solo afectan al medio ambiente, sino que tambi\u00e9n est\u00e1n vinculados a redes delictivas organizadas. Su Gobierno ha puesto en marcha un <strong>plan nacional de control, monitoreo satelital y cooperaci\u00f3n internacional<\/strong> para erradicar esta actividad il\u00edcita.<\/p>\n\n\n\n<p class=\"wp-block-paragraph\">El presidente reiter\u00f3 que Ecuador defiende una <strong>visi\u00f3n de desarrollo que respeta la biodiversidad, protege los territorios ancestrales<\/strong> y prioriza el bienestar de las comunidades locales. \u201cLa <strong>miner\u00eda legal, regulada y sostenible<\/strong> es bienvenida; la miner\u00eda criminal no\u201d, sentenci\u00f3.<\/p>\n\n\n\n<h2 class=\"wp-block-heading\"><strong>Ecuador y Vietnam: una alianza estrat\u00e9gica para el futuro<\/strong><\/h2>\n\n\n\n<p class=\"wp-block-paragraph\">Durante su estad\u00eda en Asia, el presidente Noboa mantuvo una <strong>reuni\u00f3n bilateral con el primer ministro de Vietnam, Pham Minh Chinh<\/strong>, en la cual se abordaron temas cruciales como <strong>infraestructura, agricultura, econom\u00eda digital, telecomunicaciones y emprendimiento juvenil<\/strong>.<\/p>\n\n\n\n<p class=\"wp-block-paragraph\">El encuentro concluy\u00f3 con el <strong>acuerdo de establecer un mecanismo de consultas pol\u00edticas<\/strong> y de cooperaci\u00f3n t\u00e9cnica que incluye una visita oficial de autoridades vietnamitas al Ecuador. Esta alianza representa un <strong>puente estrat\u00e9gico entre Am\u00e9rica Latina y el sudeste asi\u00e1tico<\/strong>, impulsando nuevas oportunidades para ambos pueblos.<\/p>\n\n\n\n<h2 class=\"wp-block-heading\"><strong>Protagonismo de Ecuador en el comercio mundial<\/strong><\/h2>\n\n\n\n<p class=\"wp-block-paragraph\">En declaraciones posteriores al foro, el presidente Noboa manifest\u00f3 con convicci\u00f3n: <strong>\u201cEcuador puede ser protagonista, en los pr\u00f3ximos a\u00f1os, en el comercio mundial\u201d<\/strong>. Esta afirmaci\u00f3n est\u00e1 respaldada por una pol\u00edtica exterior din\u00e1mica, basada en <strong>relaciones bilaterales s\u00f3lidas, apertura comercial y diplomacia econ\u00f3mica<\/strong>.<\/p>\n\n\n\n<p class=\"wp-block-paragraph\">El pa\u00eds se encuentra actualmente en negociaciones avanzadas para nuevos <strong>acuerdos de libre comercio<\/strong>, al tiempo que fortalece su rol en organismos multilaterales. El objetivo es claro: convertir al Ecuador en una <strong>plataforma log\u00edstica, agroindustrial y tecnol\u00f3gica regional<\/strong>, capaz de integrar cadenas globales de valor.<\/p>\n\n\n\n<h2 class=\"wp-block-heading\"><strong>Democracia, estabilidad y cooperaci\u00f3n internacional<\/strong><\/h2>\n\n\n\n<p class=\"wp-block-paragraph\">Finalmente, Noboa hizo un llamado a la comunidad global para <strong>defender los valores democr\u00e1ticos y los principios de cooperaci\u00f3n multilateral<\/strong>. Asegur\u00f3 que la democracia es el terreno f\u00e9rtil donde florecen la innovaci\u00f3n, la inversi\u00f3n y el desarrollo humano. En ese sentido, Ecuador se presenta como un <strong>socio confiable y estable en medio de un contexto regional desafiante<\/strong>.<\/p>\n\n\n\n<p class=\"wp-block-paragraph\">La estrategia de su Gobierno se basa en un modelo de gobernanza que une la <strong>eficiencia administrativa con el di\u00e1logo ciudadano<\/strong>, permitiendo que las decisiones p\u00fablicas reflejen las aspiraciones del pueblo ecuatoriano.<\/p>\n\n\n\n<blockquote class=\"twitter-tweet\"><p lang=\"es\" dir=\"ltr\">Desde Tianjin, <a href=\"https:\/\/twitter.com\/hashtag\/China?src=hash&amp;ref_src=twsrc%5Etfw\">#China<\/a>, el presidente Daniel <a href=\"https:\/\/twitter.com\/hashtag\/Noboa?src=hash&amp;ref_src=twsrc%5Etfw\">#Noboa<\/a> expuso los pilares del desarrollo de <a href=\"https:\/\/twitter.com\/hashtag\/Ecuador?src=hash&amp;ref_src=twsrc%5Etfw\">#Ecuador<\/a> en el panel &quot;Protegiendo los Motores del Crecimiento&quot; del Foro Econ\u00f3mico Mundial de Verano (Davos de Verano). Noboa destac\u00f3 la <a href=\"https:\/\/twitter.com\/hashtag\/econom%C3%ADa?src=hash&amp;ref_src=twsrc%5Etfw\">#econom\u00eda<\/a> y el empleo como prioridad, buscando\u2026 <a href=\"https:\/\/t.co\/8khFraMuht\">pic.twitter.com\/8khFraMuht<\/a><\/p>&mdash; Radio Forever (@925forever) <a href=\"https:\/\/twitter.com\/925forever\/status\/1937872780348809671?ref_src=twsrc%5Etfw\">June 25, 2025<\/a><\/blockquote> <script async src=\"https:\/\/platform.twitter.com\/widgets.js\" charset=\"utf-8\"><\/script>\n","protected":false},"excerpt":{"rendered":"<p>Un liderazgo renovado que impulsa el crecimiento econ\u00f3mico El presidente Daniel Noboa Azin reafirm\u00f3 la posici\u00f3n de Ecuador como actor estrat\u00e9gico en el nuevo orden econ\u00f3mico global durante su participaci\u00f3n en el Foro Econ\u00f3mico Mundial de Verano en Tianjin, China, el 25 de junio de 2025. En el marco del panel \u201cProtegiendo los Motores del [&hellip;]<\/p>\n","protected":false},"author":1,"featured_media":17439,"comment_status":"open","ping_status":"open","sticky":false,"template":"","format":"standard","meta":{"footnotes":""},"categories":[159,52],"tags":[],"class_list":["post-17438","post","type-post","status-publish","format-standard","has-post-thumbnail","hentry","category-daniel-noboa","category-politica"],"yoast_head":"<!-- This site is optimized with the Yoast SEO plugin v28.3 - https:\/\/yoast.com\/product\/yoast-seo-wordpress\/ -->\n<title>Presidente Daniel Noboa: Ecuador est\u00e1 listo para liderar el comercio mundial - 92.5 FOREVER Radio<\/title>\n<meta name=\"description\" content=\"Ecuador se proyecta como l\u00edder en el comercio mundial. El presidente Daniel Noboa expone en China su visi\u00f3n de desarrollo econ\u00f3mico\" \/>\n<meta name=\"robots\" content=\"index, follow, max-snippet:-1, max-image-preview:large, max-video-preview:-1\" \/>\n<link rel=\"canonical\" href=\"https:\/\/foreverfutbol.com.ec\/radio\/politica\/presidente-daniel-noboa-ecuador-esta-listo-para-liderar-el-comercio-mundial\/\" \/>\n<meta property=\"og:locale\" content=\"es_ES\" \/>\n<meta property=\"og:type\" content=\"article\" \/>\n<meta property=\"og:title\" content=\"Presidente Daniel Noboa: Ecuador est\u00e1 listo para liderar el comercio mundial - 92.5 FOREVER Radio\" \/>\n<meta property=\"og:description\" content=\"Ecuador se proyecta como l\u00edder en el comercio mundial. El presidente Daniel Noboa expone en China su visi\u00f3n de desarrollo econ\u00f3mico\" \/>\n<meta property=\"og:url\" content=\"https:\/\/foreverfutbol.com.ec\/radio\/politica\/presidente-daniel-noboa-ecuador-esta-listo-para-liderar-el-comercio-mundial\/\" \/>\n<meta property=\"og:site_name\" content=\"92.5 FOREVER Radio\" \/>\n<meta property=\"article:publisher\" content=\"https:\/\/www.facebook.com\/profile.php?id=100063550693491\" \/>\n<meta property=\"article:published_time\" content=\"2025-06-25T14:33:56+00:00\" \/>\n<meta property=\"article:modified_time\" content=\"2025-06-25T14:33:57+00:00\" \/>\n<meta property=\"og:image\" content=\"https:\/\/foreverfutbol.com.ec\/radio\/wp-content\/uploads\/2025\/06\/image-45.webp\" \/>\n\t<meta property=\"og:image:width\" content=\"1200\" \/>\n\t<meta property=\"og:image:height\" content=\"630\" \/>\n\t<meta property=\"og:image:type\" content=\"image\/webp\" \/>\n<meta name=\"author\" content=\"Ricardo Rodriguez\" \/>\n<meta name=\"twitter:card\" content=\"summary_large_image\" \/>\n<meta name=\"twitter:creator\" content=\"@925forever\" \/>\n<meta name=\"twitter:site\" content=\"@925forever\" \/>\n<meta name=\"twitter:label1\" content=\"Escrito por\" \/>\n\t<meta name=\"twitter:data1\" content=\"Ricardo Rodriguez\" \/>\n\t<meta name=\"twitter:label2\" content=\"Tiempo de lectura\" \/>\n\t<meta name=\"twitter:data2\" content=\"5 minutos\" \/>\n<script type=\"application\/ld+json\" class=\"yoast-schema-graph\">{\"@context\":\"https:\\\/\\\/schema.org\",\"@graph\":[{\"@type\":\"Article\",\"@id\":\"https:\\\/\\\/foreverfutbol.com.ec\\\/radio\\\/politica\\\/presidente-daniel-noboa-ecuador-esta-listo-para-liderar-el-comercio-mundial\\\/#article\",\"isPartOf\":{\"@id\":\"https:\\\/\\\/foreverfutbol.com.ec\\\/radio\\\/politica\\\/presidente-daniel-noboa-ecuador-esta-listo-para-liderar-el-comercio-mundial\\\/\"},\"author\":{\"name\":\"Ricardo Rodriguez\",\"@id\":\"https:\\\/\\\/foreverfutbol.com.ec\\\/radio\\\/#\\\/schema\\\/person\\\/2f679dd16f889ac00df6e7b648062a01\"},\"headline\":\"Presidente Daniel Noboa: Ecuador est\u00e1 listo para liderar el comercio mundial\",\"datePublished\":\"2025-06-25T14:33:56+00:00\",\"dateModified\":\"2025-06-25T14:33:57+00:00\",\"mainEntityOfPage\":{\"@id\":\"https:\\\/\\\/foreverfutbol.com.ec\\\/radio\\\/politica\\\/presidente-daniel-noboa-ecuador-esta-listo-para-liderar-el-comercio-mundial\\\/\"},\"wordCount\":995,\"commentCount\":0,\"publisher\":{\"@id\":\"https:\\\/\\\/foreverfutbol.com.ec\\\/radio\\\/#organization\"},\"image\":{\"@id\":\"https:\\\/\\\/foreverfutbol.com.ec\\\/radio\\\/politica\\\/presidente-daniel-noboa-ecuador-esta-listo-para-liderar-el-comercio-mundial\\\/#primaryimage\"},\"thumbnailUrl\":\"https:\\\/\\\/foreverfutbol.com.ec\\\/radio\\\/wp-content\\\/uploads\\\/2025\\\/06\\\/image-45.webp\",\"articleSection\":[\"Daniel Noboa\",\"Pol\u00edtica\"],\"inLanguage\":\"es\",\"potentialAction\":[{\"@type\":\"CommentAction\",\"name\":\"Comment\",\"target\":[\"https:\\\/\\\/foreverfutbol.com.ec\\\/radio\\\/politica\\\/presidente-daniel-noboa-ecuador-esta-listo-para-liderar-el-comercio-mundial\\\/#respond\"]}]},{\"@type\":\"WebPage\",\"@id\":\"https:\\\/\\\/foreverfutbol.com.ec\\\/radio\\\/politica\\\/presidente-daniel-noboa-ecuador-esta-listo-para-liderar-el-comercio-mundial\\\/\",\"url\":\"https:\\\/\\\/foreverfutbol.com.ec\\\/radio\\\/politica\\\/presidente-daniel-noboa-ecuador-esta-listo-para-liderar-el-comercio-mundial\\\/\",\"name\":\"Presidente Daniel Noboa: Ecuador est\u00e1 listo para liderar el comercio mundial - 92.5 FOREVER Radio\",\"isPartOf\":{\"@id\":\"https:\\\/\\\/foreverfutbol.com.ec\\\/radio\\\/#website\"},\"primaryImageOfPage\":{\"@id\":\"https:\\\/\\\/foreverfutbol.com.ec\\\/radio\\\/politica\\\/presidente-daniel-noboa-ecuador-esta-listo-para-liderar-el-comercio-mundial\\\/#primaryimage\"},\"image\":{\"@id\":\"https:\\\/\\\/foreverfutbol.com.ec\\\/radio\\\/politica\\\/presidente-daniel-noboa-ecuador-esta-listo-para-liderar-el-comercio-mundial\\\/#primaryimage\"},\"thumbnailUrl\":\"https:\\\/\\\/foreverfutbol.com.ec\\\/radio\\\/wp-content\\\/uploads\\\/2025\\\/06\\\/image-45.webp\",\"datePublished\":\"2025-06-25T14:33:56+00:00\",\"dateModified\":\"2025-06-25T14:33:57+00:00\",\"description\":\"Ecuador se proyecta como l\u00edder en el comercio mundial. El presidente Daniel Noboa expone en China su visi\u00f3n de desarrollo econ\u00f3mico\",\"breadcrumb\":{\"@id\":\"https:\\\/\\\/foreverfutbol.com.ec\\\/radio\\\/politica\\\/presidente-daniel-noboa-ecuador-esta-listo-para-liderar-el-comercio-mundial\\\/#breadcrumb\"},\"inLanguage\":\"es\",\"potentialAction\":[{\"@type\":\"ReadAction\",\"target\":[\"https:\\\/\\\/foreverfutbol.com.ec\\\/radio\\\/politica\\\/presidente-daniel-noboa-ecuador-esta-listo-para-liderar-el-comercio-mundial\\\/\"]}]},{\"@type\":\"ImageObject\",\"inLanguage\":\"es\",\"@id\":\"https:\\\/\\\/foreverfutbol.com.ec\\\/radio\\\/politica\\\/presidente-daniel-noboa-ecuador-esta-listo-para-liderar-el-comercio-mundial\\\/#primaryimage\",\"url\":\"https:\\\/\\\/foreverfutbol.com.ec\\\/radio\\\/wp-content\\\/uploads\\\/2025\\\/06\\\/image-45.webp\",\"contentUrl\":\"https:\\\/\\\/foreverfutbol.com.ec\\\/radio\\\/wp-content\\\/uploads\\\/2025\\\/06\\\/image-45.webp\",\"width\":1200,\"height\":630,\"caption\":\"Presidente Daniel Noboa: Ecuador est\u00e1 listo para liderar el comercio mundial\"},{\"@type\":\"BreadcrumbList\",\"@id\":\"https:\\\/\\\/foreverfutbol.com.ec\\\/radio\\\/politica\\\/presidente-daniel-noboa-ecuador-esta-listo-para-liderar-el-comercio-mundial\\\/#breadcrumb\",\"itemListElement\":[{\"@type\":\"ListItem\",\"position\":1,\"name\":\"Portada\",\"item\":\"https:\\\/\\\/foreverfutbol.com.ec\\\/radio\\\/\"},{\"@type\":\"ListItem\",\"position\":2,\"name\":\"Presidente Daniel Noboa: Ecuador est\u00e1 listo para liderar el comercio mundial\"}]},{\"@type\":\"WebSite\",\"@id\":\"https:\\\/\\\/foreverfutbol.com.ec\\\/radio\\\/#website\",\"url\":\"https:\\\/\\\/foreverfutbol.com.ec\\\/radio\\\/\",\"name\":\"92.5 FOREVER Radio\",\"description\":\"\",\"publisher\":{\"@id\":\"https:\\\/\\\/foreverfutbol.com.ec\\\/radio\\\/#organization\"},\"potentialAction\":[{\"@type\":\"SearchAction\",\"target\":{\"@type\":\"EntryPoint\",\"urlTemplate\":\"https:\\\/\\\/foreverfutbol.com.ec\\\/radio\\\/?s={search_term_string}\"},\"query-input\":{\"@type\":\"PropertyValueSpecification\",\"valueRequired\":true,\"valueName\":\"search_term_string\"}}],\"inLanguage\":\"es\"},{\"@type\":\"Organization\",\"@id\":\"https:\\\/\\\/foreverfutbol.com.ec\\\/radio\\\/#organization\",\"name\":\"92.5 FOREVER Radio\",\"url\":\"https:\\\/\\\/foreverfutbol.com.ec\\\/radio\\\/\",\"logo\":{\"@type\":\"ImageObject\",\"inLanguage\":\"es\",\"@id\":\"https:\\\/\\\/foreverfutbol.com.ec\\\/radio\\\/#\\\/schema\\\/logo\\\/image\\\/\",\"url\":\"https:\\\/\\\/foreverfutbol.com.ec\\\/radio\\\/wp-content\\\/uploads\\\/2024\\\/01\\\/cropped-logo-forever.png\",\"contentUrl\":\"https:\\\/\\\/foreverfutbol.com.ec\\\/radio\\\/wp-content\\\/uploads\\\/2024\\\/01\\\/cropped-logo-forever.png\",\"width\":180,\"height\":154,\"caption\":\"92.5 FOREVER Radio\"},\"image\":{\"@id\":\"https:\\\/\\\/foreverfutbol.com.ec\\\/radio\\\/#\\\/schema\\\/logo\\\/image\\\/\"},\"sameAs\":[\"https:\\\/\\\/www.facebook.com\\\/profile.php?id=100063550693491\",\"https:\\\/\\\/x.com\\\/925forever\",\"https:\\\/\\\/www.instagram.com\\\/radioforever925\\\/\"]},{\"@type\":\"Person\",\"@id\":\"https:\\\/\\\/foreverfutbol.com.ec\\\/radio\\\/#\\\/schema\\\/person\\\/2f679dd16f889ac00df6e7b648062a01\",\"name\":\"Ricardo Rodriguez\",\"image\":{\"@type\":\"ImageObject\",\"inLanguage\":\"es\",\"@id\":\"https:\\\/\\\/secure.gravatar.com\\\/avatar\\\/5d9dfb95700bd0c503ed088d29de94822b5cc66a74cb0362774e6fc534823d07?s=96&d=mm&r=g\",\"url\":\"https:\\\/\\\/secure.gravatar.com\\\/avatar\\\/5d9dfb95700bd0c503ed088d29de94822b5cc66a74cb0362774e6fc534823d07?s=96&d=mm&r=g\",\"contentUrl\":\"https:\\\/\\\/secure.gravatar.com\\\/avatar\\\/5d9dfb95700bd0c503ed088d29de94822b5cc66a74cb0362774e6fc534823d07?s=96&d=mm&r=g\",\"caption\":\"Ricardo Rodriguez\"},\"sameAs\":[\"https:\\\/\\\/foreverfutbol.com.ec\\\/radio\"],\"url\":\"https:\\\/\\\/foreverfutbol.com.ec\\\/radio\\\/author\\\/superdmin\\\/\"}]}<\/script>\n<!-- \/ Yoast SEO plugin. -->","yoast_head_json":{"title":"Presidente Daniel Noboa: Ecuador est\u00e1 listo para liderar el comercio mundial - 92.5 FOREVER Radio","description":"Ecuador se proyecta como l\u00edder en el comercio mundial. El presidente Daniel Noboa expone en China su visi\u00f3n de desarrollo econ\u00f3mico","robots":{"index":"index","follow":"follow","max-snippet":"max-snippet:-1","max-image-preview":"max-image-preview:large","max-video-preview":"max-video-preview:-1"},"canonical":"https:\/\/foreverfutbol.com.ec\/radio\/politica\/presidente-daniel-noboa-ecuador-esta-listo-para-liderar-el-comercio-mundial\/","og_locale":"es_ES","og_type":"article","og_title":"Presidente Daniel Noboa: Ecuador est\u00e1 listo para liderar el comercio mundial - 92.5 FOREVER Radio","og_description":"Ecuador se proyecta como l\u00edder en el comercio mundial. El presidente Daniel Noboa expone en China su visi\u00f3n de desarrollo econ\u00f3mico","og_url":"https:\/\/foreverfutbol.com.ec\/radio\/politica\/presidente-daniel-noboa-ecuador-esta-listo-para-liderar-el-comercio-mundial\/","og_site_name":"92.5 FOREVER Radio","article_publisher":"https:\/\/www.facebook.com\/profile.php?id=100063550693491","article_published_time":"2025-06-25T14:33:56+00:00","article_modified_time":"2025-06-25T14:33:57+00:00","og_image":[{"width":1200,"height":630,"url":"https:\/\/foreverfutbol.com.ec\/radio\/wp-content\/uploads\/2025\/06\/image-45.webp","type":"image\/webp"}],"author":"Ricardo Rodriguez","twitter_card":"summary_large_image","twitter_creator":"@925forever","twitter_site":"@925forever","twitter_misc":{"Escrito por":"Ricardo Rodriguez","Tiempo de lectura":"5 minutos"},"schema":{"@context":"https:\/\/schema.org","@graph":[{"@type":"Article","@id":"https:\/\/foreverfutbol.com.ec\/radio\/politica\/presidente-daniel-noboa-ecuador-esta-listo-para-liderar-el-comercio-mundial\/#article","isPartOf":{"@id":"https:\/\/foreverfutbol.com.ec\/radio\/politica\/presidente-daniel-noboa-ecuador-esta-listo-para-liderar-el-comercio-mundial\/"},"author":{"name":"Ricardo Rodriguez","@id":"https:\/\/foreverfutbol.com.ec\/radio\/#\/schema\/person\/2f679dd16f889ac00df6e7b648062a01"},"headline":"Presidente Daniel Noboa: Ecuador est\u00e1 listo para liderar el comercio mundial","datePublished":"2025-06-25T14:33:56+00:00","dateModified":"2025-06-25T14:33:57+00:00","mainEntityOfPage":{"@id":"https:\/\/foreverfutbol.com.ec\/radio\/politica\/presidente-daniel-noboa-ecuador-esta-listo-para-liderar-el-comercio-mundial\/"},"wordCount":995,"commentCount":0,"publisher":{"@id":"https:\/\/foreverfutbol.com.ec\/radio\/#organization"},"image":{"@id":"https:\/\/foreverfutbol.com.ec\/radio\/politica\/presidente-daniel-noboa-ecuador-esta-listo-para-liderar-el-comercio-mundial\/#primaryimage"},"thumbnailUrl":"https:\/\/foreverfutbol.com.ec\/radio\/wp-content\/uploads\/2025\/06\/image-45.webp","articleSection":["Daniel Noboa","Pol\u00edtica"],"inLanguage":"es","potentialAction":[{"@type":"CommentAction","name":"Comment","target":["https:\/\/foreverfutbol.com.ec\/radio\/politica\/presidente-daniel-noboa-ecuador-esta-listo-para-liderar-el-comercio-mundial\/#respond"]}]},{"@type":"WebPage","@id":"https:\/\/foreverfutbol.com.ec\/radio\/politica\/presidente-daniel-noboa-ecuador-esta-listo-para-liderar-el-comercio-mundial\/","url":"https:\/\/foreverfutbol.com.ec\/radio\/politica\/presidente-daniel-noboa-ecuador-esta-listo-para-liderar-el-comercio-mundial\/","name":"Presidente Daniel Noboa: Ecuador est\u00e1 listo para liderar el comercio mundial - 92.5 FOREVER Radio","isPartOf":{"@id":"https:\/\/foreverfutbol.com.ec\/radio\/#website"},"primaryImageOfPage":{"@id":"https:\/\/foreverfutbol.com.ec\/radio\/politica\/presidente-daniel-noboa-ecuador-esta-listo-para-liderar-el-comercio-mundial\/#primaryimage"},"image":{"@id":"https:\/\/foreverfutbol.com.ec\/radio\/politica\/presidente-daniel-noboa-ecuador-esta-listo-para-liderar-el-comercio-mundial\/#primaryimage"},"thumbnailUrl":"https:\/\/foreverfutbol.com.ec\/radio\/wp-content\/uploads\/2025\/06\/image-45.webp","datePublished":"2025-06-25T14:33:56+00:00","dateModified":"2025-06-25T14:33:57+00:00","description":"Ecuador se proyecta como l\u00edder en el comercio mundial. El presidente Daniel Noboa expone en China su visi\u00f3n de desarrollo econ\u00f3mico","breadcrumb":{"@id":"https:\/\/foreverfutbol.com.ec\/radio\/politica\/presidente-daniel-noboa-ecuador-esta-listo-para-liderar-el-comercio-mundial\/#breadcrumb"},"inLanguage":"es","potentialAction":[{"@type":"ReadAction","target":["https:\/\/foreverfutbol.com.ec\/radio\/politica\/presidente-daniel-noboa-ecuador-esta-listo-para-liderar-el-comercio-mundial\/"]}]},{"@type":"ImageObject","inLanguage":"es","@id":"https:\/\/foreverfutbol.com.ec\/radio\/politica\/presidente-daniel-noboa-ecuador-esta-listo-para-liderar-el-comercio-mundial\/#primaryimage","url":"https:\/\/foreverfutbol.com.ec\/radio\/wp-content\/uploads\/2025\/06\/image-45.webp","contentUrl":"https:\/\/foreverfutbol.com.ec\/radio\/wp-content\/uploads\/2025\/06\/image-45.webp","width":1200,"height":630,"caption":"Presidente Daniel Noboa: Ecuador est\u00e1 listo para liderar el comercio mundial"},{"@type":"BreadcrumbList","@id":"https:\/\/foreverfutbol.com.ec\/radio\/politica\/presidente-daniel-noboa-ecuador-esta-listo-para-liderar-el-comercio-mundial\/#breadcrumb","itemListElement":[{"@type":"ListItem","position":1,"name":"Portada","item":"https:\/\/foreverfutbol.com.ec\/radio\/"},{"@type":"ListItem","position":2,"name":"Presidente Daniel Noboa: Ecuador est\u00e1 listo para liderar el comercio mundial"}]},{"@type":"WebSite","@id":"https:\/\/foreverfutbol.com.ec\/radio\/#website","url":"https:\/\/foreverfutbol.com.ec\/radio\/","name":"92.5 FOREVER Radio","description":"","publisher":{"@id":"https:\/\/foreverfutbol.com.ec\/radio\/#organization"},"potentialAction":[{"@type":"SearchAction","target":{"@type":"EntryPoint","urlTemplate":"https:\/\/foreverfutbol.com.ec\/radio\/?s={search_term_string}"},"query-input":{"@type":"PropertyValueSpecification","valueRequired":true,"valueName":"search_term_string"}}],"inLanguage":"es"},{"@type":"Organization","@id":"https:\/\/foreverfutbol.com.ec\/radio\/#organization","name":"92.5 FOREVER Radio","url":"https:\/\/foreverfutbol.com.ec\/radio\/","logo":{"@type":"ImageObject","inLanguage":"es","@id":"https:\/\/foreverfutbol.com.ec\/radio\/#\/schema\/logo\/image\/","url":"https:\/\/foreverfutbol.com.ec\/radio\/wp-content\/uploads\/2024\/01\/cropped-logo-forever.png","contentUrl":"https:\/\/foreverfutbol.com.ec\/radio\/wp-content\/uploads\/2024\/01\/cropped-logo-forever.png","width":180,"height":154,"caption":"92.5 FOREVER Radio"},"image":{"@id":"https:\/\/foreverfutbol.com.ec\/radio\/#\/schema\/logo\/image\/"},"sameAs":["https:\/\/www.facebook.com\/profile.php?id=100063550693491","https:\/\/x.com\/925forever","https:\/\/www.instagram.com\/radioforever925\/"]},{"@type":"Person","@id":"https:\/\/foreverfutbol.com.ec\/radio\/#\/schema\/person\/2f679dd16f889ac00df6e7b648062a01","name":"Ricardo Rodriguez","image":{"@type":"ImageObject","inLanguage":"es","@id":"https:\/\/secure.gravatar.com\/avatar\/5d9dfb95700bd0c503ed088d29de94822b5cc66a74cb0362774e6fc534823d07?s=96&d=mm&r=g","url":"https:\/\/secure.gravatar.com\/avatar\/5d9dfb95700bd0c503ed088d29de94822b5cc66a74cb0362774e6fc534823d07?s=96&d=mm&r=g","contentUrl":"https:\/\/secure.gravatar.com\/avatar\/5d9dfb95700bd0c503ed088d29de94822b5cc66a74cb0362774e6fc534823d07?s=96&d=mm&r=g","caption":"Ricardo Rodriguez"},"sameAs":["https:\/\/foreverfutbol.com.ec\/radio"],"url":"https:\/\/foreverfutbol.com.ec\/radio\/author\/superdmin\/"}]}},"_links":{"self":[{"href":"https:\/\/foreverfutbol.com.ec\/radio\/wp-json\/wp\/v2\/posts\/17438","targetHints":{"allow":["GET"]}}],"collection":[{"href":"https:\/\/foreverfutbol.com.ec\/radio\/wp-json\/wp\/v2\/posts"}],"about":[{"href":"https:\/\/foreverfutbol.com.ec\/radio\/wp-json\/wp\/v2\/types\/post"}],"author":[{"embeddable":true,"href":"https:\/\/foreverfutbol.com.ec\/radio\/wp-json\/wp\/v2\/users\/1"}],"replies":[{"embeddable":true,"href":"https:\/\/foreverfutbol.com.ec\/radio\/wp-json\/wp\/v2\/comments?post=17438"}],"version-history":[{"count":1,"href":"https:\/\/foreverfutbol.com.ec\/radio\/wp-json\/wp\/v2\/posts\/17438\/revisions"}],"predecessor-version":[{"id":17440,"href":"https:\/\/foreverfutbol.com.ec\/radio\/wp-json\/wp\/v2\/posts\/17438\/revisions\/17440"}],"wp:featuredmedia":[{"embeddable":true,"href":"https:\/\/foreverfutbol.com.ec\/radio\/wp-json\/wp\/v2\/media\/17439"}],"wp:attachment":[{"href":"https:\/\/foreverfutbol.com.ec\/radio\/wp-json\/wp\/v2\/media?parent=17438"}],"wp:term":[{"taxonomy":"category","embeddable":true,"href":"https:\/\/foreverfutbol.com.ec\/radio\/wp-json\/wp\/v2\/categories?post=17438"},{"taxonomy":"post_tag","embeddable":true,"href":"https:\/\/foreverfutbol.com.ec\/radio\/wp-json\/wp\/v2\/tags?post=17438"}],"curies":[{"name":"wp","href":"https:\/\/api.w.org\/{rel}","templated":true}]}}