{"id":16366,"date":"2025-06-02T16:30:29","date_gmt":"2025-06-02T21:30:29","guid":{"rendered":"https:\/\/foreverfutbol.com.ec\/radio\/?p=16366"},"modified":"2025-06-02T16:30:30","modified_gmt":"2025-06-02T21:30:30","slug":"detienen-al-hermano-pareja-y-familiares-politicos-del-lider-criminal-fito-en-megaoperativo-en-ecuador","status":"publish","type":"post","link":"https:\/\/foreverfutbol.com.ec\/radio\/politica\/detienen-al-hermano-pareja-y-familiares-politicos-del-lider-criminal-fito-en-megaoperativo-en-ecuador\/","title":{"rendered":"Detienen al hermano, pareja y familiares pol\u00edticos del l\u00edder criminal Fito"},"content":{"rendered":"\n<h2 class=\"wp-block-heading\"><strong>Capturan a c\u00edrculo cercano de alias Fito, pr\u00f3fugo y cabecilla de Los Choneros<\/strong><\/h2>\n\n\n\n<p class=\"wp-block-paragraph\">En un golpe contundente al crimen organizado en Ecuador, las autoridades <strong>detuvieron a seis personas cercanas a Jos\u00e9 Adolfo Mac\u00edas Villamar<\/strong>, alias <strong>Fito<\/strong>, l\u00edder de la poderosa banda criminal <strong>Los Choneros<\/strong>, quien permanece pr\u00f3fugo desde su fuga carcelaria en enero de 2024. Las detenciones se ejecutaron en el marco del <strong>Operativo Centinela VI<\/strong>, una acci\u00f3n conjunta entre la <strong>Polic\u00eda Nacional del Ecuador<\/strong> y la <strong>Fiscal\u00eda General del Estado<\/strong>, con el prop\u00f3sito de <strong>desmantelar la estructura econ\u00f3mica<\/strong> que sostiene al cabecilla criminal.<\/p>\n\n\n\n<h3 class=\"wp-block-heading\"><strong>Operativo Centinela VI: Coordinaci\u00f3n entre provincias clave<\/strong><\/h3>\n\n\n\n<p class=\"wp-block-paragraph\">Las acciones se desplegaron simult\u00e1neamente en las provincias de <strong>Manab\u00ed, Guayas y Pichincha<\/strong>, esta \u00faltima cuya capital es Quito. En total, se realizaron <strong>33 allanamientos<\/strong> que dieron como resultado la aprehensi\u00f3n de importantes miembros del entorno familiar y afectivo de alias Fito, todos presuntamente implicados en una <strong>red de lavado de activos<\/strong>.<\/p>\n\n\n\n<h3 class=\"wp-block-heading\"><strong>Familiares detenidos: un entramado de complicidad<\/strong><\/h3>\n\n\n\n<p class=\"wp-block-paragraph\">Entre los arrestados figuran:<\/p>\n\n\n\n<ul class=\"wp-block-list\">\n<li><strong>Yandry Nicomedes Mac\u00edas Villamar<\/strong>, hermano de Fito, quien es investigado por su presunta participaci\u00f3n en delitos de <strong>lavado de activos<\/strong>.<\/li>\n\n\n\n<li><strong>Ver\u00f3nica Narcisa B.Z.<\/strong>, actual pareja sentimental de Fito, detenida y trasladada a la <strong>C\u00e1rcel de Mujeres de Guayaquil<\/strong>.<\/li>\n\n\n\n<li><strong>Jorge Alberto P.T.<\/strong>, cu\u00f1ado del pr\u00f3fugo.<\/li>\n\n\n\n<li><strong>Hermelindo B.B. y Dolores Onila Z.S.<\/strong>, padres de Ver\u00f3nica.<\/li>\n\n\n\n<li><strong>Jos\u00e9 Gregorio B.Z.<\/strong>, hermano de la pareja de Fito.<\/li>\n<\/ul>\n\n\n\n<p class=\"wp-block-paragraph\">El ministro del Interior, <strong>John Reimberg<\/strong>, calific\u00f3 la operaci\u00f3n como un avance significativo en la lucha contra las mafias organizadas, afirmando que \u201c<strong>estamos acorralando a estas estructuras criminales, y esto es solo el comienzo<\/strong>\u201d.<\/p>\n\n\n\n<h2 class=\"wp-block-heading\"><strong>Lavado millonario: m\u00e1s de 24 millones en juego<\/strong><\/h2>\n\n\n\n<p class=\"wp-block-paragraph\">Uno de los puntos m\u00e1s relevantes de la operaci\u00f3n es la <strong>identificaci\u00f3n de un esquema de lavado de dinero<\/strong> que habr\u00eda movilizado al menos <strong>24 millones de d\u00f3lares<\/strong> entre 2016 y 2024. El esquema se sosten\u00eda a trav\u00e9s de cuatro empresas controladas directa o indirectamente por familiares de Fito:<\/p>\n\n\n\n<ol class=\"wp-block-list\">\n<li><strong>Empresa de agua embotellada<\/strong>, liderada por <strong>Mariela Pe\u00f1arrieta<\/strong>, exesposa del narcotraficante.<\/li>\n\n\n\n<li><strong>Compa\u00f1\u00eda de transporte de carga pesada<\/strong>, presidida por su cu\u00f1ado Jorge P.T.<\/li>\n\n\n\n<li><strong>Ferreo Mundo<\/strong>, una ferreter\u00eda a nombre de su pareja, Ver\u00f3nica B.Z.<\/li>\n\n\n\n<li><strong>Empresa de servicios de limpieza<\/strong>, dirigida por su hermano Yandry M.<\/li>\n<\/ol>\n\n\n\n<p class=\"wp-block-paragraph\">Este complejo entramado empresarial era utilizado para <strong>blanquear capitales provenientes de actividades il\u00edcitas<\/strong>, camuflando el dinero en transacciones aparentemente legales, compras de bienes ra\u00edces y adquisici\u00f3n de veh\u00edculos de lujo.<\/p>\n\n\n\n<h2 class=\"wp-block-heading\"><strong>Incautaciones y evidencia: golpe econ\u00f3mico a Los Choneros<\/strong><\/h2>\n\n\n\n<p class=\"wp-block-paragraph\">Durante los allanamientos, las autoridades <strong>incautaron 26 veh\u00edculos<\/strong> de alta gama y <strong>47 bienes inmuebles<\/strong>, cuyo valor total supera los <strong>12 millones de d\u00f3lares<\/strong>. Tambi\u00e9n se encontraron <strong>documentos comprometedores, escrituras de bienes, armas de fuego, municiones y dispositivos electr\u00f3nicos<\/strong> que ser\u00e1n clave para profundizar la investigaci\u00f3n.<\/p>\n\n\n\n<p class=\"wp-block-paragraph\">Todo esto forma parte de una estrategia articulada del Gobierno Nacional para <strong>asfixiar financieramente<\/strong> a las bandas criminales que operan en Ecuador, especialmente aquellas que como Los Choneros, tienen <strong>v\u00ednculos con c\u00e1rteles internacionales<\/strong> como el de Sinaloa en M\u00e9xico.<\/p>\n\n\n\n<h2 class=\"wp-block-heading\"><strong>El legado criminal de Fito: 34 a\u00f1os de condena y m\u00faltiples fugas<\/strong><\/h2>\n\n\n\n<p class=\"wp-block-paragraph\">Alias <strong>Fito<\/strong> fue condenado en 2011 a <strong>34 a\u00f1os de prisi\u00f3n<\/strong> por delitos de <strong>narcotr\u00e1fico, homicidio y delincuencia organizada<\/strong>. Su banda, <strong>Los Choneros<\/strong>, es una de las m\u00e1s temidas del pa\u00eds, con presencia en m\u00faltiples provincias y con una estructura que va desde el <strong>tr\u00e1fico de drogas<\/strong>, <strong>extorsi\u00f3n<\/strong>, hasta el <strong>control de c\u00e1rceles<\/strong>.<\/p>\n\n\n\n<p class=\"wp-block-paragraph\">En enero de 2024, en medio de un intento por trasladarlo a una prisi\u00f3n de m\u00e1xima seguridad, Fito logr\u00f3 <strong>fugarse de la c\u00e1rcel Regional de Guayaquil<\/strong>, lo que gener\u00f3 una crisis nacional. Su paradero es actualmente desconocido, aunque se presume que <strong>sigue operando desde la clandestinidad<\/strong>, moviendo los hilos de su organizaci\u00f3n a trav\u00e9s de familiares y c\u00f3mplices.<\/p>\n\n\n\n<h2 class=\"wp-block-heading\"><strong>Los Choneros: una organizaci\u00f3n que desaf\u00eda al Estado<\/strong><\/h2>\n\n\n\n<p class=\"wp-block-paragraph\">La banda criminal <strong>Los Choneros<\/strong> ha sido se\u00f1alada por m\u00faltiples informes de inteligencia como una <strong>estructura paramilitar y mafiosa<\/strong>, capaz de movilizar grandes cantidades de droga hacia puertos internacionales y de imponer su dominio en sectores estrat\u00e9gicos del territorio ecuatoriano.<\/p>\n\n\n\n<p class=\"wp-block-paragraph\">Su alianza con el <strong>C\u00e1rtel de Sinaloa<\/strong> le ha permitido <strong>expandir su influencia y acceso a rutas internacionales<\/strong>, consolidando su posici\u00f3n como una de las amenazas m\u00e1s graves para la seguridad del pa\u00eds.<\/p>\n\n\n\n<p class=\"wp-block-paragraph\">Las autoridades ecuatorianas han respondido con la implementaci\u00f3n de <strong>planes de militarizaci\u00f3n de c\u00e1rceles, estado de excepci\u00f3n y ofensivas legales<\/strong>, aunque la lucha contin\u00faa siendo desigual debido a la <strong>infiltraci\u00f3n de estas redes en sectores pol\u00edticos y econ\u00f3micos<\/strong>.<\/p>\n\n\n\n<h2 class=\"wp-block-heading\"><strong>Un mensaje claro del Gobierno: No habr\u00e1 tregua contra el crimen<\/strong><\/h2>\n\n\n\n<p class=\"wp-block-paragraph\">El presidente <strong>Daniel Noboa<\/strong> ha reiterado en m\u00faltiples ocasiones que su administraci\u00f3n est\u00e1 comprometida con la <strong>erradicaci\u00f3n de estructuras mafiosas<\/strong>, especialmente en el sistema penitenciario, donde estas bandas han mantenido <strong>zonas de control<\/strong> durante a\u00f1os.<\/p>\n\n\n\n<p class=\"wp-block-paragraph\">El caso Fito se ha convertido en <strong>s\u00edmbolo de impunidad y desaf\u00edo al Estado<\/strong>, y las recientes detenciones env\u00edan un mensaje directo: <strong>nadie est\u00e1 por encima de la ley, y se atacar\u00e1 tambi\u00e9n la base econ\u00f3mica de las organizaciones criminales<\/strong>.<\/p>\n\n\n\n<blockquote class=\"twitter-tweet\"><p lang=\"es\" dir=\"ltr\">El ministro del Interior, John Reimberg, inform\u00f3 que familiares de Adolfo Mac\u00edas, alias Fito, habr\u00edan lavado 24 millones de d\u00f3lares a trav\u00e9s de cuatro empresas utilizadas como fachada.<br><br>La revelaci\u00f3n se dio tras 33 allanamientos en Guayas, Manab\u00ed y Pichincha, dirigidos a\u2026 <a href=\"https:\/\/t.co\/eFL6hkbiYt\">pic.twitter.com\/eFL6hkbiYt<\/a><\/p>&mdash; Radio Forever (@925forever) <a href=\"https:\/\/twitter.com\/925forever\/status\/1929631106636091494?ref_src=twsrc%5Etfw\">June 2, 2025<\/a><\/blockquote> <script async src=\"https:\/\/platform.twitter.com\/widgets.js\" charset=\"utf-8\"><\/script>\n","protected":false},"excerpt":{"rendered":"<p>Capturan a c\u00edrculo cercano de alias Fito, pr\u00f3fugo y cabecilla de Los Choneros En un golpe contundente al crimen organizado en Ecuador, las autoridades detuvieron a seis personas cercanas a Jos\u00e9 Adolfo Mac\u00edas Villamar, alias Fito, l\u00edder de la poderosa banda criminal Los Choneros, quien permanece pr\u00f3fugo desde su fuga carcelaria en enero de 2024. [&hellip;]<\/p>\n","protected":false},"author":1,"featured_media":16367,"comment_status":"open","ping_status":"open","sticky":false,"template":"","format":"standard","meta":{"footnotes":""},"categories":[52],"tags":[],"class_list":["post-16366","post","type-post","status-publish","format-standard","has-post-thumbnail","hentry","category-politica"],"yoast_head":"<!-- This site is optimized with the Yoast SEO plugin v28.3 - https:\/\/yoast.com\/product\/yoast-seo-wordpress\/ -->\n<title>Detienen al hermano, pareja y familiares pol\u00edticos del l\u00edder criminal Fito - 92.5 FOREVER Radio<\/title>\n<meta name=\"description\" content=\"Detienen a familiares de Fito, l\u00edder de Los Choneros, en un operativo contra el lavado de activos en Ecuador.\" \/>\n<meta name=\"robots\" content=\"index, follow, max-snippet:-1, max-image-preview:large, max-video-preview:-1\" \/>\n<link rel=\"canonical\" href=\"https:\/\/foreverfutbol.com.ec\/radio\/politica\/detienen-al-hermano-pareja-y-familiares-politicos-del-lider-criminal-fito-en-megaoperativo-en-ecuador\/\" \/>\n<meta property=\"og:locale\" content=\"es_ES\" \/>\n<meta property=\"og:type\" content=\"article\" \/>\n<meta property=\"og:title\" content=\"Detienen al hermano, pareja y familiares pol\u00edticos del l\u00edder criminal Fito - 92.5 FOREVER Radio\" \/>\n<meta property=\"og:description\" content=\"Detienen a familiares de Fito, l\u00edder de Los Choneros, en un operativo contra el lavado de activos en Ecuador.\" \/>\n<meta property=\"og:url\" content=\"https:\/\/foreverfutbol.com.ec\/radio\/politica\/detienen-al-hermano-pareja-y-familiares-politicos-del-lider-criminal-fito-en-megaoperativo-en-ecuador\/\" \/>\n<meta property=\"og:site_name\" content=\"92.5 FOREVER Radio\" \/>\n<meta property=\"article:publisher\" content=\"https:\/\/www.facebook.com\/profile.php?id=100063550693491\" \/>\n<meta property=\"article:published_time\" content=\"2025-06-02T21:30:29+00:00\" \/>\n<meta property=\"article:modified_time\" content=\"2025-06-02T21:30:30+00:00\" \/>\n<meta property=\"og:image\" content=\"https:\/\/foreverfutbol.com.ec\/radio\/wp-content\/uploads\/2025\/06\/image-408.webp\" \/>\n\t<meta property=\"og:image:width\" content=\"1920\" \/>\n\t<meta property=\"og:image:height\" content=\"1080\" \/>\n\t<meta property=\"og:image:type\" content=\"image\/webp\" \/>\n<meta name=\"author\" content=\"Ricardo Rodriguez\" \/>\n<meta name=\"twitter:card\" content=\"summary_large_image\" \/>\n<meta name=\"twitter:creator\" content=\"@925forever\" \/>\n<meta name=\"twitter:site\" content=\"@925forever\" \/>\n<meta name=\"twitter:label1\" content=\"Escrito por\" \/>\n\t<meta name=\"twitter:data1\" content=\"Ricardo Rodriguez\" \/>\n\t<meta name=\"twitter:label2\" content=\"Tiempo de lectura\" \/>\n\t<meta name=\"twitter:data2\" content=\"4 minutos\" \/>\n<script type=\"application\/ld+json\" class=\"yoast-schema-graph\">{\"@context\":\"https:\\\/\\\/schema.org\",\"@graph\":[{\"@type\":\"Article\",\"@id\":\"https:\\\/\\\/foreverfutbol.com.ec\\\/radio\\\/politica\\\/detienen-al-hermano-pareja-y-familiares-politicos-del-lider-criminal-fito-en-megaoperativo-en-ecuador\\\/#article\",\"isPartOf\":{\"@id\":\"https:\\\/\\\/foreverfutbol.com.ec\\\/radio\\\/politica\\\/detienen-al-hermano-pareja-y-familiares-politicos-del-lider-criminal-fito-en-megaoperativo-en-ecuador\\\/\"},\"author\":{\"name\":\"Ricardo Rodriguez\",\"@id\":\"https:\\\/\\\/foreverfutbol.com.ec\\\/radio\\\/#\\\/schema\\\/person\\\/2f679dd16f889ac00df6e7b648062a01\"},\"headline\":\"Detienen al hermano, pareja y familiares pol\u00edticos del l\u00edder criminal Fito\",\"datePublished\":\"2025-06-02T21:30:29+00:00\",\"dateModified\":\"2025-06-02T21:30:30+00:00\",\"mainEntityOfPage\":{\"@id\":\"https:\\\/\\\/foreverfutbol.com.ec\\\/radio\\\/politica\\\/detienen-al-hermano-pareja-y-familiares-politicos-del-lider-criminal-fito-en-megaoperativo-en-ecuador\\\/\"},\"wordCount\":965,\"commentCount\":0,\"publisher\":{\"@id\":\"https:\\\/\\\/foreverfutbol.com.ec\\\/radio\\\/#organization\"},\"image\":{\"@id\":\"https:\\\/\\\/foreverfutbol.com.ec\\\/radio\\\/politica\\\/detienen-al-hermano-pareja-y-familiares-politicos-del-lider-criminal-fito-en-megaoperativo-en-ecuador\\\/#primaryimage\"},\"thumbnailUrl\":\"https:\\\/\\\/foreverfutbol.com.ec\\\/radio\\\/wp-content\\\/uploads\\\/2025\\\/06\\\/image-408.webp\",\"articleSection\":[\"Pol\u00edtica\"],\"inLanguage\":\"es\",\"potentialAction\":[{\"@type\":\"CommentAction\",\"name\":\"Comment\",\"target\":[\"https:\\\/\\\/foreverfutbol.com.ec\\\/radio\\\/politica\\\/detienen-al-hermano-pareja-y-familiares-politicos-del-lider-criminal-fito-en-megaoperativo-en-ecuador\\\/#respond\"]}]},{\"@type\":\"WebPage\",\"@id\":\"https:\\\/\\\/foreverfutbol.com.ec\\\/radio\\\/politica\\\/detienen-al-hermano-pareja-y-familiares-politicos-del-lider-criminal-fito-en-megaoperativo-en-ecuador\\\/\",\"url\":\"https:\\\/\\\/foreverfutbol.com.ec\\\/radio\\\/politica\\\/detienen-al-hermano-pareja-y-familiares-politicos-del-lider-criminal-fito-en-megaoperativo-en-ecuador\\\/\",\"name\":\"Detienen al hermano, pareja y familiares pol\u00edticos del l\u00edder criminal Fito - 92.5 FOREVER Radio\",\"isPartOf\":{\"@id\":\"https:\\\/\\\/foreverfutbol.com.ec\\\/radio\\\/#website\"},\"primaryImageOfPage\":{\"@id\":\"https:\\\/\\\/foreverfutbol.com.ec\\\/radio\\\/politica\\\/detienen-al-hermano-pareja-y-familiares-politicos-del-lider-criminal-fito-en-megaoperativo-en-ecuador\\\/#primaryimage\"},\"image\":{\"@id\":\"https:\\\/\\\/foreverfutbol.com.ec\\\/radio\\\/politica\\\/detienen-al-hermano-pareja-y-familiares-politicos-del-lider-criminal-fito-en-megaoperativo-en-ecuador\\\/#primaryimage\"},\"thumbnailUrl\":\"https:\\\/\\\/foreverfutbol.com.ec\\\/radio\\\/wp-content\\\/uploads\\\/2025\\\/06\\\/image-408.webp\",\"datePublished\":\"2025-06-02T21:30:29+00:00\",\"dateModified\":\"2025-06-02T21:30:30+00:00\",\"description\":\"Detienen a familiares de Fito, l\u00edder de Los Choneros, en un operativo contra el lavado de activos en Ecuador.\",\"breadcrumb\":{\"@id\":\"https:\\\/\\\/foreverfutbol.com.ec\\\/radio\\\/politica\\\/detienen-al-hermano-pareja-y-familiares-politicos-del-lider-criminal-fito-en-megaoperativo-en-ecuador\\\/#breadcrumb\"},\"inLanguage\":\"es\",\"potentialAction\":[{\"@type\":\"ReadAction\",\"target\":[\"https:\\\/\\\/foreverfutbol.com.ec\\\/radio\\\/politica\\\/detienen-al-hermano-pareja-y-familiares-politicos-del-lider-criminal-fito-en-megaoperativo-en-ecuador\\\/\"]}]},{\"@type\":\"ImageObject\",\"inLanguage\":\"es\",\"@id\":\"https:\\\/\\\/foreverfutbol.com.ec\\\/radio\\\/politica\\\/detienen-al-hermano-pareja-y-familiares-politicos-del-lider-criminal-fito-en-megaoperativo-en-ecuador\\\/#primaryimage\",\"url\":\"https:\\\/\\\/foreverfutbol.com.ec\\\/radio\\\/wp-content\\\/uploads\\\/2025\\\/06\\\/image-408.webp\",\"contentUrl\":\"https:\\\/\\\/foreverfutbol.com.ec\\\/radio\\\/wp-content\\\/uploads\\\/2025\\\/06\\\/image-408.webp\",\"width\":1920,\"height\":1080},{\"@type\":\"BreadcrumbList\",\"@id\":\"https:\\\/\\\/foreverfutbol.com.ec\\\/radio\\\/politica\\\/detienen-al-hermano-pareja-y-familiares-politicos-del-lider-criminal-fito-en-megaoperativo-en-ecuador\\\/#breadcrumb\",\"itemListElement\":[{\"@type\":\"ListItem\",\"position\":1,\"name\":\"Portada\",\"item\":\"https:\\\/\\\/foreverfutbol.com.ec\\\/radio\\\/\"},{\"@type\":\"ListItem\",\"position\":2,\"name\":\"Detienen al hermano, pareja y familiares pol\u00edticos del l\u00edder criminal Fito\"}]},{\"@type\":\"WebSite\",\"@id\":\"https:\\\/\\\/foreverfutbol.com.ec\\\/radio\\\/#website\",\"url\":\"https:\\\/\\\/foreverfutbol.com.ec\\\/radio\\\/\",\"name\":\"92.5 FOREVER Radio\",\"description\":\"\",\"publisher\":{\"@id\":\"https:\\\/\\\/foreverfutbol.com.ec\\\/radio\\\/#organization\"},\"potentialAction\":[{\"@type\":\"SearchAction\",\"target\":{\"@type\":\"EntryPoint\",\"urlTemplate\":\"https:\\\/\\\/foreverfutbol.com.ec\\\/radio\\\/?s={search_term_string}\"},\"query-input\":{\"@type\":\"PropertyValueSpecification\",\"valueRequired\":true,\"valueName\":\"search_term_string\"}}],\"inLanguage\":\"es\"},{\"@type\":\"Organization\",\"@id\":\"https:\\\/\\\/foreverfutbol.com.ec\\\/radio\\\/#organization\",\"name\":\"92.5 FOREVER Radio\",\"url\":\"https:\\\/\\\/foreverfutbol.com.ec\\\/radio\\\/\",\"logo\":{\"@type\":\"ImageObject\",\"inLanguage\":\"es\",\"@id\":\"https:\\\/\\\/foreverfutbol.com.ec\\\/radio\\\/#\\\/schema\\\/logo\\\/image\\\/\",\"url\":\"https:\\\/\\\/foreverfutbol.com.ec\\\/radio\\\/wp-content\\\/uploads\\\/2024\\\/01\\\/cropped-logo-forever.png\",\"contentUrl\":\"https:\\\/\\\/foreverfutbol.com.ec\\\/radio\\\/wp-content\\\/uploads\\\/2024\\\/01\\\/cropped-logo-forever.png\",\"width\":180,\"height\":154,\"caption\":\"92.5 FOREVER Radio\"},\"image\":{\"@id\":\"https:\\\/\\\/foreverfutbol.com.ec\\\/radio\\\/#\\\/schema\\\/logo\\\/image\\\/\"},\"sameAs\":[\"https:\\\/\\\/www.facebook.com\\\/profile.php?id=100063550693491\",\"https:\\\/\\\/x.com\\\/925forever\",\"https:\\\/\\\/www.instagram.com\\\/radioforever925\\\/\"]},{\"@type\":\"Person\",\"@id\":\"https:\\\/\\\/foreverfutbol.com.ec\\\/radio\\\/#\\\/schema\\\/person\\\/2f679dd16f889ac00df6e7b648062a01\",\"name\":\"Ricardo Rodriguez\",\"image\":{\"@type\":\"ImageObject\",\"inLanguage\":\"es\",\"@id\":\"https:\\\/\\\/secure.gravatar.com\\\/avatar\\\/5d9dfb95700bd0c503ed088d29de94822b5cc66a74cb0362774e6fc534823d07?s=96&d=mm&r=g\",\"url\":\"https:\\\/\\\/secure.gravatar.com\\\/avatar\\\/5d9dfb95700bd0c503ed088d29de94822b5cc66a74cb0362774e6fc534823d07?s=96&d=mm&r=g\",\"contentUrl\":\"https:\\\/\\\/secure.gravatar.com\\\/avatar\\\/5d9dfb95700bd0c503ed088d29de94822b5cc66a74cb0362774e6fc534823d07?s=96&d=mm&r=g\",\"caption\":\"Ricardo Rodriguez\"},\"sameAs\":[\"https:\\\/\\\/foreverfutbol.com.ec\\\/radio\"],\"url\":\"https:\\\/\\\/foreverfutbol.com.ec\\\/radio\\\/author\\\/superdmin\\\/\"}]}<\/script>\n<!-- \/ Yoast SEO plugin. -->","yoast_head_json":{"title":"Detienen al hermano, pareja y familiares pol\u00edticos del l\u00edder criminal Fito - 92.5 FOREVER Radio","description":"Detienen a familiares de Fito, l\u00edder de Los Choneros, en un operativo contra el lavado de activos en Ecuador.","robots":{"index":"index","follow":"follow","max-snippet":"max-snippet:-1","max-image-preview":"max-image-preview:large","max-video-preview":"max-video-preview:-1"},"canonical":"https:\/\/foreverfutbol.com.ec\/radio\/politica\/detienen-al-hermano-pareja-y-familiares-politicos-del-lider-criminal-fito-en-megaoperativo-en-ecuador\/","og_locale":"es_ES","og_type":"article","og_title":"Detienen al hermano, pareja y familiares pol\u00edticos del l\u00edder criminal Fito - 92.5 FOREVER Radio","og_description":"Detienen a familiares de Fito, l\u00edder de Los Choneros, en un operativo contra el lavado de activos en Ecuador.","og_url":"https:\/\/foreverfutbol.com.ec\/radio\/politica\/detienen-al-hermano-pareja-y-familiares-politicos-del-lider-criminal-fito-en-megaoperativo-en-ecuador\/","og_site_name":"92.5 FOREVER Radio","article_publisher":"https:\/\/www.facebook.com\/profile.php?id=100063550693491","article_published_time":"2025-06-02T21:30:29+00:00","article_modified_time":"2025-06-02T21:30:30+00:00","og_image":[{"width":1920,"height":1080,"url":"https:\/\/foreverfutbol.com.ec\/radio\/wp-content\/uploads\/2025\/06\/image-408.webp","type":"image\/webp"}],"author":"Ricardo Rodriguez","twitter_card":"summary_large_image","twitter_creator":"@925forever","twitter_site":"@925forever","twitter_misc":{"Escrito por":"Ricardo Rodriguez","Tiempo de lectura":"4 minutos"},"schema":{"@context":"https:\/\/schema.org","@graph":[{"@type":"Article","@id":"https:\/\/foreverfutbol.com.ec\/radio\/politica\/detienen-al-hermano-pareja-y-familiares-politicos-del-lider-criminal-fito-en-megaoperativo-en-ecuador\/#article","isPartOf":{"@id":"https:\/\/foreverfutbol.com.ec\/radio\/politica\/detienen-al-hermano-pareja-y-familiares-politicos-del-lider-criminal-fito-en-megaoperativo-en-ecuador\/"},"author":{"name":"Ricardo Rodriguez","@id":"https:\/\/foreverfutbol.com.ec\/radio\/#\/schema\/person\/2f679dd16f889ac00df6e7b648062a01"},"headline":"Detienen al hermano, pareja y familiares pol\u00edticos del l\u00edder criminal Fito","datePublished":"2025-06-02T21:30:29+00:00","dateModified":"2025-06-02T21:30:30+00:00","mainEntityOfPage":{"@id":"https:\/\/foreverfutbol.com.ec\/radio\/politica\/detienen-al-hermano-pareja-y-familiares-politicos-del-lider-criminal-fito-en-megaoperativo-en-ecuador\/"},"wordCount":965,"commentCount":0,"publisher":{"@id":"https:\/\/foreverfutbol.com.ec\/radio\/#organization"},"image":{"@id":"https:\/\/foreverfutbol.com.ec\/radio\/politica\/detienen-al-hermano-pareja-y-familiares-politicos-del-lider-criminal-fito-en-megaoperativo-en-ecuador\/#primaryimage"},"thumbnailUrl":"https:\/\/foreverfutbol.com.ec\/radio\/wp-content\/uploads\/2025\/06\/image-408.webp","articleSection":["Pol\u00edtica"],"inLanguage":"es","potentialAction":[{"@type":"CommentAction","name":"Comment","target":["https:\/\/foreverfutbol.com.ec\/radio\/politica\/detienen-al-hermano-pareja-y-familiares-politicos-del-lider-criminal-fito-en-megaoperativo-en-ecuador\/#respond"]}]},{"@type":"WebPage","@id":"https:\/\/foreverfutbol.com.ec\/radio\/politica\/detienen-al-hermano-pareja-y-familiares-politicos-del-lider-criminal-fito-en-megaoperativo-en-ecuador\/","url":"https:\/\/foreverfutbol.com.ec\/radio\/politica\/detienen-al-hermano-pareja-y-familiares-politicos-del-lider-criminal-fito-en-megaoperativo-en-ecuador\/","name":"Detienen al hermano, pareja y familiares pol\u00edticos del l\u00edder criminal Fito - 92.5 FOREVER Radio","isPartOf":{"@id":"https:\/\/foreverfutbol.com.ec\/radio\/#website"},"primaryImageOfPage":{"@id":"https:\/\/foreverfutbol.com.ec\/radio\/politica\/detienen-al-hermano-pareja-y-familiares-politicos-del-lider-criminal-fito-en-megaoperativo-en-ecuador\/#primaryimage"},"image":{"@id":"https:\/\/foreverfutbol.com.ec\/radio\/politica\/detienen-al-hermano-pareja-y-familiares-politicos-del-lider-criminal-fito-en-megaoperativo-en-ecuador\/#primaryimage"},"thumbnailUrl":"https:\/\/foreverfutbol.com.ec\/radio\/wp-content\/uploads\/2025\/06\/image-408.webp","datePublished":"2025-06-02T21:30:29+00:00","dateModified":"2025-06-02T21:30:30+00:00","description":"Detienen a familiares de Fito, l\u00edder de Los Choneros, en un operativo contra el lavado de activos en Ecuador.","breadcrumb":{"@id":"https:\/\/foreverfutbol.com.ec\/radio\/politica\/detienen-al-hermano-pareja-y-familiares-politicos-del-lider-criminal-fito-en-megaoperativo-en-ecuador\/#breadcrumb"},"inLanguage":"es","potentialAction":[{"@type":"ReadAction","target":["https:\/\/foreverfutbol.com.ec\/radio\/politica\/detienen-al-hermano-pareja-y-familiares-politicos-del-lider-criminal-fito-en-megaoperativo-en-ecuador\/"]}]},{"@type":"ImageObject","inLanguage":"es","@id":"https:\/\/foreverfutbol.com.ec\/radio\/politica\/detienen-al-hermano-pareja-y-familiares-politicos-del-lider-criminal-fito-en-megaoperativo-en-ecuador\/#primaryimage","url":"https:\/\/foreverfutbol.com.ec\/radio\/wp-content\/uploads\/2025\/06\/image-408.webp","contentUrl":"https:\/\/foreverfutbol.com.ec\/radio\/wp-content\/uploads\/2025\/06\/image-408.webp","width":1920,"height":1080},{"@type":"BreadcrumbList","@id":"https:\/\/foreverfutbol.com.ec\/radio\/politica\/detienen-al-hermano-pareja-y-familiares-politicos-del-lider-criminal-fito-en-megaoperativo-en-ecuador\/#breadcrumb","itemListElement":[{"@type":"ListItem","position":1,"name":"Portada","item":"https:\/\/foreverfutbol.com.ec\/radio\/"},{"@type":"ListItem","position":2,"name":"Detienen al hermano, pareja y familiares pol\u00edticos del l\u00edder criminal Fito"}]},{"@type":"WebSite","@id":"https:\/\/foreverfutbol.com.ec\/radio\/#website","url":"https:\/\/foreverfutbol.com.ec\/radio\/","name":"92.5 FOREVER Radio","description":"","publisher":{"@id":"https:\/\/foreverfutbol.com.ec\/radio\/#organization"},"potentialAction":[{"@type":"SearchAction","target":{"@type":"EntryPoint","urlTemplate":"https:\/\/foreverfutbol.com.ec\/radio\/?s={search_term_string}"},"query-input":{"@type":"PropertyValueSpecification","valueRequired":true,"valueName":"search_term_string"}}],"inLanguage":"es"},{"@type":"Organization","@id":"https:\/\/foreverfutbol.com.ec\/radio\/#organization","name":"92.5 FOREVER Radio","url":"https:\/\/foreverfutbol.com.ec\/radio\/","logo":{"@type":"ImageObject","inLanguage":"es","@id":"https:\/\/foreverfutbol.com.ec\/radio\/#\/schema\/logo\/image\/","url":"https:\/\/foreverfutbol.com.ec\/radio\/wp-content\/uploads\/2024\/01\/cropped-logo-forever.png","contentUrl":"https:\/\/foreverfutbol.com.ec\/radio\/wp-content\/uploads\/2024\/01\/cropped-logo-forever.png","width":180,"height":154,"caption":"92.5 FOREVER Radio"},"image":{"@id":"https:\/\/foreverfutbol.com.ec\/radio\/#\/schema\/logo\/image\/"},"sameAs":["https:\/\/www.facebook.com\/profile.php?id=100063550693491","https:\/\/x.com\/925forever","https:\/\/www.instagram.com\/radioforever925\/"]},{"@type":"Person","@id":"https:\/\/foreverfutbol.com.ec\/radio\/#\/schema\/person\/2f679dd16f889ac00df6e7b648062a01","name":"Ricardo Rodriguez","image":{"@type":"ImageObject","inLanguage":"es","@id":"https:\/\/secure.gravatar.com\/avatar\/5d9dfb95700bd0c503ed088d29de94822b5cc66a74cb0362774e6fc534823d07?s=96&d=mm&r=g","url":"https:\/\/secure.gravatar.com\/avatar\/5d9dfb95700bd0c503ed088d29de94822b5cc66a74cb0362774e6fc534823d07?s=96&d=mm&r=g","contentUrl":"https:\/\/secure.gravatar.com\/avatar\/5d9dfb95700bd0c503ed088d29de94822b5cc66a74cb0362774e6fc534823d07?s=96&d=mm&r=g","caption":"Ricardo Rodriguez"},"sameAs":["https:\/\/foreverfutbol.com.ec\/radio"],"url":"https:\/\/foreverfutbol.com.ec\/radio\/author\/superdmin\/"}]}},"_links":{"self":[{"href":"https:\/\/foreverfutbol.com.ec\/radio\/wp-json\/wp\/v2\/posts\/16366","targetHints":{"allow":["GET"]}}],"collection":[{"href":"https:\/\/foreverfutbol.com.ec\/radio\/wp-json\/wp\/v2\/posts"}],"about":[{"href":"https:\/\/foreverfutbol.com.ec\/radio\/wp-json\/wp\/v2\/types\/post"}],"author":[{"embeddable":true,"href":"https:\/\/foreverfutbol.com.ec\/radio\/wp-json\/wp\/v2\/users\/1"}],"replies":[{"embeddable":true,"href":"https:\/\/foreverfutbol.com.ec\/radio\/wp-json\/wp\/v2\/comments?post=16366"}],"version-history":[{"count":1,"href":"https:\/\/foreverfutbol.com.ec\/radio\/wp-json\/wp\/v2\/posts\/16366\/revisions"}],"predecessor-version":[{"id":16368,"href":"https:\/\/foreverfutbol.com.ec\/radio\/wp-json\/wp\/v2\/posts\/16366\/revisions\/16368"}],"wp:featuredmedia":[{"embeddable":true,"href":"https:\/\/foreverfutbol.com.ec\/radio\/wp-json\/wp\/v2\/media\/16367"}],"wp:attachment":[{"href":"https:\/\/foreverfutbol.com.ec\/radio\/wp-json\/wp\/v2\/media?parent=16366"}],"wp:term":[{"taxonomy":"category","embeddable":true,"href":"https:\/\/foreverfutbol.com.ec\/radio\/wp-json\/wp\/v2\/categories?post=16366"},{"taxonomy":"post_tag","embeddable":true,"href":"https:\/\/foreverfutbol.com.ec\/radio\/wp-json\/wp\/v2\/tags?post=16366"}],"curies":[{"name":"wp","href":"https:\/\/api.w.org\/{rel}","templated":true}]}}