{"id":16358,"date":"2025-06-01T15:34:29","date_gmt":"2025-06-01T20:34:29","guid":{"rendered":"https:\/\/foreverfutbol.com.ec\/radio\/?p=16358"},"modified":"2026-05-11T15:40:46","modified_gmt":"2026-05-11T20:40:46","slug":"rusia-y-ucrania-avalan-intercambio-de-rehenes-pero-sin-acuerdo-de-paz","status":"publish","type":"post","link":"https:\/\/foreverfutbol.com.ec\/radio\/internacional\/rusia-y-ucrania-avalan-intercambio-de-rehenes-pero-sin-acuerdo-de-paz\/","title":{"rendered":"Rusia y Ucrania avalan intercambio de rehenes"},"content":{"rendered":"\n<h2 class=\"wp-block-heading\"><strong>Una nueva ronda de negociaciones en Estambul: avances limitados pero simb\u00f3licos<\/strong><\/h2>\n\n\n\n<p class=\"wp-block-paragraph\">El pasado lunes, <strong>Rusia y Ucrania retomaron las negociaciones<\/strong> de paz en la ciudad de Estambul, marcando as\u00ed el inicio de una <strong>segunda ronda de di\u00e1logos diplom\u00e1ticos<\/strong>. Este encuentro se llev\u00f3 a cabo en el <strong>Palacio Ciragan<\/strong>, una joya de la arquitectura otomana reconvertida en hotel de lujo, lo cual a\u00f1adi\u00f3 un tono solemne a las conversaciones.<\/p>\n\n\n\n<p class=\"wp-block-paragraph\">El evento fue inaugurado por el <strong>ministro de Asuntos Exteriores de Turqu\u00eda, Hakan Fidan<\/strong>, quien expres\u00f3 su esperanza de que las partes involucradas aprovechen esta \u201coportunidad hist\u00f3rica\u201d. Aunque los resultados tangibles siguen siendo escasos, ambos pa\u00edses <strong>acordaron un nuevo intercambio de prisioneros de guerra<\/strong>, un gesto que representa un avance humanitario en medio del prolongado conflicto.<\/p>\n\n\n\n<h2 class=\"wp-block-heading\"><strong>Un gesto humanitario en medio de la guerra: el intercambio de prisioneros<\/strong><\/h2>\n\n\n\n<p class=\"wp-block-paragraph\">Uno de los logros m\u00e1s destacados de este nuevo encuentro fue la reafirmaci\u00f3n del compromiso de realizar un <strong>intercambio de prisioneros de guerra<\/strong>, un tema que ambas partes consideran prioritario. Este tipo de acuerdos, aunque limitados en su alcance, <strong>fortalecen la confianza mutua<\/strong> y sientan las bases para futuras negociaciones de mayor calado.<\/p>\n\n\n\n<p class=\"wp-block-paragraph\">De acuerdo con fuentes diplom\u00e1ticas presentes en la reuni\u00f3n, se estima que <strong>m\u00e1s de 200 prisioneros podr\u00edan ser intercambiados<\/strong> en las pr\u00f3ximas semanas. Este avance se considera un gesto de buena voluntad, aunque no sustituye la necesidad urgente de un <strong>alto el fuego integral y duradero<\/strong>.<\/p>\n\n\n\n<h2 class=\"wp-block-heading\"><strong>Estambul, centro neur\u00e1lgico de la diplomacia entre Rusia y Ucrania<\/strong><\/h2>\n\n\n\n<p class=\"wp-block-paragraph\">La elecci\u00f3n de <strong>Estambul como sede para las negociaciones<\/strong> no es casual. Turqu\u00eda ha buscado posicionarse como <strong>mediador neutral<\/strong> entre Mosc\u00fa y Kiev desde el inicio del conflicto. Su papel ha sido fundamental en gestiones anteriores, como el acuerdo del grano del Mar Negro, y ahora vuelve a desempe\u00f1ar un papel estrat\u00e9gico en estos <strong>di\u00e1logos de alto nivel<\/strong>.<\/p>\n\n\n\n<p class=\"wp-block-paragraph\">La diplomacia turca ha insistido en mantener abiertas las l\u00edneas de comunicaci\u00f3n entre ambas partes, buscando espacios donde los intereses converjan, aunque sea parcialmente. \u201c<strong>Evaluaremos las condiciones para un cese del fuego real<\/strong>\u201d, indic\u00f3 Hakan Fidan durante su intervenci\u00f3n, enfatizando que el di\u00e1logo, aunque limitado, <strong>es preferible al estancamiento militar<\/strong>.<\/p>\n\n\n\n<h2 class=\"wp-block-heading\"><strong>La ausencia de un acuerdo de paz: obst\u00e1culos persistentes y desconfianza mutua<\/strong><\/h2>\n\n\n\n<p class=\"wp-block-paragraph\">A pesar del progreso humanitario, no se alcanz\u00f3 ning\u00fan <strong>acuerdo de paz<\/strong> formal. Las diferencias fundamentales entre las posiciones de Rusia y Ucrania siguen sin resolverse. Kiev insiste en la <strong>retirada total de las tropas rusas<\/strong> y la <strong>recuperaci\u00f3n de todos los territorios ocupados<\/strong>, incluida Crimea. Mosc\u00fa, por su parte, exige <strong>garant\u00edas de seguridad<\/strong> y <strong>reconocimiento de los territorios anexionados<\/strong>.<\/p>\n\n\n\n<p class=\"wp-block-paragraph\">Esta brecha profunda impide alcanzar una soluci\u00f3n pol\u00edtica integral. <strong>Ambas partes contin\u00faan prepar\u00e1ndose para una guerra prolongada<\/strong>, reforzando sus posiciones militares y desarrollando nuevas alianzas geoestrat\u00e9gicas. La falta de avances concretos en los temas de fondo, como la soberan\u00eda territorial y el estatus de las regiones del Donb\u00e1s, refleja la <strong>complejidad estructural del conflicto<\/strong>.<\/p>\n\n\n\n<h2 class=\"wp-block-heading\"><strong>El rol de la comunidad internacional en el proceso de paz<\/strong><\/h2>\n\n\n\n<p class=\"wp-block-paragraph\">Organizaciones multilaterales como las <strong>Naciones Unidas<\/strong> y la <strong>OSCE<\/strong> han expresado su respaldo a las gestiones de Turqu\u00eda, aunque recalcan que los avances deben ir m\u00e1s all\u00e1 de medidas humanitarias. <strong>La Uni\u00f3n Europea y Estados Unidos<\/strong> siguen apoyando diplom\u00e1ticamente a Ucrania, mientras <strong>China e India promueven la v\u00eda del di\u00e1logo multilateral<\/strong>.<\/p>\n\n\n\n<p class=\"wp-block-paragraph\">La presi\u00f3n internacional podr\u00eda desempe\u00f1ar un papel clave en las pr\u00f3ximas fases del conflicto. Sin embargo, hasta ahora <strong>no se han materializado propuestas de mediaci\u00f3n con garant\u00edas suficientes para ambas partes<\/strong>. Las sanciones occidentales sobre Rusia siguen vigentes, mientras que Ucrania contin\u00faa recibiendo apoyo financiero y armament\u00edstico de sus aliados.<\/p>\n\n\n\n<h2 class=\"wp-block-heading\"><strong>La opini\u00f3n p\u00fablica: entre el escepticismo y la esperanza<\/strong><\/h2>\n\n\n\n<p class=\"wp-block-paragraph\">Tanto en Rusia como en Ucrania, la poblaci\u00f3n observa estas negociaciones con sentimientos mixtos. En Ucrania, muchos consideran que el di\u00e1logo es necesario, pero temen que pueda resultar en <strong>concesiones territoriales<\/strong> inaceptables. En Rusia, sectores nacionalistas presionan para mantener las \u201c<strong>zonas liberadas<\/strong>\u201d, como las describe el Kremlin, dentro del control ruso.<\/p>\n\n\n\n<p class=\"wp-block-paragraph\">A pesar del escepticismo, algunos analistas destacan que el <strong>intercambio de prisioneros podr\u00eda marcar el inicio de una desescalada progresiva<\/strong>. Si bien no garantiza el fin de las hostilidades, demuestra que existe una <strong>m\u00ednima voluntad de cooperaci\u00f3n<\/strong> en aspectos humanitarios, lo cual puede abrir la puerta a futuros acuerdos de mayor profundidad.<\/p>\n\n\n\n<h2 class=\"wp-block-heading\"><strong>Perspectivas futuras: \u00bfhabr\u00e1 una tercera ronda de negociaciones?<\/strong><\/h2>\n\n\n\n<p class=\"wp-block-paragraph\">El hecho de que <strong>las delegaciones hayan acordado seguir en contacto<\/strong> y no hayan cerrado completamente la puerta al di\u00e1logo, da margen a la posibilidad de nuevas rondas de conversaciones. Fuentes diplom\u00e1ticas sugieren que una <strong>tercera ronda de negociaciones<\/strong> podr\u00eda celebrarse en las pr\u00f3ximas semanas, nuevamente en Estambul u otra ciudad neutral.<\/p>\n\n\n\n<p class=\"wp-block-paragraph\">El desaf\u00edo radica en transformar <strong>estos peque\u00f1os logros en una hoja de ruta s\u00f3lida<\/strong> hacia el fin del conflicto. La experiencia muestra que los acuerdos de paz exitosos requieren <strong>tiempo, confianza mutua y garant\u00edas internacionales<\/strong>. Mientras tanto, el costo humano sigue aumentando con cada d\u00eda de enfrentamientos.<\/p>\n\n\n\n<blockquote class=\"twitter-tweet\"><p lang=\"es\" dir=\"ltr\">Ucrania y Rusia acordaron un nuevo intercambio de prisioneros heridos, menores de 25 a\u00f1os y restos de combatientes fallecidos, durante negociaciones en Estambul.<br><br>Sin embargo, no hubo acuerdo para un alto al fuego. Mosc\u00fa rechaz\u00f3 la propuesta ucraniana de una tregua incondicional,\u2026 <a href=\"https:\/\/t.co\/sCwZ1d1adE\">pic.twitter.com\/sCwZ1d1adE<\/a><\/p>&mdash; Radio Forever (@925forever) <a href=\"https:\/\/twitter.com\/925forever\/status\/1929598731864731999?ref_src=twsrc%5Etfw\">June 2, 2025<\/a><\/blockquote> <script async src=\"https:\/\/platform.twitter.com\/widgets.js\" charset=\"utf-8\"><\/script>\n\n\n\n<p class=\"wp-block-paragraph\"><\/p>\n","protected":false},"excerpt":{"rendered":"<p>Una nueva ronda de negociaciones en Estambul: avances limitados pero simb\u00f3licos El pasado lunes, Rusia y Ucrania retomaron las negociaciones de paz en la ciudad de Estambul, marcando as\u00ed el inicio de una segunda ronda de di\u00e1logos diplom\u00e1ticos. Este encuentro se llev\u00f3 a cabo en el Palacio Ciragan, una joya de la arquitectura otomana reconvertida [&hellip;]<\/p>\n","protected":false},"author":1,"featured_media":16359,"comment_status":"open","ping_status":"open","sticky":false,"template":"","format":"standard","meta":{"footnotes":""},"categories":[54,186],"tags":[],"class_list":["post-16358","post","type-post","status-publish","format-standard","has-post-thumbnail","hentry","category-internacional","category-ucrania"],"yoast_head":"<!-- This site is optimized with the Yoast SEO plugin v28.3 - https:\/\/yoast.com\/product\/yoast-seo-wordpress\/ -->\n<title>Rusia y Ucrania avalan intercambio de rehenes - 92.5 FOREVER Radio<\/title>\n<meta name=\"description\" content=\"Rusia y Ucrania reanudan negociaciones en Estambul con un acuerdo para el intercambio de prisioneros, pero sin avances en un tratado de paz.\" \/>\n<meta name=\"robots\" content=\"index, follow, max-snippet:-1, max-image-preview:large, max-video-preview:-1\" \/>\n<link rel=\"canonical\" href=\"https:\/\/foreverfutbol.com.ec\/radio\/internacional\/rusia-y-ucrania-avalan-intercambio-de-rehenes-pero-sin-acuerdo-de-paz\/\" \/>\n<meta property=\"og:locale\" content=\"es_ES\" \/>\n<meta property=\"og:type\" content=\"article\" \/>\n<meta property=\"og:title\" content=\"Rusia y Ucrania avalan intercambio de rehenes - 92.5 FOREVER Radio\" \/>\n<meta property=\"og:description\" content=\"Rusia y Ucrania reanudan negociaciones en Estambul con un acuerdo para el intercambio de prisioneros, pero sin avances en un tratado de paz.\" \/>\n<meta property=\"og:url\" content=\"https:\/\/foreverfutbol.com.ec\/radio\/internacional\/rusia-y-ucrania-avalan-intercambio-de-rehenes-pero-sin-acuerdo-de-paz\/\" \/>\n<meta property=\"og:site_name\" content=\"92.5 FOREVER Radio\" \/>\n<meta property=\"article:publisher\" content=\"https:\/\/www.facebook.com\/profile.php?id=100063550693491\" \/>\n<meta property=\"article:published_time\" content=\"2025-06-01T20:34:29+00:00\" \/>\n<meta property=\"article:modified_time\" content=\"2026-05-11T20:40:46+00:00\" \/>\n<meta property=\"og:image\" content=\"https:\/\/foreverfutbol.com.ec\/radio\/wp-content\/uploads\/2025\/06\/image-406.webp\" \/>\n\t<meta property=\"og:image:width\" content=\"1944\" \/>\n\t<meta property=\"og:image:height\" content=\"1093\" \/>\n\t<meta property=\"og:image:type\" content=\"image\/webp\" \/>\n<meta name=\"author\" content=\"Ricardo Rodriguez\" \/>\n<meta name=\"twitter:card\" content=\"summary_large_image\" \/>\n<meta name=\"twitter:creator\" content=\"@925forever\" \/>\n<meta name=\"twitter:site\" content=\"@925forever\" \/>\n<meta name=\"twitter:label1\" content=\"Escrito por\" \/>\n\t<meta name=\"twitter:data1\" content=\"Ricardo Rodriguez\" \/>\n\t<meta name=\"twitter:label2\" content=\"Tiempo de lectura\" \/>\n\t<meta name=\"twitter:data2\" content=\"4 minutos\" \/>\n<script type=\"application\/ld+json\" class=\"yoast-schema-graph\">{\"@context\":\"https:\\\/\\\/schema.org\",\"@graph\":[{\"@type\":\"Article\",\"@id\":\"https:\\\/\\\/foreverfutbol.com.ec\\\/radio\\\/internacional\\\/rusia-y-ucrania-avalan-intercambio-de-rehenes-pero-sin-acuerdo-de-paz\\\/#article\",\"isPartOf\":{\"@id\":\"https:\\\/\\\/foreverfutbol.com.ec\\\/radio\\\/internacional\\\/rusia-y-ucrania-avalan-intercambio-de-rehenes-pero-sin-acuerdo-de-paz\\\/\"},\"author\":{\"name\":\"Ricardo Rodriguez\",\"@id\":\"https:\\\/\\\/foreverfutbol.com.ec\\\/radio\\\/#\\\/schema\\\/person\\\/2f679dd16f889ac00df6e7b648062a01\"},\"headline\":\"Rusia y Ucrania avalan intercambio de rehenes\",\"datePublished\":\"2025-06-01T20:34:29+00:00\",\"dateModified\":\"2026-05-11T20:40:46+00:00\",\"mainEntityOfPage\":{\"@id\":\"https:\\\/\\\/foreverfutbol.com.ec\\\/radio\\\/internacional\\\/rusia-y-ucrania-avalan-intercambio-de-rehenes-pero-sin-acuerdo-de-paz\\\/\"},\"wordCount\":934,\"commentCount\":0,\"publisher\":{\"@id\":\"https:\\\/\\\/foreverfutbol.com.ec\\\/radio\\\/#organization\"},\"image\":{\"@id\":\"https:\\\/\\\/foreverfutbol.com.ec\\\/radio\\\/internacional\\\/rusia-y-ucrania-avalan-intercambio-de-rehenes-pero-sin-acuerdo-de-paz\\\/#primaryimage\"},\"thumbnailUrl\":\"https:\\\/\\\/foreverfutbol.com.ec\\\/radio\\\/wp-content\\\/uploads\\\/2025\\\/06\\\/image-406.webp\",\"articleSection\":[\"Internacional\",\"Ucrania\"],\"inLanguage\":\"es\",\"potentialAction\":[{\"@type\":\"CommentAction\",\"name\":\"Comment\",\"target\":[\"https:\\\/\\\/foreverfutbol.com.ec\\\/radio\\\/internacional\\\/rusia-y-ucrania-avalan-intercambio-de-rehenes-pero-sin-acuerdo-de-paz\\\/#respond\"]}]},{\"@type\":\"WebPage\",\"@id\":\"https:\\\/\\\/foreverfutbol.com.ec\\\/radio\\\/internacional\\\/rusia-y-ucrania-avalan-intercambio-de-rehenes-pero-sin-acuerdo-de-paz\\\/\",\"url\":\"https:\\\/\\\/foreverfutbol.com.ec\\\/radio\\\/internacional\\\/rusia-y-ucrania-avalan-intercambio-de-rehenes-pero-sin-acuerdo-de-paz\\\/\",\"name\":\"Rusia y Ucrania avalan intercambio de rehenes - 92.5 FOREVER Radio\",\"isPartOf\":{\"@id\":\"https:\\\/\\\/foreverfutbol.com.ec\\\/radio\\\/#website\"},\"primaryImageOfPage\":{\"@id\":\"https:\\\/\\\/foreverfutbol.com.ec\\\/radio\\\/internacional\\\/rusia-y-ucrania-avalan-intercambio-de-rehenes-pero-sin-acuerdo-de-paz\\\/#primaryimage\"},\"image\":{\"@id\":\"https:\\\/\\\/foreverfutbol.com.ec\\\/radio\\\/internacional\\\/rusia-y-ucrania-avalan-intercambio-de-rehenes-pero-sin-acuerdo-de-paz\\\/#primaryimage\"},\"thumbnailUrl\":\"https:\\\/\\\/foreverfutbol.com.ec\\\/radio\\\/wp-content\\\/uploads\\\/2025\\\/06\\\/image-406.webp\",\"datePublished\":\"2025-06-01T20:34:29+00:00\",\"dateModified\":\"2026-05-11T20:40:46+00:00\",\"description\":\"Rusia y Ucrania reanudan negociaciones en Estambul con un acuerdo para el intercambio de prisioneros, pero sin avances en un tratado de paz.\",\"breadcrumb\":{\"@id\":\"https:\\\/\\\/foreverfutbol.com.ec\\\/radio\\\/internacional\\\/rusia-y-ucrania-avalan-intercambio-de-rehenes-pero-sin-acuerdo-de-paz\\\/#breadcrumb\"},\"inLanguage\":\"es\",\"potentialAction\":[{\"@type\":\"ReadAction\",\"target\":[\"https:\\\/\\\/foreverfutbol.com.ec\\\/radio\\\/internacional\\\/rusia-y-ucrania-avalan-intercambio-de-rehenes-pero-sin-acuerdo-de-paz\\\/\"]}]},{\"@type\":\"ImageObject\",\"inLanguage\":\"es\",\"@id\":\"https:\\\/\\\/foreverfutbol.com.ec\\\/radio\\\/internacional\\\/rusia-y-ucrania-avalan-intercambio-de-rehenes-pero-sin-acuerdo-de-paz\\\/#primaryimage\",\"url\":\"https:\\\/\\\/foreverfutbol.com.ec\\\/radio\\\/wp-content\\\/uploads\\\/2025\\\/06\\\/image-406.webp\",\"contentUrl\":\"https:\\\/\\\/foreverfutbol.com.ec\\\/radio\\\/wp-content\\\/uploads\\\/2025\\\/06\\\/image-406.webp\",\"width\":1944,\"height\":1093,\"caption\":\"Rusia y Ucrania avalan intercambio de rehenes\"},{\"@type\":\"BreadcrumbList\",\"@id\":\"https:\\\/\\\/foreverfutbol.com.ec\\\/radio\\\/internacional\\\/rusia-y-ucrania-avalan-intercambio-de-rehenes-pero-sin-acuerdo-de-paz\\\/#breadcrumb\",\"itemListElement\":[{\"@type\":\"ListItem\",\"position\":1,\"name\":\"Portada\",\"item\":\"https:\\\/\\\/foreverfutbol.com.ec\\\/radio\\\/\"},{\"@type\":\"ListItem\",\"position\":2,\"name\":\"Rusia y Ucrania avalan intercambio de rehenes\"}]},{\"@type\":\"WebSite\",\"@id\":\"https:\\\/\\\/foreverfutbol.com.ec\\\/radio\\\/#website\",\"url\":\"https:\\\/\\\/foreverfutbol.com.ec\\\/radio\\\/\",\"name\":\"92.5 FOREVER Radio\",\"description\":\"\",\"publisher\":{\"@id\":\"https:\\\/\\\/foreverfutbol.com.ec\\\/radio\\\/#organization\"},\"potentialAction\":[{\"@type\":\"SearchAction\",\"target\":{\"@type\":\"EntryPoint\",\"urlTemplate\":\"https:\\\/\\\/foreverfutbol.com.ec\\\/radio\\\/?s={search_term_string}\"},\"query-input\":{\"@type\":\"PropertyValueSpecification\",\"valueRequired\":true,\"valueName\":\"search_term_string\"}}],\"inLanguage\":\"es\"},{\"@type\":\"Organization\",\"@id\":\"https:\\\/\\\/foreverfutbol.com.ec\\\/radio\\\/#organization\",\"name\":\"92.5 FOREVER Radio\",\"url\":\"https:\\\/\\\/foreverfutbol.com.ec\\\/radio\\\/\",\"logo\":{\"@type\":\"ImageObject\",\"inLanguage\":\"es\",\"@id\":\"https:\\\/\\\/foreverfutbol.com.ec\\\/radio\\\/#\\\/schema\\\/logo\\\/image\\\/\",\"url\":\"https:\\\/\\\/foreverfutbol.com.ec\\\/radio\\\/wp-content\\\/uploads\\\/2024\\\/01\\\/cropped-logo-forever.png\",\"contentUrl\":\"https:\\\/\\\/foreverfutbol.com.ec\\\/radio\\\/wp-content\\\/uploads\\\/2024\\\/01\\\/cropped-logo-forever.png\",\"width\":180,\"height\":154,\"caption\":\"92.5 FOREVER Radio\"},\"image\":{\"@id\":\"https:\\\/\\\/foreverfutbol.com.ec\\\/radio\\\/#\\\/schema\\\/logo\\\/image\\\/\"},\"sameAs\":[\"https:\\\/\\\/www.facebook.com\\\/profile.php?id=100063550693491\",\"https:\\\/\\\/x.com\\\/925forever\",\"https:\\\/\\\/www.instagram.com\\\/radioforever925\\\/\"]},{\"@type\":\"Person\",\"@id\":\"https:\\\/\\\/foreverfutbol.com.ec\\\/radio\\\/#\\\/schema\\\/person\\\/2f679dd16f889ac00df6e7b648062a01\",\"name\":\"Ricardo Rodriguez\",\"image\":{\"@type\":\"ImageObject\",\"inLanguage\":\"es\",\"@id\":\"https:\\\/\\\/secure.gravatar.com\\\/avatar\\\/5d9dfb95700bd0c503ed088d29de94822b5cc66a74cb0362774e6fc534823d07?s=96&d=mm&r=g\",\"url\":\"https:\\\/\\\/secure.gravatar.com\\\/avatar\\\/5d9dfb95700bd0c503ed088d29de94822b5cc66a74cb0362774e6fc534823d07?s=96&d=mm&r=g\",\"contentUrl\":\"https:\\\/\\\/secure.gravatar.com\\\/avatar\\\/5d9dfb95700bd0c503ed088d29de94822b5cc66a74cb0362774e6fc534823d07?s=96&d=mm&r=g\",\"caption\":\"Ricardo Rodriguez\"},\"sameAs\":[\"https:\\\/\\\/foreverfutbol.com.ec\\\/radio\"],\"url\":\"https:\\\/\\\/foreverfutbol.com.ec\\\/radio\\\/author\\\/superdmin\\\/\"}]}<\/script>\n<!-- \/ Yoast SEO plugin. -->","yoast_head_json":{"title":"Rusia y Ucrania avalan intercambio de rehenes - 92.5 FOREVER Radio","description":"Rusia y Ucrania reanudan negociaciones en Estambul con un acuerdo para el intercambio de prisioneros, pero sin avances en un tratado de paz.","robots":{"index":"index","follow":"follow","max-snippet":"max-snippet:-1","max-image-preview":"max-image-preview:large","max-video-preview":"max-video-preview:-1"},"canonical":"https:\/\/foreverfutbol.com.ec\/radio\/internacional\/rusia-y-ucrania-avalan-intercambio-de-rehenes-pero-sin-acuerdo-de-paz\/","og_locale":"es_ES","og_type":"article","og_title":"Rusia y Ucrania avalan intercambio de rehenes - 92.5 FOREVER Radio","og_description":"Rusia y Ucrania reanudan negociaciones en Estambul con un acuerdo para el intercambio de prisioneros, pero sin avances en un tratado de paz.","og_url":"https:\/\/foreverfutbol.com.ec\/radio\/internacional\/rusia-y-ucrania-avalan-intercambio-de-rehenes-pero-sin-acuerdo-de-paz\/","og_site_name":"92.5 FOREVER Radio","article_publisher":"https:\/\/www.facebook.com\/profile.php?id=100063550693491","article_published_time":"2025-06-01T20:34:29+00:00","article_modified_time":"2026-05-11T20:40:46+00:00","og_image":[{"width":1944,"height":1093,"url":"https:\/\/foreverfutbol.com.ec\/radio\/wp-content\/uploads\/2025\/06\/image-406.webp","type":"image\/webp"}],"author":"Ricardo Rodriguez","twitter_card":"summary_large_image","twitter_creator":"@925forever","twitter_site":"@925forever","twitter_misc":{"Escrito por":"Ricardo Rodriguez","Tiempo de lectura":"4 minutos"},"schema":{"@context":"https:\/\/schema.org","@graph":[{"@type":"Article","@id":"https:\/\/foreverfutbol.com.ec\/radio\/internacional\/rusia-y-ucrania-avalan-intercambio-de-rehenes-pero-sin-acuerdo-de-paz\/#article","isPartOf":{"@id":"https:\/\/foreverfutbol.com.ec\/radio\/internacional\/rusia-y-ucrania-avalan-intercambio-de-rehenes-pero-sin-acuerdo-de-paz\/"},"author":{"name":"Ricardo Rodriguez","@id":"https:\/\/foreverfutbol.com.ec\/radio\/#\/schema\/person\/2f679dd16f889ac00df6e7b648062a01"},"headline":"Rusia y Ucrania avalan intercambio de rehenes","datePublished":"2025-06-01T20:34:29+00:00","dateModified":"2026-05-11T20:40:46+00:00","mainEntityOfPage":{"@id":"https:\/\/foreverfutbol.com.ec\/radio\/internacional\/rusia-y-ucrania-avalan-intercambio-de-rehenes-pero-sin-acuerdo-de-paz\/"},"wordCount":934,"commentCount":0,"publisher":{"@id":"https:\/\/foreverfutbol.com.ec\/radio\/#organization"},"image":{"@id":"https:\/\/foreverfutbol.com.ec\/radio\/internacional\/rusia-y-ucrania-avalan-intercambio-de-rehenes-pero-sin-acuerdo-de-paz\/#primaryimage"},"thumbnailUrl":"https:\/\/foreverfutbol.com.ec\/radio\/wp-content\/uploads\/2025\/06\/image-406.webp","articleSection":["Internacional","Ucrania"],"inLanguage":"es","potentialAction":[{"@type":"CommentAction","name":"Comment","target":["https:\/\/foreverfutbol.com.ec\/radio\/internacional\/rusia-y-ucrania-avalan-intercambio-de-rehenes-pero-sin-acuerdo-de-paz\/#respond"]}]},{"@type":"WebPage","@id":"https:\/\/foreverfutbol.com.ec\/radio\/internacional\/rusia-y-ucrania-avalan-intercambio-de-rehenes-pero-sin-acuerdo-de-paz\/","url":"https:\/\/foreverfutbol.com.ec\/radio\/internacional\/rusia-y-ucrania-avalan-intercambio-de-rehenes-pero-sin-acuerdo-de-paz\/","name":"Rusia y Ucrania avalan intercambio de rehenes - 92.5 FOREVER Radio","isPartOf":{"@id":"https:\/\/foreverfutbol.com.ec\/radio\/#website"},"primaryImageOfPage":{"@id":"https:\/\/foreverfutbol.com.ec\/radio\/internacional\/rusia-y-ucrania-avalan-intercambio-de-rehenes-pero-sin-acuerdo-de-paz\/#primaryimage"},"image":{"@id":"https:\/\/foreverfutbol.com.ec\/radio\/internacional\/rusia-y-ucrania-avalan-intercambio-de-rehenes-pero-sin-acuerdo-de-paz\/#primaryimage"},"thumbnailUrl":"https:\/\/foreverfutbol.com.ec\/radio\/wp-content\/uploads\/2025\/06\/image-406.webp","datePublished":"2025-06-01T20:34:29+00:00","dateModified":"2026-05-11T20:40:46+00:00","description":"Rusia y Ucrania reanudan negociaciones en Estambul con un acuerdo para el intercambio de prisioneros, pero sin avances en un tratado de paz.","breadcrumb":{"@id":"https:\/\/foreverfutbol.com.ec\/radio\/internacional\/rusia-y-ucrania-avalan-intercambio-de-rehenes-pero-sin-acuerdo-de-paz\/#breadcrumb"},"inLanguage":"es","potentialAction":[{"@type":"ReadAction","target":["https:\/\/foreverfutbol.com.ec\/radio\/internacional\/rusia-y-ucrania-avalan-intercambio-de-rehenes-pero-sin-acuerdo-de-paz\/"]}]},{"@type":"ImageObject","inLanguage":"es","@id":"https:\/\/foreverfutbol.com.ec\/radio\/internacional\/rusia-y-ucrania-avalan-intercambio-de-rehenes-pero-sin-acuerdo-de-paz\/#primaryimage","url":"https:\/\/foreverfutbol.com.ec\/radio\/wp-content\/uploads\/2025\/06\/image-406.webp","contentUrl":"https:\/\/foreverfutbol.com.ec\/radio\/wp-content\/uploads\/2025\/06\/image-406.webp","width":1944,"height":1093,"caption":"Rusia y Ucrania avalan intercambio de rehenes"},{"@type":"BreadcrumbList","@id":"https:\/\/foreverfutbol.com.ec\/radio\/internacional\/rusia-y-ucrania-avalan-intercambio-de-rehenes-pero-sin-acuerdo-de-paz\/#breadcrumb","itemListElement":[{"@type":"ListItem","position":1,"name":"Portada","item":"https:\/\/foreverfutbol.com.ec\/radio\/"},{"@type":"ListItem","position":2,"name":"Rusia y Ucrania avalan intercambio de rehenes"}]},{"@type":"WebSite","@id":"https:\/\/foreverfutbol.com.ec\/radio\/#website","url":"https:\/\/foreverfutbol.com.ec\/radio\/","name":"92.5 FOREVER Radio","description":"","publisher":{"@id":"https:\/\/foreverfutbol.com.ec\/radio\/#organization"},"potentialAction":[{"@type":"SearchAction","target":{"@type":"EntryPoint","urlTemplate":"https:\/\/foreverfutbol.com.ec\/radio\/?s={search_term_string}"},"query-input":{"@type":"PropertyValueSpecification","valueRequired":true,"valueName":"search_term_string"}}],"inLanguage":"es"},{"@type":"Organization","@id":"https:\/\/foreverfutbol.com.ec\/radio\/#organization","name":"92.5 FOREVER Radio","url":"https:\/\/foreverfutbol.com.ec\/radio\/","logo":{"@type":"ImageObject","inLanguage":"es","@id":"https:\/\/foreverfutbol.com.ec\/radio\/#\/schema\/logo\/image\/","url":"https:\/\/foreverfutbol.com.ec\/radio\/wp-content\/uploads\/2024\/01\/cropped-logo-forever.png","contentUrl":"https:\/\/foreverfutbol.com.ec\/radio\/wp-content\/uploads\/2024\/01\/cropped-logo-forever.png","width":180,"height":154,"caption":"92.5 FOREVER Radio"},"image":{"@id":"https:\/\/foreverfutbol.com.ec\/radio\/#\/schema\/logo\/image\/"},"sameAs":["https:\/\/www.facebook.com\/profile.php?id=100063550693491","https:\/\/x.com\/925forever","https:\/\/www.instagram.com\/radioforever925\/"]},{"@type":"Person","@id":"https:\/\/foreverfutbol.com.ec\/radio\/#\/schema\/person\/2f679dd16f889ac00df6e7b648062a01","name":"Ricardo Rodriguez","image":{"@type":"ImageObject","inLanguage":"es","@id":"https:\/\/secure.gravatar.com\/avatar\/5d9dfb95700bd0c503ed088d29de94822b5cc66a74cb0362774e6fc534823d07?s=96&d=mm&r=g","url":"https:\/\/secure.gravatar.com\/avatar\/5d9dfb95700bd0c503ed088d29de94822b5cc66a74cb0362774e6fc534823d07?s=96&d=mm&r=g","contentUrl":"https:\/\/secure.gravatar.com\/avatar\/5d9dfb95700bd0c503ed088d29de94822b5cc66a74cb0362774e6fc534823d07?s=96&d=mm&r=g","caption":"Ricardo Rodriguez"},"sameAs":["https:\/\/foreverfutbol.com.ec\/radio"],"url":"https:\/\/foreverfutbol.com.ec\/radio\/author\/superdmin\/"}]}},"_links":{"self":[{"href":"https:\/\/foreverfutbol.com.ec\/radio\/wp-json\/wp\/v2\/posts\/16358","targetHints":{"allow":["GET"]}}],"collection":[{"href":"https:\/\/foreverfutbol.com.ec\/radio\/wp-json\/wp\/v2\/posts"}],"about":[{"href":"https:\/\/foreverfutbol.com.ec\/radio\/wp-json\/wp\/v2\/types\/post"}],"author":[{"embeddable":true,"href":"https:\/\/foreverfutbol.com.ec\/radio\/wp-json\/wp\/v2\/users\/1"}],"replies":[{"embeddable":true,"href":"https:\/\/foreverfutbol.com.ec\/radio\/wp-json\/wp\/v2\/comments?post=16358"}],"version-history":[{"count":1,"href":"https:\/\/foreverfutbol.com.ec\/radio\/wp-json\/wp\/v2\/posts\/16358\/revisions"}],"predecessor-version":[{"id":16360,"href":"https:\/\/foreverfutbol.com.ec\/radio\/wp-json\/wp\/v2\/posts\/16358\/revisions\/16360"}],"wp:featuredmedia":[{"embeddable":true,"href":"https:\/\/foreverfutbol.com.ec\/radio\/wp-json\/wp\/v2\/media\/16359"}],"wp:attachment":[{"href":"https:\/\/foreverfutbol.com.ec\/radio\/wp-json\/wp\/v2\/media?parent=16358"}],"wp:term":[{"taxonomy":"category","embeddable":true,"href":"https:\/\/foreverfutbol.com.ec\/radio\/wp-json\/wp\/v2\/categories?post=16358"},{"taxonomy":"post_tag","embeddable":true,"href":"https:\/\/foreverfutbol.com.ec\/radio\/wp-json\/wp\/v2\/tags?post=16358"}],"curies":[{"name":"wp","href":"https:\/\/api.w.org\/{rel}","templated":true}]}}